{"id":9992,"date":"2021-04-29T10:38:55","date_gmt":"2021-04-29T08:38:55","guid":{"rendered":"https:\/\/lo6.szczecin.pl\/?p=9992"},"modified":"2021-05-04T10:53:27","modified_gmt":"2021-05-04T08:53:27","slug":"ukonczenie-szkoly-przez-uczniow-klas-iii","status":"publish","type":"post","link":"https:\/\/lo6.szczecin.pl\/index.php\/2021\/04\/29\/ukonczenie-szkoly-przez-uczniow-klas-iii\/","title":{"rendered":"Uko\u0144czenie Szko\u0142y przez uczni\u00f3w klas III"},"content":{"rendered":"<p style=\"padding-left: 40px; text-align: center;\"><iframe loading=\"lazy\" src=\"\/\/www.youtube.com\/embed\/RDzrf0dKZqE\" width=\"400\" height=\"224\" allowfullscreen=\"allowfullscreen\"><\/iframe><\/p>\n<p>&nbsp;<\/p>\n<p>&nbsp;<\/p>\n<p style=\"padding-left: 40px;\">Harmonogram zako\u0144czenia roku dla uczni\u00f3w klas III:<\/p>\n<ol>\n<li style=\"list-style-type: none;\">\n<ol>\n<li>godzina 9.30 &#8211; uroczyste wr\u0119czenie medali, nagr\u00f3d, list\u00f3w gratulacyjnych i \u015bwiadectw z wyr\u00f3\u017cnieniem w sali gimnastyczne VI LO, przy ul. Jagiello\u0144skiej 61<\/li>\n<li>godzina 11.30 &#8211; wr\u0119czanie \u015bwiadectw uko\u0144czenia szko\u0142y przez wychowawc\u00f3w:<\/li>\n<\/ol>\n<\/li>\n<\/ol>\n<table style=\"width: 910.8px; margin-left: 40px;\" border=\"1\">\n<tbody>\n<tr>\n<td style=\"padding-left: 40px; text-align: center; width: 95.4px;\"><strong>Klasa<\/strong><\/td>\n<td style=\"padding-left: 40px; text-align: center; width: 216.2px;\"><strong>Miejsce<\/strong><\/td>\n<td style=\"padding-left: 40px; text-align: center; width: 321.8px;\"><strong>Wychowawca<\/strong><\/td>\n<\/tr>\n<tr style=\"padding-left: 40px;\">\n<td style=\"padding-left: 40px; width: 95.4px;\">\n<p style=\"padding-left: 40px;\">3 A<\/p>\n<\/td>\n<td style=\"padding-left: 40px; width: 216.2px;\">ma\u0142a sala gimnastyczna (z lustrami)<\/td>\n<td style=\"padding-left: 40px; width: 321.8px;\">\n<p style=\"padding-left: 40px;\">Agnieszka Jelonek-Pawlik<\/p>\n<\/td>\n<\/tr>\n<tr style=\"padding-left: 40px;\">\n<td style=\"padding-left: 40px; width: 95.4px;\">\n<p style=\"padding-left: 40px;\">3 B<\/p>\n<\/td>\n<td style=\"padding-left: 40px; width: 216.2px;\">sala 24<\/td>\n<td style=\"padding-left: 40px; width: 321.8px;\">\n<p style=\"padding-left: 40px;\">Monika Kulasiewicz-Drula<\/p>\n<\/td>\n<\/tr>\n<tr style=\"padding-left: 40px;\">\n<td style=\"padding-left: 40px; width: 95.4px;\">\n<p style=\"padding-left: 40px;\">3 C<\/p>\n<\/td>\n<td style=\"padding-left: 40px; width: 216.2px;\">sala 1b<\/td>\n<td style=\"padding-left: 40px; width: 321.8px;\">\n<p style=\"padding-left: 40px;\">Magdalena Falkowska-Kleszcz<\/p>\n<\/td>\n<\/tr>\n<tr style=\"padding-left: 40px;\">\n<td style=\"padding-left: 40px; width: 95.4px;\">\n<p style=\"padding-left: 40px;\">3 D<\/p>\n<\/td>\n<td style=\"padding-left: 40px; width: 216.2px;\">sala 25<\/td>\n<td style=\"padding-left: 40px; width: 321.8px;\">\n<p style=\"padding-left: 40px;\">Lilianna Kitzman<\/p>\n<\/td>\n<\/tr>\n<\/tbody>\n<\/table>\n<p>&nbsp;<\/p>\n<p style=\"padding-left: 40px;\">Bezpo\u015bredni lik do transmisji <a href=\"https:\/\/youtu.be\/x-XsNtYvXaU\">https:\/\/youtu.be\/x-XsNtYvXaU<\/a><\/p>\n","protected":false},"excerpt":{"rendered":"<p>&nbsp; &nbsp; Harmonogram zako\u0144czenia roku dla uczni\u00f3w klas III: godzina 9.30 &#8211; uroczyste wr\u0119czenie medali, nagr\u00f3d, list\u00f3w gratulacyjnych i \u015bwiadectw z wyr\u00f3\u017cnieniem w sali gimnastyczne VI LO, przy ul. Jagiello\u0144skiej 61 godzina 11.30 &#8211; wr\u0119czanie \u015bwiadectw uko\u0144czenia szko\u0142y przez wychowawc\u00f3w: Klasa Miejsce Wychowawca 3 A ma\u0142a sala gimnastyczna (z lustrami) Agnieszka Jelonek-Pawlik 3 B sala&#8230;<\/p>\n","protected":false},"author":4,"featured_media":9993,"comment_status":"closed","ping_status":"closed","sticky":false,"template":"","format":"standard","meta":{"_acf_changed":false,"_s2mail":"","footnotes":""},"categories":[1],"tags":[],"class_list":["post-9992","post","type-post","status-publish","format-standard","has-post-thumbnail","hentry","category-bez-kategorii"],"acf":[],"_links":{"self":[{"href":"https:\/\/lo6.szczecin.pl\/index.php\/wp-json\/wp\/v2\/posts\/9992","targetHints":{"allow":["GET"]}}],"collection":[{"href":"https:\/\/lo6.szczecin.pl\/index.php\/wp-json\/wp\/v2\/posts"}],"about":[{"href":"https:\/\/lo6.szczecin.pl\/index.php\/wp-json\/wp\/v2\/types\/post"}],"author":[{"embeddable":true,"href":"https:\/\/lo6.szczecin.pl\/index.php\/wp-json\/wp\/v2\/users\/4"}],"replies":[{"embeddable":true,"href":"https:\/\/lo6.szczecin.pl\/index.php\/wp-json\/wp\/v2\/comments?post=9992"}],"version-history":[{"count":8,"href":"https:\/\/lo6.szczecin.pl\/index.php\/wp-json\/wp\/v2\/posts\/9992\/revisions"}],"predecessor-version":[{"id":10013,"href":"https:\/\/lo6.szczecin.pl\/index.php\/wp-json\/wp\/v2\/posts\/9992\/revisions\/10013"}],"wp:featuredmedia":[{"embeddable":true,"href":"https:\/\/lo6.szczecin.pl\/index.php\/wp-json\/wp\/v2\/media\/9993"}],"wp:attachment":[{"href":"https:\/\/lo6.szczecin.pl\/index.php\/wp-json\/wp\/v2\/media?parent=9992"}],"wp:term":[{"taxonomy":"category","embeddable":true,"href":"https:\/\/lo6.szczecin.pl\/index.php\/wp-json\/wp\/v2\/categories?post=9992"},{"taxonomy":"post_tag","embeddable":true,"href":"https:\/\/lo6.szczecin.pl\/index.php\/wp-json\/wp\/v2\/tags?post=9992"}],"curies":[{"name":"wp","href":"https:\/\/api.w.org\/{rel}","templated":true}]}}