{"id":9987,"date":"2021-04-29T08:54:09","date_gmt":"2021-04-29T06:54:09","guid":{"rendered":"https:\/\/lo6.szczecin.pl\/?p=9987"},"modified":"2021-04-29T08:54:09","modified_gmt":"2021-04-29T06:54:09","slug":"procedury-bezpieczenstwa-na-czas-egzaminow-maturalnych","status":"publish","type":"post","link":"https:\/\/lo6.szczecin.pl\/index.php\/2021\/04\/29\/procedury-bezpieczenstwa-na-czas-egzaminow-maturalnych\/","title":{"rendered":"Procedury bezpiecze\u0144stwa na czas egzamin\u00f3w maturalnych"},"content":{"rendered":"<p style=\"padding-left: 40px;\">Zapraszamy wszystkich tegorocznych maturzyst\u00f3w do zapoznania si\u0119 z dwoma dokumentami dotycz\u0105cymi bezpiecznej organizacji i przeprowadzenia egzamin\u00f3w maturalnych w dniach 04-19.05.2021 r.:<\/p>\n<p style=\"padding-left: 40px;\">\n<ol>\n<li style=\"list-style-type: none;\">\n<ol>\n<li><a href=\"https:\/\/lo6.szczecin.pl\/wp-content\/uploads\/2021\/04\/Procedury-porzadkowe-egzamin-maturalny-2021.pdf\">Procedury bezpiecze\u0144stwa na czas egzamin\u00f3w maturalnych w VI LO w Szczecinie\u00a0<\/a><\/li>\n<li><a href=\"https:\/\/lo6.szczecin.pl\/wp-content\/uploads\/2021\/04\/Wytyczne-sanitarne-EM-2021-VI-LO.pdf\">Wytyczne dotycz\u0105ce organizowania i przeprowadzania w 2021 r. egzaminu maturalnego (EM) ? VI LO w Szczecinie<\/a><\/li>\n<\/ol>\n<\/li>\n<\/ol>\n","protected":false},"excerpt":{"rendered":"<p>Zapraszamy wszystkich tegorocznych maturzyst\u00f3w do zapoznania si\u0119 z dwoma dokumentami dotycz\u0105cymi bezpiecznej organizacji i przeprowadzenia egzamin\u00f3w maturalnych w dniach 04-19.05.2021 r.: Procedury bezpiecze\u0144stwa na czas egzamin\u00f3w maturalnych w VI LO w Szczecinie\u00a0 Wytyczne dotycz\u0105ce organizowania i przeprowadzania w 2021 r. egzaminu maturalnego (EM) ? VI LO w Szczecinie<\/p>\n","protected":false},"author":4,"featured_media":8905,"comment_status":"closed","ping_status":"closed","sticky":false,"template":"","format":"gallery","meta":{"_acf_changed":false,"_s2mail":"","footnotes":""},"categories":[1],"tags":[],"class_list":["post-9987","post","type-post","status-publish","format-gallery","has-post-thumbnail","hentry","category-bez-kategorii","post_format-post-format-gallery"],"acf":[],"_links":{"self":[{"href":"https:\/\/lo6.szczecin.pl\/index.php\/wp-json\/wp\/v2\/posts\/9987","targetHints":{"allow":["GET"]}}],"collection":[{"href":"https:\/\/lo6.szczecin.pl\/index.php\/wp-json\/wp\/v2\/posts"}],"about":[{"href":"https:\/\/lo6.szczecin.pl\/index.php\/wp-json\/wp\/v2\/types\/post"}],"author":[{"embeddable":true,"href":"https:\/\/lo6.szczecin.pl\/index.php\/wp-json\/wp\/v2\/users\/4"}],"replies":[{"embeddable":true,"href":"https:\/\/lo6.szczecin.pl\/index.php\/wp-json\/wp\/v2\/comments?post=9987"}],"version-history":[{"count":1,"href":"https:\/\/lo6.szczecin.pl\/index.php\/wp-json\/wp\/v2\/posts\/9987\/revisions"}],"predecessor-version":[{"id":9990,"href":"https:\/\/lo6.szczecin.pl\/index.php\/wp-json\/wp\/v2\/posts\/9987\/revisions\/9990"}],"wp:featuredmedia":[{"embeddable":true,"href":"https:\/\/lo6.szczecin.pl\/index.php\/wp-json\/wp\/v2\/media\/8905"}],"wp:attachment":[{"href":"https:\/\/lo6.szczecin.pl\/index.php\/wp-json\/wp\/v2\/media?parent=9987"}],"wp:term":[{"taxonomy":"category","embeddable":true,"href":"https:\/\/lo6.szczecin.pl\/index.php\/wp-json\/wp\/v2\/categories?post=9987"},{"taxonomy":"post_tag","embeddable":true,"href":"https:\/\/lo6.szczecin.pl\/index.php\/wp-json\/wp\/v2\/tags?post=9987"}],"curies":[{"name":"wp","href":"https:\/\/api.w.org\/{rel}","templated":true}]}}