{"id":9977,"date":"2021-04-23T10:00:34","date_gmt":"2021-04-23T08:00:34","guid":{"rendered":"https:\/\/lo6.szczecin.pl\/?p=9977"},"modified":"2021-04-23T10:07:56","modified_gmt":"2021-04-23T08:07:56","slug":"dzien-ziemi","status":"publish","type":"post","link":"https:\/\/lo6.szczecin.pl\/index.php\/2021\/04\/23\/dzien-ziemi\/","title":{"rendered":"Dzie\u0144 Ziemi"},"content":{"rendered":"<p style=\"padding-left: 40px;\"><b>Dzie\u0144 Ziemi<\/b>, znany te\u017c jako <b>\u015awiatowy Dzie\u0144 Ziemi <\/b>lub <b>Mi\u0119dzynarodowy Dzie\u0144 Ziemi &#8211; <\/b>akcje prowadzone corocznie wiosn\u0105, kt\u00f3rych celem jest promowanie postaw proekologicznych w spo\u0142ecze\u0144stwie.<\/p>\n<p style=\"padding-left: 40px;\">Zapraszamy do zapoznania si\u0119 z prezentacj\u0105 uczennicy klasy 2a.<\/p>\n<p>&nbsp;<\/p>\n<p style=\"text-align: center;\"><iframe loading=\"lazy\" src=\"\/\/www.youtube.com\/embed\/h8wHJ9fCyME\" width=\"500\" height=\"280\" allowfullscreen=\"allowfullscreen\"><\/iframe><\/p>\n","protected":false},"excerpt":{"rendered":"<p>Dzie\u0144 Ziemi, znany te\u017c jako \u015awiatowy Dzie\u0144 Ziemi lub Mi\u0119dzynarodowy Dzie\u0144 Ziemi &#8211; akcje prowadzone corocznie wiosn\u0105, kt\u00f3rych celem jest promowanie postaw proekologicznych w spo\u0142ecze\u0144stwie. Zapraszamy do zapoznania si\u0119 z prezentacj\u0105 uczennicy klasy 2a. &nbsp;<\/p>\n","protected":false},"author":4,"featured_media":9980,"comment_status":"closed","ping_status":"closed","sticky":false,"template":"","format":"gallery","meta":{"_acf_changed":false,"_s2mail":"","footnotes":""},"categories":[1],"tags":[],"class_list":["post-9977","post","type-post","status-publish","format-gallery","has-post-thumbnail","hentry","category-bez-kategorii","post_format-post-format-gallery"],"acf":[],"_links":{"self":[{"href":"https:\/\/lo6.szczecin.pl\/index.php\/wp-json\/wp\/v2\/posts\/9977","targetHints":{"allow":["GET"]}}],"collection":[{"href":"https:\/\/lo6.szczecin.pl\/index.php\/wp-json\/wp\/v2\/posts"}],"about":[{"href":"https:\/\/lo6.szczecin.pl\/index.php\/wp-json\/wp\/v2\/types\/post"}],"author":[{"embeddable":true,"href":"https:\/\/lo6.szczecin.pl\/index.php\/wp-json\/wp\/v2\/users\/4"}],"replies":[{"embeddable":true,"href":"https:\/\/lo6.szczecin.pl\/index.php\/wp-json\/wp\/v2\/comments?post=9977"}],"version-history":[{"count":5,"href":"https:\/\/lo6.szczecin.pl\/index.php\/wp-json\/wp\/v2\/posts\/9977\/revisions"}],"predecessor-version":[{"id":9983,"href":"https:\/\/lo6.szczecin.pl\/index.php\/wp-json\/wp\/v2\/posts\/9977\/revisions\/9983"}],"wp:featuredmedia":[{"embeddable":true,"href":"https:\/\/lo6.szczecin.pl\/index.php\/wp-json\/wp\/v2\/media\/9980"}],"wp:attachment":[{"href":"https:\/\/lo6.szczecin.pl\/index.php\/wp-json\/wp\/v2\/media?parent=9977"}],"wp:term":[{"taxonomy":"category","embeddable":true,"href":"https:\/\/lo6.szczecin.pl\/index.php\/wp-json\/wp\/v2\/categories?post=9977"},{"taxonomy":"post_tag","embeddable":true,"href":"https:\/\/lo6.szczecin.pl\/index.php\/wp-json\/wp\/v2\/tags?post=9977"}],"curies":[{"name":"wp","href":"https:\/\/api.w.org\/{rel}","templated":true}]}}