{"id":9817,"date":"2021-03-21T14:57:56","date_gmt":"2021-03-21T13:57:56","guid":{"rendered":"https:\/\/lo6.szczecin.pl\/?p=9817"},"modified":"2021-03-21T15:04:22","modified_gmt":"2021-03-21T14:04:22","slug":"rozstrzygniecie-konkursu-fotograficznego","status":"publish","type":"post","link":"https:\/\/lo6.szczecin.pl\/index.php\/2021\/03\/21\/rozstrzygniecie-konkursu-fotograficznego\/","title":{"rendered":"Rozstrzygni\u0119cie konkursu fotograficznego"},"content":{"rendered":"<p style=\"padding-left: 40px;\">Drodzy uczniowie!<\/p>\n<p style=\"padding-left: 40px;\">Z przyjemno\u015bci\u0105 informujemy o rozstrzygni\u0119ciu konkurs fotograficzny: &#8220;A z mojego okna widz\u0119&#8221;.<\/p>\n<p style=\"padding-left: 40px;\">Poni\u017cej przedstawiamy dwie znakomite prace. Uznali\u015bmy, \u017ce oba zdj\u0119cia zas\u0142uguj\u0105 na szczeg\u00f3lne wyr\u00f3\u017cnienie, tym samym Rada Rodzic\u00f3w LO6 przyzna\u0142a r\u00f3wnorz\u0119dne nagrody dla:<\/p>\n<p style=\"padding-left: 40px;\"><strong>Lindy Szczepaniak<\/strong>, klasa 2GA &#8211; voucher o warto\u015bci <strong>500 z\u0142<\/strong> do sklepu sieci EMPIK. Druga nagroda trafia do <strong>J\u0119drzeja Kleszcza<\/strong> z \u00a0klasy 3D &#8211; voucher o warto\u015bci<strong> 500 z\u0142<\/strong> do sklepu sieci EMPIK.<\/p>\n<p style=\"padding-left: 40px;\">Serdecznie gratulujemy zwyci\u0119zcom i liczymy na udzia\u0142 w kolejnych konkursach.<\/p>\n<p style=\"padding-left: 40px;\">Przewodnicz\u0105cy Rady Rodzic\u00f3w<\/p>\n\n\t\t<style type=\"text\/css\">\n\t\t\t#gallery-1 {\n\t\t\t\tmargin: auto;\n\t\t\t}\n\t\t\t#gallery-1 .gallery-item {\n\t\t\t\tfloat: left;\n\t\t\t\tmargin-top: 10px;\n\t\t\t\ttext-align: center;\n\t\t\t\twidth: 33%;\n\t\t\t}\n\t\t\t#gallery-1 img {\n\t\t\t\tborder: 2px solid #cfcfcf;\n\t\t\t}\n\t\t\t#gallery-1 .gallery-caption {\n\t\t\t\tmargin-left: 0;\n\t\t\t}\n\t\t\t\/* see gallery_shortcode() in wp-includes\/media.php *\/\n\t\t<\/style>\n\t\t<div id='gallery-1' class='gallery galleryid-9817 gallery-columns-3 gallery-size-medium'><dl class='gallery-item'>\n\t\t\t<dt class='gallery-icon landscape'>\n\t\t\t\t<a href='https:\/\/lo6.szczecin.pl\/wp-content\/uploads\/2021\/03\/Linda_Szczepaniak_2GA.jpg'><img loading=\"lazy\" decoding=\"async\" width=\"300\" height=\"300\" src=\"https:\/\/lo6.szczecin.pl\/wp-content\/uploads\/2021\/03\/Linda_Szczepaniak_2GA-300x300.jpg\" class=\"attachment-medium size-medium\" alt=\"\" aria-describedby=\"gallery-1-9819\" srcset=\"https:\/\/lo6.szczecin.pl\/wp-content\/uploads\/2021\/03\/Linda_Szczepaniak_2GA-300x300.jpg 300w, https:\/\/lo6.szczecin.pl\/wp-content\/uploads\/2021\/03\/Linda_Szczepaniak_2GA-1024x1024.jpg 1024w, https:\/\/lo6.szczecin.pl\/wp-content\/uploads\/2021\/03\/Linda_Szczepaniak_2GA-150x150.jpg 150w, https:\/\/lo6.szczecin.pl\/wp-content\/uploads\/2021\/03\/Linda_Szczepaniak_2GA-768x768.jpg 768w, https:\/\/lo6.szczecin.pl\/wp-content\/uploads\/2021\/03\/Linda_Szczepaniak_2GA-1536x1536.jpg 1536w, https:\/\/lo6.szczecin.pl\/wp-content\/uploads\/2021\/03\/Linda_Szczepaniak_2GA-2048x2048.jpg 2048w\" sizes=\"auto, (max-width: 300px) 100vw, 300px\" \/><\/a>\n\t\t\t<\/dt>\n\t\t\t\t<dd class='wp-caption-text gallery-caption' id='gallery-1-9819'>\n\t\t\t\tautor: Linda Szczepaniak\n\t\t\t\t<\/dd><\/dl><dl class='gallery-item'>\n\t\t\t<dt class='gallery-icon portrait'>\n\t\t\t\t<a href='https:\/\/lo6.szczecin.pl\/wp-content\/uploads\/2021\/03\/jedrzej_kleszcz_3D-scaled.jpeg'><img loading=\"lazy\" decoding=\"async\" width=\"225\" height=\"300\" src=\"https:\/\/lo6.szczecin.pl\/wp-content\/uploads\/2021\/03\/jedrzej_kleszcz_3D-225x300.jpeg\" class=\"attachment-medium size-medium\" alt=\"\" aria-describedby=\"gallery-1-9818\" srcset=\"https:\/\/lo6.szczecin.pl\/wp-content\/uploads\/2021\/03\/jedrzej_kleszcz_3D-225x300.jpeg 225w, https:\/\/lo6.szczecin.pl\/wp-content\/uploads\/2021\/03\/jedrzej_kleszcz_3D-768x1024.jpeg 768w, https:\/\/lo6.szczecin.pl\/wp-content\/uploads\/2021\/03\/jedrzej_kleszcz_3D-1152x1536.jpeg 1152w, https:\/\/lo6.szczecin.pl\/wp-content\/uploads\/2021\/03\/jedrzej_kleszcz_3D-1536x2048.jpeg 1536w, https:\/\/lo6.szczecin.pl\/wp-content\/uploads\/2021\/03\/jedrzej_kleszcz_3D-1200x1600.jpeg 1200w, https:\/\/lo6.szczecin.pl\/wp-content\/uploads\/2021\/03\/jedrzej_kleszcz_3D-600x800.jpeg 600w, https:\/\/lo6.szczecin.pl\/wp-content\/uploads\/2021\/03\/jedrzej_kleszcz_3D-400x533.jpeg 400w, https:\/\/lo6.szczecin.pl\/wp-content\/uploads\/2021\/03\/jedrzej_kleszcz_3D-300x400.jpeg 300w, https:\/\/lo6.szczecin.pl\/wp-content\/uploads\/2021\/03\/jedrzej_kleszcz_3D-scaled.jpeg 1920w\" sizes=\"auto, (max-width: 225px) 100vw, 225px\" \/><\/a>\n\t\t\t<\/dt>\n\t\t\t\t<dd class='wp-caption-text gallery-caption' id='gallery-1-9818'>\n\t\t\t\tautor: J\u0119drzej Kleszcz\n\t\t\t\t<\/dd><\/dl>\n\t\t\t<br style='clear: both' \/>\n\t\t<\/div>\n\n<p style=\"padding-left: 40px;\">\n","protected":false},"excerpt":{"rendered":"<p>Drodzy uczniowie! Z przyjemno\u015bci\u0105 informujemy o rozstrzygni\u0119ciu konkurs fotograficzny: &#8220;A z mojego okna widz\u0119&#8221;. Poni\u017cej przedstawiamy dwie znakomite prace. Uznali\u015bmy, \u017ce oba zdj\u0119cia zas\u0142uguj\u0105 na szczeg\u00f3lne wyr\u00f3\u017cnienie, tym samym Rada Rodzic\u00f3w LO6 przyzna\u0142a r\u00f3wnorz\u0119dne nagrody dla: Lindy Szczepaniak, klasa 2GA &#8211; voucher o warto\u015bci 500 z\u0142 do sklepu sieci EMPIK. Druga nagroda trafia do J\u0119drzeja&#8230;<\/p>\n","protected":false},"author":3,"featured_media":9820,"comment_status":"closed","ping_status":"closed","sticky":false,"template":"","format":"standard","meta":{"_acf_changed":false,"_s2mail":"","footnotes":""},"categories":[1],"tags":[],"class_list":["post-9817","post","type-post","status-publish","format-standard","has-post-thumbnail","hentry","category-bez-kategorii"],"acf":[],"_links":{"self":[{"href":"https:\/\/lo6.szczecin.pl\/index.php\/wp-json\/wp\/v2\/posts\/9817","targetHints":{"allow":["GET"]}}],"collection":[{"href":"https:\/\/lo6.szczecin.pl\/index.php\/wp-json\/wp\/v2\/posts"}],"about":[{"href":"https:\/\/lo6.szczecin.pl\/index.php\/wp-json\/wp\/v2\/types\/post"}],"author":[{"embeddable":true,"href":"https:\/\/lo6.szczecin.pl\/index.php\/wp-json\/wp\/v2\/users\/3"}],"replies":[{"embeddable":true,"href":"https:\/\/lo6.szczecin.pl\/index.php\/wp-json\/wp\/v2\/comments?post=9817"}],"version-history":[{"count":8,"href":"https:\/\/lo6.szczecin.pl\/index.php\/wp-json\/wp\/v2\/posts\/9817\/revisions"}],"predecessor-version":[{"id":9828,"href":"https:\/\/lo6.szczecin.pl\/index.php\/wp-json\/wp\/v2\/posts\/9817\/revisions\/9828"}],"wp:featuredmedia":[{"embeddable":true,"href":"https:\/\/lo6.szczecin.pl\/index.php\/wp-json\/wp\/v2\/media\/9820"}],"wp:attachment":[{"href":"https:\/\/lo6.szczecin.pl\/index.php\/wp-json\/wp\/v2\/media?parent=9817"}],"wp:term":[{"taxonomy":"category","embeddable":true,"href":"https:\/\/lo6.szczecin.pl\/index.php\/wp-json\/wp\/v2\/categories?post=9817"},{"taxonomy":"post_tag","embeddable":true,"href":"https:\/\/lo6.szczecin.pl\/index.php\/wp-json\/wp\/v2\/tags?post=9817"}],"curies":[{"name":"wp","href":"https:\/\/api.w.org\/{rel}","templated":true}]}}