{"id":9803,"date":"2021-03-12T11:12:05","date_gmt":"2021-03-12T10:12:05","guid":{"rendered":"https:\/\/lo6.szczecin.pl\/?p=9803"},"modified":"2021-03-15T11:25:07","modified_gmt":"2021-03-15T10:25:07","slug":"zebrania-z-rodzicami-19","status":"publish","type":"post","link":"https:\/\/lo6.szczecin.pl\/index.php\/2021\/03\/12\/zebrania-z-rodzicami-19\/","title":{"rendered":"Zebrania z Rodzicami"},"content":{"rendered":"<p style=\"padding-left: 40px;\">Dnia 18 marca 2021 r. odb\u0119d\u0105 si\u0119 zdalne zebrania z Rodzicami.<\/p>\n<p style=\"padding-left: 40px;\"><strong>Godz. 17.00 dla rodzic\u00f3w uczni\u00f3w klas drugich<\/strong>: om\u00f3wienie post\u0119p\u00f3w w nauce, bie\u017c\u0105ca praca szko\u0142y,<\/p>\n<p style=\"padding-left: 40px;\"><strong>Godz. 18.00 dla rodzic\u00f3w uczni\u00f3w klas pierwszych<\/strong> om\u00f3wienie post\u0119p\u00f3w w nauce, bie\u017c\u0105ca praca szko\u0142y; <strong>i klas trzecich<\/strong> przewidywane oceny roczne (ko\u0144cowe) z przedmiot\u00f3w i zachowania, przygotowanie do egzaminu maturalnego 2021, bie\u017c\u0105ca praca szko\u0142y.<\/p>\n","protected":false},"excerpt":{"rendered":"<p>Dnia 18 marca 2021 r. odb\u0119d\u0105 si\u0119 zdalne zebrania z Rodzicami. Godz. 17.00 dla rodzic\u00f3w uczni\u00f3w klas drugich: om\u00f3wienie post\u0119p\u00f3w w nauce, bie\u017c\u0105ca praca szko\u0142y, Godz. 18.00 dla rodzic\u00f3w uczni\u00f3w klas pierwszych om\u00f3wienie post\u0119p\u00f3w w nauce, bie\u017c\u0105ca praca szko\u0142y; i klas trzecich przewidywane oceny roczne (ko\u0144cowe) z przedmiot\u00f3w i zachowania, przygotowanie do egzaminu maturalnego 2021,&#8230;<\/p>\n","protected":false},"author":4,"featured_media":0,"comment_status":"closed","ping_status":"closed","sticky":false,"template":"","format":"gallery","meta":{"_acf_changed":false,"_s2mail":"","footnotes":""},"categories":[1],"tags":[],"class_list":["post-9803","post","type-post","status-publish","format-gallery","hentry","category-bez-kategorii","post_format-post-format-gallery"],"acf":[],"_links":{"self":[{"href":"https:\/\/lo6.szczecin.pl\/index.php\/wp-json\/wp\/v2\/posts\/9803","targetHints":{"allow":["GET"]}}],"collection":[{"href":"https:\/\/lo6.szczecin.pl\/index.php\/wp-json\/wp\/v2\/posts"}],"about":[{"href":"https:\/\/lo6.szczecin.pl\/index.php\/wp-json\/wp\/v2\/types\/post"}],"author":[{"embeddable":true,"href":"https:\/\/lo6.szczecin.pl\/index.php\/wp-json\/wp\/v2\/users\/4"}],"replies":[{"embeddable":true,"href":"https:\/\/lo6.szczecin.pl\/index.php\/wp-json\/wp\/v2\/comments?post=9803"}],"version-history":[{"count":2,"href":"https:\/\/lo6.szczecin.pl\/index.php\/wp-json\/wp\/v2\/posts\/9803\/revisions"}],"predecessor-version":[{"id":9814,"href":"https:\/\/lo6.szczecin.pl\/index.php\/wp-json\/wp\/v2\/posts\/9803\/revisions\/9814"}],"wp:attachment":[{"href":"https:\/\/lo6.szczecin.pl\/index.php\/wp-json\/wp\/v2\/media?parent=9803"}],"wp:term":[{"taxonomy":"category","embeddable":true,"href":"https:\/\/lo6.szczecin.pl\/index.php\/wp-json\/wp\/v2\/categories?post=9803"},{"taxonomy":"post_tag","embeddable":true,"href":"https:\/\/lo6.szczecin.pl\/index.php\/wp-json\/wp\/v2\/tags?post=9803"}],"curies":[{"name":"wp","href":"https:\/\/api.w.org\/{rel}","templated":true}]}}