{"id":9778,"date":"2021-02-25T19:00:54","date_gmt":"2021-02-25T18:00:54","guid":{"rendered":"https:\/\/lo6.szczecin.pl\/?p=9778"},"modified":"2021-02-27T19:54:54","modified_gmt":"2021-02-27T18:54:54","slug":"9778","status":"publish","type":"post","link":"https:\/\/lo6.szczecin.pl\/index.php\/2021\/02\/25\/9778\/","title":{"rendered":"Arkadiusz Buszko &#8211; Wywiad"},"content":{"rendered":"<p style=\"padding-left: 40px;\"><strong><u>Arkadiusz Buszko &#8211; Wywiad<\/u><\/strong><\/p>\n<p style=\"padding-left: 40px;\">\n<p style=\"padding-left: 40px;\"><strong>Dziennikarz:<\/strong> Witam, nazywam si\u0119 Kajetan P\u0142onka. Na wst\u0119pie chcia\u0142bym pogratulowa\u0107 Panu zdobycia &#8220;Bursztynowego Pier\u015bcienia&#8221;. Nagrody, kt\u00f3rej, przypomn\u0119, by\u0142 Pan ju\u017c laureatem w 2000 roku&#8230; Wtedy &#8211; za wyre\u017cyserowanie spektaklu &#8220;Dziejba le\u015bna&#8221;, teraz zosta\u0142 Pan nominowany za\u00a0g\u0142\u00f3wn\u0105 rol\u0119 w zaskakuj\u0105cej sztuce\u00a0\u00a0\u00a0\u00a0\u00a0\u00a0 o cz\u0142owieku ow\u0142adni\u0119tym fanatyzmem, postaci autentycznej, Eligiuszu Niewiadomskim, czyli zab\u00f3jcy prezydenta, Gabriela Narutowicza. Jak postrzega Pan posta\u0107 Niewiadomskiego ?<\/p>\n<p style=\"padding-left: 40px;\">\n<p style=\"padding-left: 40px;\"><strong>Arkadiusz Buszko: <\/strong>Powiem Ci tak, to s\u0105 wyzwania aktorskie. Ja bym chcia\u0142, \u017ceby ka\u017cdy aktor zderzy\u0142 si\u0119\u00a0\u00a0 z\u00a0tak\u0105 form\u0105, jak\u0105 jest monodram. A tym bardziej z postaciami trudnymi, tragicznymi, demonicznymi i\u00a0maj\u0105cymi bardzo wiele do powiedzenia, nie tylko je\u015bli chodzi o polityk\u0119, ale te\u017c sztuk\u0119, poniewa\u017c je\u015bli kto\u015b nie wie, to by\u0142 profesor Akademii Sztuki. By\u0142 to cz\u0142owiek, kt\u00f3ry napisa\u0142 wiele ksi\u0105\u017cek o sztuce, almanach\u00f3w, dzie\u0142 historycznych, by\u0142 czynnym malarzem. Do tego jeszcze mia\u0142 swoje za uszami, je\u017celi chodzi o\u00a0niezrozumienie, niezgadzanie si\u0119 na rzeczywisto\u015b\u0107, kt\u00f3ra otacza\u0142a jego i jego bliskich. By\u0142 w tym wszystkim bardzo kategoryczny, co jak zauwa\u017cyli\u015bmy, sko\u0144czy\u0142o si\u0119, jak si\u0119 sko\u0144czy\u0142o&#8230; W spos\u00f3b tragiczny, czego by\u015bmy nikomu nie \u017cyczyli. Eligiusz by\u0142 swoich czyn\u00f3w bardzo pewien. Chcia\u0142 by\u0107 na pomnikach i\u00a0piedesta\u0142ach. Jednocze\u015bnie nie liczy\u0142 na to, \u017ce b\u0119dzie mia\u0142 obro\u0144c\u00f3w. Nie mia\u0142 obro\u0144c\u00f3w. On si\u0119 broni\u0142 sam. Nie potrzebowa\u0142 nikogo, nie interesowa\u0142o go nic, co by\u0142o zwi\u0105zane z tzw. ,,ratowaniem swojej sk\u00f3ry?. On &#8211; tak, jak sam m\u00f3wi\u0142- ratuje sk\u00f3r\u0119 Polski i Polak\u00f3w. Ka\u017cdy by tak zrobi\u0142, ka\u017cdy kto jest w tym narodzie, dba o\u00a0niego i chce walczy\u0107 o t\u0119 Polsk\u0119. Dlatego te\u017c tworz\u0105c t\u0119 rol\u0119 z Piotrem Ratajczakiem i Piotrem Nowickim, wsp\u00f3lnie zmagali\u015bmy si\u0119 wielopoziomowo, poniewa\u017c nie jest to jednowymiarowa posta\u0107 , np. tylko morderca albo tylko psychopata. Jest to posta\u0107, kt\u00f3ra bardzo dobrze wiedzia\u0142a, co czyni, czym si\u0119 posi\u0142kowa\u0142a i z czym si\u0119 nie zgadza\u0142a w owym czasie. Nie jest to m\u00f3j pierwszy monodram, ju\u017c dwa wcze\u015bniej zrobi\u0142em, ale tutaj wa\u017cko\u015b\u0107 tematu jest jeszcze bardziej pog\u0142\u0119biona. Trzeba by\u0142o dzia\u0142a\u0107 precyzyjniej i w mocnej strukturze, \u017ceby si\u0119 nie zap\u0119dzi\u0107 i nie p\u00f3j\u015b\u0107 za bardzo w prawicowo\u015b\u0107 lub\u00a0 w\u00a0lewicowo\u015b\u0107. No, niestety, ta posta\u0107 jest ceniona i\u00a0nienawidzona przez jednych i przez drugich. Ja\u00a0nie daj\u0119 w tym spektaklu \u017cadnych wyja\u015bnie\u0144. Otwieram Was na nas. Zmagajcie si\u0119 z tematem, b\u0105d\u017amy w tym razem i uwa\u017cajmy na takich ludzi.<\/p>\n<p style=\"padding-left: 40px;\">\n<p style=\"padding-left: 40px;\"><strong>Dziennikarz: <\/strong>Jak Pan wcze\u015bniej wspomnia\u0142 -&#8220;Zabi\u0107 prezydenta&#8221; to w zasadzie projekt Pana, autora &#8211; Piotra Nowickiego oraz re\u017cysera -Piotra Ratajczaka. Nie by\u0142a to Wasza pierwsza wsp\u00f3\u0142praca. Jak Panu tym razem pracowa\u0142o si\u0119 w tym trio?<\/p>\n<p style=\"padding-left: 40px;\">\n<p style=\"padding-left: 40px;\"><strong>Arkadiusz Buszko: <\/strong>My z Piotrem Ratajczakiem pracujemy ju\u017c 14. rok ze sob\u0105, wi\u0119c jeste\u015bmy, jak to brzydko si\u0119 m\u00f3wi, jak stare ma\u0142\u017ce\u0144stwo. Potrafimy si\u0119 troch\u0119 por\u00f3\u017cni\u0107, ale te\u017c kochamy si\u0119 w tym, co robimy i\u00a0pomagamy sobie nawzajem. Tak samo Piotr Nowicki, co prawda nie zawsze jest z nami, ale on te\u017c tutaj przy\u0142o\u017cy\u0142 swoj\u0105 du\u017c\u0105 piecz\u0119\u0107 do tego wszystkiego. Wydaje mi si\u0119, \u017ce mamy ?team?. Mamy Marcina Chlande, Grup\u0119 Mixer. Je\u015bli chodzi ju\u017c o ca\u0142o\u015b\u0107, o nas wszystkich, ja w tych przedstawieniach albo gram, albo robi\u0119 ruch. Nie raz z tym ?teamem?, z Mixerami lub z Piotrkiem Nowickim, tak jak teraz zrobili\u015bmy dyplom, zach\u0119cam do obejrzenia w Szkole Teatralnej we\u00a0Wroc\u0142awiu, nazywa si\u0119 ?Wroc\u0142aw Escape Room?. Premiera sceniczna odby\u0142a si\u0119 12. lutego, czyli dopiero jak otworzyli teatry. Oddanie dyplomu by\u0142o 19. grudnia. Tam by\u0142em jako re\u017cyser, choreograf, te\u017c ze wspania\u0142ymi lud\u017ami, bo byli tam m\u0142odzi adepci sztuki, dyplomanci, pomagali oni w tym wszystkim.<\/p>\n<p style=\"padding-left: 40px;\">\n<p style=\"padding-left: 40px;\"><strong>Dziennikarz: <\/strong>Z podcastu Teatru Wsp\u00f3\u0142czesnego na temat spektaklu dowiadujemy si\u0119, \u017ce\u00a0w\u00a0przestawieniu zosta\u0142y u\u017cyte prawdziwe zeznania Eligiusza Niewiadomskiego, ale te\u017c jak\u0105\u015b cz\u0119\u015b\u0107 stanowi\u0142y wypowiedzi, kt\u00f3re nie zosta\u0142y przez zab\u00f3jc\u0119 Gabriela Narutowicza u\u017cyte. Jaki zatem &#8211; mniej wi\u0119cej &#8211; procent tych wypowiedzi wyst\u0119powa\u0142? Kt\u00f3re przewa\u017ca\u0142y? I jak bardzo tre\u015bci nieu\u017cyte w rzeczywisto\u015bci przez Niewiadomskiego mia\u0142y uwydatni\u0107 Wasz\u0105 wizj\u0119 artystyczn\u0105 przy tworzeniu tego spektaklu?<\/p>\n<p style=\"padding-left: 40px;\">\n<p style=\"padding-left: 40px;\"><strong>Arkadiusz Buszko: <\/strong>Je\u015bli chcieliby\u015bmy robi\u0107 Wo\u0142osza\u0144skiego, jak ja to m\u00f3wi\u0119, czyli ?Sensacje XX wieku?, to by\u015bmy zrobili program historyczny, wi\u0119c by\u015bmy u\u017cyli samych fakt\u00f3w politycznych czy historycznych i\u00a0wtedy mieliby\u015bmy, mam nadzieje, dobry spektakl historyczny. W momencie kiedy my teraz chcemy zrobi\u0107 kawa\u0142 dobrej, wa\u017ckiej sztuki, musimy u\u017cy\u0107 pewnego rodzaju interpretacji i\u00a0przy tym musi to by\u0107 zjadliwe, mo\u017ce troszeczk\u0119 kontrowersyjne i nieodbiegaj\u0105ce od samego tematu, bo nikt nie chce tutaj tworzy\u0107 historii na nowo i przypisywa\u0107 co\u015b do tego, co si\u0119 nie odby\u0142o. Po prostu zinterpretowali\u015bmy w pewnym sensie wiele rzeczy. To, co s\u0142yszycie na koniec, czyli mowa ko\u0144cowa, to jest 90% tekstu Eligiusza Niewiadomskiego. A\u00a0je\u017celi chodzi ci\u0105g\u0142o\u015b\u0107 zdarze\u0144, to jest tak, \u017ce my musimy tak trudn\u0105 posta\u0107 na\u015bwietli\u0107. Oczywi\u015bcie to, \u017ce\u00a0Eligiusz, np. je\u017adzi\u0142 z wyk\u0142adami, itd., to jest wszystko prawda. Tylko ja musz\u0119 w pewnych momentach doda\u0107 postaci dramaturgii lub j\u0105 troch\u0119 wyciszy\u0107, \u017ceby to dotar\u0142o do wi\u0119kszej ilo\u015bci, jako co\u015b wa\u017ckiego.<\/p>\n<p style=\"padding-left: 40px;\">\n<p style=\"padding-left: 40px;\"><strong>Dziennikarz: <\/strong>Wiemy, \u017ce monodram dla aktora jest wyzwaniem. Niekt\u00f3rym trudno jest poradzi\u0107 sobie z\u00a0odpowiedzialno\u015bci\u0105 za spektakl, kt\u00f3ra nie spoczywa na zespole, tylko na jednym aktorze. Wspomnia\u0142 Pan,\u00a0 \u017ce by\u0142 to Pana trzeci monodram. Jak poradzi\u0142 Pan sobie teraz z tym wyzwaniem?<\/p>\n<p style=\"padding-left: 40px;\">\n<p style=\"padding-left: 40px;\"><strong>Arkadiusz Buszko:<\/strong> Powiem tak, ja nie mog\u0119 okre\u015bli\u0107 jak sobie poradzi\u0142em z monodramem. To musi okre\u015bli\u0107 widz, czyli ty lub ten kto przyjdzie. My jeste\u015bmy dla Was z tym zawodem. Gdybym ja chcia\u0142 sam uprawia\u0107 ten zaw\u00f3d, to bym si\u0119 zamkn\u0105\u0142 w takiej sali mniejszej, wi\u0119kszej lub w pokoju u siebie i nawet bym filmiku nie nagrywa\u0142, bo bym to robi\u0142 dla siebie. Ja chc\u0119, \u017ceby to wysz\u0142o na \u015bwiat\u0142o dzienne, chc\u0119 da\u0107 ludziom zderzy\u0107 si\u0119 z tym problemem. Tak\u017ce nie dam ci tutaj konkretnej odpowiedzi, jak ja sobie z tym poradzi\u0142em, Ja uwa\u017cam, \u017ce dope\u0142ni\u0142em wszystkiego, czego chcia\u0142em dope\u0142ni\u0107. Da\u0142em wyraz swoim emocjom, da\u0142em wyraz swojej ekspresji, swojej czu\u0142o\u015bci.<\/p>\n<p style=\"padding-left: 40px;\">\n<p style=\"padding-left: 40px;\"><strong>Dziennikarz: <\/strong>I na koniec &#8211; komu poleci\u0142by Pan spektakl &#8220;Zabi\u0107 prezydenta&#8221;? Czy osoby w wieku szkolnym, licealnym potrafi\u0142yby zrozumie\u0107 t\u0119 sztuk\u0119?<\/p>\n<p style=\"padding-left: 40px;\">\n<p style=\"padding-left: 40px;\"><strong>Arkadiusz Buszko:<\/strong> My\u015bl\u0119, \u017ce takie osoby powinny koniecznie zobaczy\u0107 t\u0119 sztuk\u0119. To znaczy, je\u017celi ten cz\u0142owiek by\u0142 ju\u017c wcze\u015bniej bardzo mocno zaanga\u017cowany nie tylko politycznie, ale te\u017c emocjonalnie\u00a0 w pa\u0144stwo polskie. Ka\u017cdy chcia\u0142by, \u017ceby w Was te\u017c kszta\u0142towa\u0142a si\u0119 polsko\u015b\u0107. My\u015bl\u0119, \u017ce wy musicie poznawa\u0107 jak najwi\u0119cej tor\u00f3w i mie\u0107 do r\u00f3\u017cnych spraw sw\u00f3j w\u0142asny stosunek, i nie zamyka\u0107 si\u0119 w ramach. Dlatego zach\u0119cam koniecznie i uwa\u017cam, \u017ce b\u0119dzie to dla was mocne, ale jednocze\u015bnie zrozumiecie wszystko, bo ja bardzo du\u017co t\u0142umaczy\u0142em w tym przedstawieniu od\u00a0samego pocz\u0105tku, kim by\u0142,\u00a0 co przeprowadza\u0142 i co si\u0119 sta\u0142o. Nie jest to \u0142atwe, ale do odwa\u017cnych \u015bwiat nale\u017cy!<\/p>\n<p style=\"padding-left: 40px;\">\n<p style=\"padding-left: 40px;\"><strong>Dziennikarz: <\/strong>Dzi\u0119kuj\u0119 bardzo i jeszcze raz gratuluj\u0119 zdobycia nagrody.<\/p>\n<p style=\"padding-left: 40px;\">\n<p style=\"padding-left: 40px;\"><a href=\"https:\/\/lo6.szczecin.pl\/wp-content\/uploads\/2021\/02\/wywiad_kajetanplonka2a_bez_tytulu.pdf\">Wywiad do pobrania<\/a><\/p>\n<p style=\"padding-left: 40px;\">\n","protected":false},"excerpt":{"rendered":"<p>Arkadiusz Buszko &#8211; Wywiad Dziennikarz: Witam, nazywam si\u0119 Kajetan P\u0142onka. Na wst\u0119pie chcia\u0142bym pogratulowa\u0107 Panu zdobycia &#8220;Bursztynowego Pier\u015bcienia&#8221;. Nagrody, kt\u00f3rej, przypomn\u0119, by\u0142 Pan ju\u017c laureatem w 2000 roku&#8230; Wtedy &#8211; za wyre\u017cyserowanie spektaklu &#8220;Dziejba le\u015bna&#8221;, teraz zosta\u0142 Pan nominowany za\u00a0g\u0142\u00f3wn\u0105 rol\u0119 w zaskakuj\u0105cej sztuce\u00a0\u00a0\u00a0\u00a0\u00a0\u00a0 o cz\u0142owieku ow\u0142adni\u0119tym fanatyzmem, postaci autentycznej, Eligiuszu Niewiadomskim, czyli zab\u00f3jcy prezydenta,&#8230;<\/p>\n","protected":false},"author":4,"featured_media":9780,"comment_status":"closed","ping_status":"closed","sticky":false,"template":"","format":"standard","meta":{"_acf_changed":false,"_s2mail":"","footnotes":""},"categories":[1],"tags":[],"class_list":["post-9778","post","type-post","status-publish","format-standard","has-post-thumbnail","hentry","category-bez-kategorii"],"acf":[],"_links":{"self":[{"href":"https:\/\/lo6.szczecin.pl\/index.php\/wp-json\/wp\/v2\/posts\/9778","targetHints":{"allow":["GET"]}}],"collection":[{"href":"https:\/\/lo6.szczecin.pl\/index.php\/wp-json\/wp\/v2\/posts"}],"about":[{"href":"https:\/\/lo6.szczecin.pl\/index.php\/wp-json\/wp\/v2\/types\/post"}],"author":[{"embeddable":true,"href":"https:\/\/lo6.szczecin.pl\/index.php\/wp-json\/wp\/v2\/users\/4"}],"replies":[{"embeddable":true,"href":"https:\/\/lo6.szczecin.pl\/index.php\/wp-json\/wp\/v2\/comments?post=9778"}],"version-history":[{"count":3,"href":"https:\/\/lo6.szczecin.pl\/index.php\/wp-json\/wp\/v2\/posts\/9778\/revisions"}],"predecessor-version":[{"id":9791,"href":"https:\/\/lo6.szczecin.pl\/index.php\/wp-json\/wp\/v2\/posts\/9778\/revisions\/9791"}],"wp:featuredmedia":[{"embeddable":true,"href":"https:\/\/lo6.szczecin.pl\/index.php\/wp-json\/wp\/v2\/media\/9780"}],"wp:attachment":[{"href":"https:\/\/lo6.szczecin.pl\/index.php\/wp-json\/wp\/v2\/media?parent=9778"}],"wp:term":[{"taxonomy":"category","embeddable":true,"href":"https:\/\/lo6.szczecin.pl\/index.php\/wp-json\/wp\/v2\/categories?post=9778"},{"taxonomy":"post_tag","embeddable":true,"href":"https:\/\/lo6.szczecin.pl\/index.php\/wp-json\/wp\/v2\/tags?post=9778"}],"curies":[{"name":"wp","href":"https:\/\/api.w.org\/{rel}","templated":true}]}}