{"id":9757,"date":"2021-02-03T11:04:45","date_gmt":"2021-02-03T10:04:45","guid":{"rendered":"https:\/\/lo6.szczecin.pl\/?p=9757"},"modified":"2021-02-03T11:04:45","modified_gmt":"2021-02-03T10:04:45","slug":"ostatnie-pozegnanie-pani-anny-lazarskiej","status":"publish","type":"post","link":"https:\/\/lo6.szczecin.pl\/index.php\/2021\/02\/03\/ostatnie-pozegnanie-pani-anny-lazarskiej\/","title":{"rendered":"Ostatnie po\u017cegnanie Pani Anny \u0141azarskiej"},"content":{"rendered":"<div>\n<div class=\"\" dir=\"auto\">\n<div id=\"jsc_c_g9\" class=\"ecm0bbzt hv4rvrfc ihqw7lf3 dati1w0a\" data-ad-comet-preview=\"message\" data-ad-preview=\"message\">\n<div class=\"j83agx80 cbu4d94t ew0dbk1b irj2b8pg\">\n<div class=\"qzhwtbm6 knvmm38d\">\n<div class=\"kvgmc6g5 cxmmr5t8 oygrvhab hcukyx3x c1et5uql ii04i59q\">\n<div dir=\"auto\"><\/div>\n<\/div>\n<div class=\"o9v6fnle cxmmr5t8 oygrvhab hcukyx3x c1et5uql ii04i59q\">\n<div dir=\"auto\" style=\"padding-left: 80px;\">Uprzejmie informujemy, \u017ce uroczysto\u015bci pogrzebowe Ani \u0141azarskiej odb\u0119d\u0105 si\u0119 w pi\u0105tek &#8211; 5 lutego.<\/div>\n<\/div>\n<div class=\"o9v6fnle cxmmr5t8 oygrvhab hcukyx3x c1et5uql ii04i59q\" style=\"padding-left: 40px;\">\n<div dir=\"auto\" style=\"padding-left: 40px;\">Urna z prochami wystawiona b\u0119dzie w naszym ko\u015bciele parafialnym pw. \u015bw. Andrzeja Boboli przy ul. Pocztowej 22 w Szczecinie o godz. 13.30.<\/div>\n<div dir=\"auto\" style=\"padding-left: 40px;\">Po\u017cegnanie &#8211; wspomnienia o Ani o godz. 13.45, a o godz. 14.00 msza \u015bwi\u0119ta.<\/div>\n<div dir=\"auto\" style=\"padding-left: 40px;\">Po mszy nast\u0105pi przejazd na cmentarz centralny. Mo\u017cna b\u0119dzie skorzysta\u0107 z autokaru.<\/div>\n<\/div>\n<div class=\"o9v6fnle cxmmr5t8 oygrvhab hcukyx3x c1et5uql ii04i59q\" style=\"padding-left: 40px;\">\n<div dir=\"auto\" style=\"padding-left: 40px;\">Miejsce spotkania na cmentarzu centralnym to kwatera 47-8\/10.<\/div>\n<\/div>\n<div class=\"o9v6fnle cxmmr5t8 oygrvhab hcukyx3x c1et5uql ii04i59q\" style=\"padding-left: 40px;\">\n<div dir=\"auto\" style=\"padding-left: 40px;\">Uroczysto\u015bci pogrzebowe mo\u017cna obejrze\u0107 online na stronie parafii: <a class=\"oajrlxb2 g5ia77u1 qu0x051f esr5mh6w e9989ue4 r7d6kgcz rq0escxv nhd2j8a9 nc684nl6 p7hjln8o kvgmc6g5 cxmmr5t8 oygrvhab hcukyx3x jb3vyjys rz4wbd8a qt6c0cv9 a8nywdso i1ao9s8h esuyzwwr f1sip0of lzcic4wl py34i1dx gpro0wi8\" tabindex=\"0\" role=\"link\" href=\"https:\/\/l.facebook.com\/l.php?u=http%3A%2F%2Fszczecin.jezuici.pl%2F%3Ffbclid%3DIwAR1voI96MQl8GFEODiKrKjfkRTkoVQdQG-GyvGSbxpfYZ4bVON19bVDeSL4&amp;h=AT3i0bG4P3wg2XWDd6Lu3rxBEsc-neNumymXpVJGZLeaXQRoqUvWJZGsBKqtT9_AKH4PgoKa-6JSEtq6OxLjk81wvfRhTApFY1IOfkFq4_7BRLtKXzEV4FmTLbAMdl34Ml7y&amp;__tn__=-UK-R&amp;c[0]=AT2DEnTy5leX_JPekrpTvFaSst7JuukYLhbGEIO3AFP47ZL224PKDmM1zW-Br1l10QwNNFwMMZyEQ3HU_hmmAElV6iBeaNp55dNEMGOucZlxDQGZwJJVCkD1bpxsb_VxAbxFWDOjxwBPXFA9GMN4CjmeXC6BgoSax3L_0kOYMQIh\" target=\"_blank\" rel=\"nofollow noopener\">http:\/\/szczecin.jezuici.pl\/<\/a><\/div>\n<\/div>\n<\/div>\n<\/div>\n<\/div>\n<\/div>\n<\/div>\n<div class=\"ecm0bbzt aglmviwh dati1w0a ihqw7lf3 def1xbws mkjtxrlb o9f14d3k hqeojc4l i1fnvgqd lhclo0ds btwxx1t3 j83agx80 l6v480f0 s1tcr66n bq4bzpyk\" style=\"padding-left: 40px;\">\n<div class=\"oajrlxb2 g5ia77u1 qu0x051f esr5mh6w e9989ue4 r7d6kgcz rq0escxv nhd2j8a9 nc684nl6 p7hjln8o kvgmc6g5 cxmmr5t8 oygrvhab hcukyx3x jb3vyjys rz4wbd8a qt6c0cv9 a8nywdso i1ao9s8h esuyzwwr f1sip0of lzcic4wl l9j0dhe7 abiwlrkh p8dawk7l\" style=\"padding-left: 40px;\" tabindex=\"0\" role=\"button\">\n<div class=\"n8tt0mok n1l5q3vz\" style=\"padding-left: 40px;\">\n<div class=\"j83agx80 cbu4d94t ew0dbk1b irj2b8pg\" style=\"padding-left: 40px;\"><\/div>\n<\/div>\n<\/div>\n<\/div>\n<div style=\"padding-left: 40px;\">\n<div class=\"stjgntxs ni8dbmo4 l82x9zwi uo3d90p7 h905i5nu monazrh9\" style=\"padding-left: 40px;\" data-visualcompletion=\"ignore-dynamic\">\n<div style=\"padding-left: 40px;\">\n<div style=\"padding-left: 40px;\">\n<div style=\"padding-left: 40px;\">\n<div class=\"ozuftl9m tvfksri0\" style=\"padding-left: 40px;\">\n<div class=\"rq0escxv l9j0dhe7 du4w35lb j83agx80 pfnyh3mw i1fnvgqd gs1a9yip owycx6da btwxx1t3 ph5uu5jm b3onmgus e5nlhep0 ecm0bbzt nkwizq5d roh60bw9 mysgfdmx hddg9phg\" style=\"padding-left: 40px;\">\n<div class=\"rq0escxv l9j0dhe7 du4w35lb j83agx80 cbu4d94t pfnyh3mw d2edcug0 hpfvmrgz n8tt0mok hyh9befq iuny7tx3 ipjc6fyt\" style=\"padding-left: 40px;\">\n<div style=\"padding-left: 40px;\"><\/div>\n<\/div>\n<\/div>\n<\/div>\n<\/div>\n<\/div>\n<\/div>\n<\/div>\n<\/div>\n","protected":false},"excerpt":{"rendered":"<p>Uprzejmie informujemy, \u017ce uroczysto\u015bci pogrzebowe Ani \u0141azarskiej odb\u0119d\u0105 si\u0119 w pi\u0105tek &#8211; 5 lutego. Urna z prochami wystawiona b\u0119dzie w naszym ko\u015bciele parafialnym pw. \u015bw. Andrzeja Boboli przy ul. Pocztowej 22 w Szczecinie o godz. 13.30. Po\u017cegnanie &#8211; wspomnienia o Ani o godz. 13.45, a o godz. 14.00 msza \u015bwi\u0119ta. Po mszy nast\u0105pi przejazd na&#8230;<\/p>\n","protected":false},"author":4,"featured_media":9758,"comment_status":"closed","ping_status":"closed","sticky":false,"template":"","format":"gallery","meta":{"_acf_changed":false,"_s2mail":"","footnotes":""},"categories":[1],"tags":[],"class_list":["post-9757","post","type-post","status-publish","format-gallery","has-post-thumbnail","hentry","category-bez-kategorii","post_format-post-format-gallery"],"acf":[],"_links":{"self":[{"href":"https:\/\/lo6.szczecin.pl\/index.php\/wp-json\/wp\/v2\/posts\/9757","targetHints":{"allow":["GET"]}}],"collection":[{"href":"https:\/\/lo6.szczecin.pl\/index.php\/wp-json\/wp\/v2\/posts"}],"about":[{"href":"https:\/\/lo6.szczecin.pl\/index.php\/wp-json\/wp\/v2\/types\/post"}],"author":[{"embeddable":true,"href":"https:\/\/lo6.szczecin.pl\/index.php\/wp-json\/wp\/v2\/users\/4"}],"replies":[{"embeddable":true,"href":"https:\/\/lo6.szczecin.pl\/index.php\/wp-json\/wp\/v2\/comments?post=9757"}],"version-history":[{"count":1,"href":"https:\/\/lo6.szczecin.pl\/index.php\/wp-json\/wp\/v2\/posts\/9757\/revisions"}],"predecessor-version":[{"id":9759,"href":"https:\/\/lo6.szczecin.pl\/index.php\/wp-json\/wp\/v2\/posts\/9757\/revisions\/9759"}],"wp:featuredmedia":[{"embeddable":true,"href":"https:\/\/lo6.szczecin.pl\/index.php\/wp-json\/wp\/v2\/media\/9758"}],"wp:attachment":[{"href":"https:\/\/lo6.szczecin.pl\/index.php\/wp-json\/wp\/v2\/media?parent=9757"}],"wp:term":[{"taxonomy":"category","embeddable":true,"href":"https:\/\/lo6.szczecin.pl\/index.php\/wp-json\/wp\/v2\/categories?post=9757"},{"taxonomy":"post_tag","embeddable":true,"href":"https:\/\/lo6.szczecin.pl\/index.php\/wp-json\/wp\/v2\/tags?post=9757"}],"curies":[{"name":"wp","href":"https:\/\/api.w.org\/{rel}","templated":true}]}}