{"id":9729,"date":"2021-01-18T09:14:54","date_gmt":"2021-01-18T08:14:54","guid":{"rendered":"https:\/\/lo6.szczecin.pl\/?p=9729"},"modified":"2021-01-18T09:16:15","modified_gmt":"2021-01-18T08:16:15","slug":"zebrania-z-rodzicami-18","status":"publish","type":"post","link":"https:\/\/lo6.szczecin.pl\/index.php\/2021\/01\/18\/zebrania-z-rodzicami-18\/","title":{"rendered":"Zebrania z Rodzicami"},"content":{"rendered":"<p style=\"padding-left: 40px;\">Dnia 21 stycznia 2021 r. odb\u0119d\u0105 si\u0119 zabrania z Rodzicami uczni\u00f3w klas I, II i III.<\/p>\n<p style=\"padding-left: 40px;\">Tematem zebra\u0144 b\u0119dzie: podsumowanie pracy w I semestrze roku szkolnego 2020\/2021<\/p>\n<ol>\n<li style=\"list-style-type: none;\">\n<ol>\n<li>Zebrania z rodzicami uczni\u00f3w klas II &#8211; godz. 17.00<\/li>\n<li>Zebrania z rodzicami uczni\u00f3w klas I i III &#8211; godz. 18.00<\/li>\n<\/ol>\n<\/li>\n<\/ol>\n<p style=\"padding-left: 40px;\">Konsultacje indywidualne dla rodzic\u00f3w &#8211; wszyscy nauczyciele w godz. 17.00 &#8211; 19.00<\/p>\n<p style=\"padding-left: 40px;\">ZEBRANIA i KONSULTACJE B\u0118D\u0104 MIA\u0141Y FORM\u0118 ZDALN\u0104<\/p>\n<p style=\"padding-left: 40px;\">Podczas zebra\u0144, wicedyrektor szko\u0142y b\u0119dzie pe\u0142ni\u0142 dy\u017cur na MS Teams&#8217;ie.<\/p>\n","protected":false},"excerpt":{"rendered":"<p>Dnia 21 stycznia 2021 r. odb\u0119d\u0105 si\u0119 zabrania z Rodzicami uczni\u00f3w klas I, II i III. Tematem zebra\u0144 b\u0119dzie: podsumowanie pracy w I semestrze roku szkolnego 2020\/2021 Zebrania z rodzicami uczni\u00f3w klas II &#8211; godz. 17.00 Zebrania z rodzicami uczni\u00f3w klas I i III &#8211; godz. 18.00 Konsultacje indywidualne dla rodzic\u00f3w &#8211; wszyscy nauczyciele w&#8230;<\/p>\n","protected":false},"author":4,"featured_media":0,"comment_status":"closed","ping_status":"closed","sticky":false,"template":"","format":"standard","meta":{"_acf_changed":false,"_s2mail":"","footnotes":""},"categories":[1],"tags":[],"class_list":["post-9729","post","type-post","status-publish","format-standard","hentry","category-bez-kategorii"],"acf":[],"_links":{"self":[{"href":"https:\/\/lo6.szczecin.pl\/index.php\/wp-json\/wp\/v2\/posts\/9729","targetHints":{"allow":["GET"]}}],"collection":[{"href":"https:\/\/lo6.szczecin.pl\/index.php\/wp-json\/wp\/v2\/posts"}],"about":[{"href":"https:\/\/lo6.szczecin.pl\/index.php\/wp-json\/wp\/v2\/types\/post"}],"author":[{"embeddable":true,"href":"https:\/\/lo6.szczecin.pl\/index.php\/wp-json\/wp\/v2\/users\/4"}],"replies":[{"embeddable":true,"href":"https:\/\/lo6.szczecin.pl\/index.php\/wp-json\/wp\/v2\/comments?post=9729"}],"version-history":[{"count":3,"href":"https:\/\/lo6.szczecin.pl\/index.php\/wp-json\/wp\/v2\/posts\/9729\/revisions"}],"predecessor-version":[{"id":9732,"href":"https:\/\/lo6.szczecin.pl\/index.php\/wp-json\/wp\/v2\/posts\/9729\/revisions\/9732"}],"wp:attachment":[{"href":"https:\/\/lo6.szczecin.pl\/index.php\/wp-json\/wp\/v2\/media?parent=9729"}],"wp:term":[{"taxonomy":"category","embeddable":true,"href":"https:\/\/lo6.szczecin.pl\/index.php\/wp-json\/wp\/v2\/categories?post=9729"},{"taxonomy":"post_tag","embeddable":true,"href":"https:\/\/lo6.szczecin.pl\/index.php\/wp-json\/wp\/v2\/tags?post=9729"}],"curies":[{"name":"wp","href":"https:\/\/api.w.org\/{rel}","templated":true}]}}