{"id":9699,"date":"2020-12-23T13:31:55","date_gmt":"2020-12-23T12:31:55","guid":{"rendered":"https:\/\/lo6.szczecin.pl\/?p=9699"},"modified":"2021-01-17T17:03:38","modified_gmt":"2021-01-17T16:03:38","slug":"zmiany-w-egzaminach-2021","status":"publish","type":"post","link":"https:\/\/lo6.szczecin.pl\/index.php\/2020\/12\/23\/zmiany-w-egzaminach-2021\/","title":{"rendered":"Zmiany w egzaminach 2021"},"content":{"rendered":"<div class=\"editor-content\">\n<div>\n<h3 style=\"padding-left: 40px;\"><span style=\"font-size: 12pt; color: #800000;\"><strong>AKTUALIZACJA w dniu 11.01.2021 r.<\/strong><\/span><\/h3>\n<\/div>\n<\/div>\n<p style=\"padding-left: 40px;\"><a href=\"https:\/\/www.oke.poznan.pl\/files\/cms\/635\/informacje_dla_maturzystow_2021_szkola.pdf\">Informacje dotycz\u0105ce deklaracji dla przyst\u0119puj\u0105cych do egzaminu maturalnego w 2021 roku<\/a><\/p>\n<p style=\"padding-left: 40px;\"><a href=\"https:\/\/www.oke.poznan.pl\/cms,5723,informacja_o_sposobie_organizacji_i_przeprowadzania_egzaminu_maturalnego_obowiazujaca_w_roku_szkolnym_2020_2021.htm\">Aktualizacja informacji o sposobie organizacji i przeprowadzania egzaminu \u00f3smoklasisty i egzaminu maturalnego w roku szkolnym 2020\/2021<\/a><\/p>\n<p>&nbsp;<\/p>\n<p style=\"padding-left: 40px;\"><strong><span style=\"color: #800000;\">Drodzy Maturzy\u015bci<\/span><\/strong><\/p>\n<p style=\"padding-left: 40px;\">W zwi\u0105zku ze zmianami dotycz\u0105cymi egzaminu maturalnego 2021, kt\u00f3re na pewno na bie\u017c\u0105co \u015bledzicie (miedzy innymi na stronie szko\u0142y w zak\u0142adce Dla uczni\u00f3w\/Matura 2021) -przesy\u0142am najwa\u017cniejsze informacje dotycz\u0105ce dokonywania zmian w z\u0142o\u017conych we wrze\u015bniu wst\u0119pnych deklaracjach maturalnych.<\/p>\n<p style=\"padding-left: 40px;\">Je\u015bli do 05.02.2021 r. nie podejmiesz \u017cadnych dzia\u0142a\u0144 i nie z\u0142o\u017cysz deklaracji ostatecznej to:<\/p>\n<ul>\n<li style=\"list-style-type: none;\">\n<ul>\n<li>zadeklarowane egzaminy w cz\u0119\u015bci ustnej zostan\u0105 anulowane z mocy prawa,<\/li>\n<li>je\u017celi nie przyst\u0105pisz do zdeklarowanego egzaminu\/egzamin\u00f3w na poziomie rozszerzonym, na \u015bwiadectwie b\u0119dziesz mia\u0142 wpisane 0% i w kolejnych latach b\u0119d\u0105 one dla Ciebie p\u0142atne,<\/li>\n<\/ul>\n<\/li>\n<\/ul>\n<p style=\"padding-left: 40px;\">Je\u017celi planujesz zmiany w stosunku do deklaracji z\u0142o\u017conej we wrze\u015bniu (np. chcesz zrezygnowa\u0107 z przyst\u0105pienia do egzaminu na poziomie rozszerzonym), musisz z\u0142o\u017cy\u0107 w szkole do 05.02.2021 r. <a href=\"https:\/\/www.oke.poznan.pl\/files\/cms\/647\/m_1a_wariant_a.pdf\">korekt\u0119 deklaracji 1a<\/a><\/p>\n<p style=\"padding-left: 40px;\">Je\u017celi musisz przyst\u0105pi\u0107 do cz\u0119\u015bci ustnej egzaminu maturalnego, poniewa\u017c jego wynik jest Tobie potrzebny w procesie rekrutacji do szko\u0142y wy\u017cszej za granic\u0105, sk\u0142adasz w szkole do05.02.2021 r. <a href=\"https:\/\/www.oke.poznan.pl\/files\/cms\/646\/m_30.pdf\">za\u0142\u0105cznik 30<\/a><\/p>\n<p>&nbsp;<\/p>\n<p>&nbsp;<\/p>\n<div class=\"editor-content\">\n<div>\n<h3 style=\"padding-left: 40px;\">Wymagania egzaminacyjne<\/h3>\n<p style=\"padding-left: 40px;\">W 2021 r. egzaminy: \u00f3smoklasisty i maturalny b\u0119d\u0105 przeprowadzone wyj\u0105tkowo na podstawie wymaga\u0144 egzaminacyjnych zawartych w do\u0142\u0105czonych do rozporz\u0105dzenia za\u0142\u0105cznikach, a nie jak w ubieg\u0142ych latach na podstawie wymaga\u0144 okre\u015blonych w podstawie programowej kszta\u0142cenia og\u00f3lnego.<\/p>\n<h3 style=\"padding-left: 40px;\">Nie b\u0119dzie obowi\u0105zkowego ustnego egzaminu maturalnego<\/h3>\n<p style=\"padding-left: 40px;\">Egzamin maturalny, podobnie jak w 2020 r., b\u0119dzie przeprowadzany tylko w cz\u0119\u015bci pisemnej.<\/p>\n<p style=\"padding-left: 40px;\">Odpowiadaj\u0105c na szereg pr\u00f3\u015bb przes\u0142anych do resortu, Minister Edukacji i Nauki Przemys\u0142aw Czarnek podj\u0105\u0142 decyzj\u0119, \u017ce <strong>w 2021 r. cz\u0119\u015b\u0107 ustna egzaminu maturalnego z j\u0119zyka polskiego, j\u0119zyka mniejszo\u015bci narodowej i j\u0119zyka obcego nowo\u017cytnego nie b\u0119dzie obowi\u0105zkowa.<\/strong> B\u0119d\u0105 mogli przyst\u0105pi\u0107 do niej &#8211; podobnie jak w 2020 r. &#8211; absolwenci, kt\u00f3rym wynik cz\u0119\u015bci ustnej egzaminu z danego przedmiotu jest potrzebny w post\u0119powaniu rekrutacyjnym na uczelni\u0119 zagraniczn\u0105.<\/p>\n<h3 style=\"padding-left: 40px;\">Wyniki konsultacji projektu wymaga\u0144 egzaminacyjnych<\/h3>\n<p style=\"padding-left: 40px;\">Przygotowane przez zespo\u0142y ekspert\u00f3w wymagania egzaminacyjne zosta\u0142y przekazane do publicznych konsultacji. Ka\u017cdy zainteresowany m\u00f3g\u0142 przes\u0142a\u0107 swoje opinie do MEN. <strong>Otrzymali\u015bmy ich prawie 2,5 tys. (2\u00a0487).<\/strong> To opinie zar\u00f3wno od nauczycieli, uczni\u00f3w, nauczycieli akademickich, jednostek naukowych, jak i stowarzysze\u0144.<\/p>\n<p style=\"padding-left: 40px;\">Po analizie przes\u0142anych do nas opinii, zespo\u0142y merytoryczne wprowadzi\u0142y kolejne zmiany w\u00a0wymaganiach egzaminacyjnych. W\u015br\u00f3d przyk\u0142adowych zmian mo\u017cna wymieni\u0107:<\/p>\n<h4 style=\"padding-left: 40px;\"><strong>w przypadku egzaminu maturalnego:<\/strong><\/h4>\n<ol>\n<li style=\"list-style-type: none;\">\n<ol>\n<li style=\"list-style-type: none;\">\n<ol>\n<li style=\"list-style-type: none;\">\n<ol>\n<li>z matematyki na poziomie podstawowym &#8211; ograniczono wymagania dotycz\u0105ce funkcji i graniastos\u0142up\u00f3w, w ca\u0142o\u015bci zredukowano wymagania dotycz\u0105ce bry\u0142 obrotowych i wymagania z IV etapu edukacyjnego dotycz\u0105ce ostros\u0142up\u00f3w,<\/li>\n<li>z geografii na poziomie rozszerzonym &#8211; usuni\u0119to niekt\u00f3re tre\u015bci o charakterze faktograficznym oraz zagadnienia, kt\u00f3re s\u0105 trudne do om\u00f3wienia podczas nauki zdalnej, np. cz\u0119\u015b\u0107 zagadnie\u0144 z zakresu przesz\u0142o\u015bci geologicznej Ziemi, charakterystyk\u0119 re\u017cim\u00f3w rzecznych w Polsce, zmiany funkcji obszar\u00f3w wiejskich na \u015bwiecie, zr\u00f3\u017cnicowanie j\u0119zykowe ludno\u015bci \u015bwiata.<\/li>\n<\/ol>\n<\/li>\n<\/ol>\n<\/li>\n<\/ol>\n<\/li>\n<\/ol>\n<h3 style=\"padding-left: 40px;\">Arkusze egzaminacyjne<\/h3>\n<p style=\"padding-left: 40px;\">Do 31 grudnia br. Centralna Komisja Egzaminacyjna og\u0142osi na swojej stronie internetowej (<a href=\"http:\/\/www.cke.gov.pl\">www.cke.gov.pl<\/a>) aneksy do informator\u00f3w. Jednak ju\u017c dzi\u015b CKE przekaza\u0142a informacje dotycz\u0105ce najwa\u017cniejszych zmian w formule arkuszy egzaminacyjnych z poszczeg\u00f3lnych przedmiot\u00f3w na egzaminach w 2021 r.<\/p>\n<h3 style=\"padding-left: 40px;\"><\/h3>\n<h3 style=\"padding-left: 40px;\">Egzamin maturalny w 2021 r.<\/h3>\n<h4 style=\"padding-left: 40px;\">J\u0119zyk polski jako przedmiot obowi\u0105zkowy<\/h4>\n<ul>\n<li style=\"list-style-type: none;\">\n<ul>\n<li style=\"list-style-type: none;\">\n<ul>\n<li style=\"list-style-type: none;\">\n<ul>\n<li>Przeprowadzany na podstawie <strong>wymaga\u0144 egzaminacyjnych<\/strong>, zawieraj\u0105cych ograniczony zakres wymaga\u0144 podstawy programowej.<\/li>\n<li>Czas trwania: <strong>170 minut<\/strong>.<\/li>\n<li>Za rozwi\u0105zanie zada\u0144 mo\u017cna uzyska\u0107 maksymalnie <strong>70 punkt\u00f3w<\/strong>, w tym:<br \/>\n<strong>cz\u0119\u015b\u0107 1:<\/strong> czytanie ze zrozumieniem, argumentowanie, znajomo\u015b\u0107 zasad i pos\u0142ugiwanie si\u0119 poprawn\u0105 polszczyzn\u0105 &#8211; 20 pkt (ok. 12-15 zada\u0144 &#8211; g\u0142\u00f3wnie otwartych &#8211; opartych na dw\u00f3ch tekstach)<br \/>\n<strong>cz\u0119\u015b\u0107 2:<\/strong> wypracowanie &#8211; 50 pkt.<\/li>\n<li><strong>Trzy tematy wypracowania<\/strong> do wyboru: dwie rozprawki oraz interpretacja tekstu poetyckiego.<\/li>\n<li>Jeden temat rozprawki ze wskazan\u0105 lektur\u0105 obowi\u0105zkow\u0105, drugi temat rozprawki &#8211; z tekstem spoza kanonu lektur obowi\u0105zkowych.<\/li>\n<li><strong>Cz\u0119\u015b\u0107 ustna &#8211; nieobowi\u0105zkowa<\/strong>. Mog\u0105 przyst\u0105pi\u0107 do niej osoby, kt\u00f3rym wynik z cz\u0119\u015bci ustnej jest potrzebny w post\u0119powaniu rekrutacyjnym do szko\u0142y wy\u017cszej.<\/li>\n<\/ul>\n<\/li>\n<\/ul>\n<\/li>\n<\/ul>\n<\/li>\n<\/ul>\n<h4 style=\"padding-left: 40px;\">Matematyka jako przedmiot obowi\u0105zkowy<\/h4>\n<ul>\n<li style=\"list-style-type: none;\">\n<ul>\n<li style=\"list-style-type: none;\">\n<ul>\n<li style=\"list-style-type: none;\">\n<ul>\n<li>Przeprowadzany na podstawie <strong>wymaga\u0144 egzaminacyjnych<\/strong>, zawieraj\u0105cych ograniczony zakres wymaga\u0144 podstawy programowej (np. ograniczone wymagania dotycz\u0105ce funkcji i graniastos\u0142up\u00f3w, ca\u0142kowita redukcja wymaga\u0144 dotycz\u0105cych bry\u0142 obrotowych i wymaga\u0144 z IV etapu edukacyjnego dotycz\u0105cych ostros\u0142up\u00f3w).<\/li>\n<li>Czas trwania: <strong>170 minut<\/strong>.<\/li>\n<li>Za rozwi\u0105zanie zada\u0144 mo\u017cna uzyska\u0107 maksymalnie <strong>45 punkt\u00f3w<\/strong> (5 pkt mniej ni\u017c w latach ubieg\u0142ych), w tym: 28 pkt &#8211; zadania zamkni\u0119te; 17 pkt &#8211; zadania otwarte.<\/li>\n<li>Liczba <strong>zada\u0144 otwartych: 7<\/strong> (w latach 2015-2020: 9).<\/li>\n<\/ul>\n<\/li>\n<\/ul>\n<\/li>\n<\/ul>\n<\/li>\n<\/ul>\n<h4 style=\"padding-left: 40px;\">J\u0119zyk obcy jako przedmiot obowi\u0105zkowy<\/h4>\n<ul>\n<li style=\"list-style-type: none;\">\n<ul>\n<li style=\"list-style-type: none;\">\n<ul>\n<li style=\"list-style-type: none;\">\n<ul>\n<li>Przeprowadzany na podstawie <strong>wymaga\u0144 egzaminacyjnych<\/strong>, zawieraj\u0105cych ograniczony zakres wymaga\u0144 podstawy programowej oraz ograniczony zakres \u015brodk\u00f3w gramatycznych.<\/li>\n<li>Oczekiwany \u015bredni poziom bieg\u0142o\u015bci j\u0119zykowej, w tym zakresu \u015brodk\u00f3w j\u0119zykowych w wypowiedziach pisemnych (w skali ESOKJ) &#8211; <strong>A2+ (B1<\/strong> w zakresie rozumienia ze s\u0142uchu i rozumienia tekst\u00f3w pisanych).<\/li>\n<li>Czas trwania: <strong>120 minut<\/strong>.<\/li>\n<li>Za rozwi\u0105zanie zada\u0144 mo\u017cna uzyska\u0107 maksymalnie <strong>50 punkt\u00f3w<\/strong>, w tym: 40 pkt &#8211; zadania zamkni\u0119te, 10 pkt &#8211; zadania otwarte.<\/li>\n<li><strong>Cz\u0119\u015b\u0107 ustna &#8211; nieobowi\u0105zkowa<\/strong>. Mog\u0105 przyst\u0105pi\u0107 do niej osoby, kt\u00f3rym wynik z cz\u0119\u015bci ustnej jest potrzebny w post\u0119powaniu rekrutacyjnym do szko\u0142y wy\u017cszej.<\/li>\n<\/ul>\n<\/li>\n<\/ul>\n<\/li>\n<\/ul>\n<\/li>\n<\/ul>\n<h4 style=\"padding-left: 40px;\">Przedmioty na poziomie rozszerzonym (dodatkowe)<\/h4>\n<ul>\n<li style=\"list-style-type: none;\">\n<ul>\n<li style=\"list-style-type: none;\">\n<ul>\n<li style=\"list-style-type: none;\">\n<ul>\n<li>Przeprowadzany na podstawie wymaga\u0144 egzaminacyjnych, zawieraj\u0105cych ograniczony zakres wymaga\u0144 podstawy programowej.<\/li>\n<li>W przypadku j\u0119zyk\u00f3w obcych nowo\u017cytnych &#8211; ograniczony zakres \u015brodk\u00f3w gramatycznych oraz obni\u017cony og\u00f3lny \u015bredni poziom bieg\u0142o\u015bci j\u0119zykowej, w tym zakresu \u015brodk\u00f3w j\u0119zykowych w wypowiedziach pisemnych (w skali ESOKJ) &#8211; B1+ (B2 w zakresie rozumienia ze s\u0142uchu i rozumienia tekst\u00f3w pisanych).<\/li>\n<li><strong>Przyst\u0105pienie do egzaminu na poziomie rozszerzonym &#8211; nieobowi\u0105zkowe.<\/strong> Mo\u017cna przyst\u0105pi\u0107 do egzaminu z maksymalnie 6 przedmiot\u00f3w dodatkowych.<\/li>\n<\/ul>\n<\/li>\n<\/ul>\n<\/li>\n<\/ul>\n<\/li>\n<\/ul>\n<h3 style=\"padding-left: 40px;\">Inne zmiany na egzaminach<\/h3>\n<p style=\"padding-left: 40px;\">Nie b\u0119dzie obowi\u0105zku przyst\u0105pienia do egzaminu maturalnego z jednego przedmiotu dodatkowego na poziomie rozszerzonym. Zdaj\u0105cy mo\u017ce przyst\u0105pi\u0107 do egzaminu nawet z 6 przedmiot\u00f3w dodatkowych, je\u017celi potrzebuje wynik\u00f3w w post\u0119powaniu rekrutacyjnym do szko\u0142y wy\u017cszej.<\/p>\n<p style=\"padding-left: 40px;\">B\u0119dzie mo\u017cliwo\u015b\u0107 zmiany deklaracji przyst\u0105pienia do egzaminu maturalnego.<\/p>\n<p style=\"padding-left: 40px;\">Dodatkowo w rozporz\u0105dzeniu opisano warunki zdania egzaminu maturalnego w 2021 r. oraz uzyskania \u015bwiadectwa dojrza\u0142o\u015bci, w tym uzyskania \u015bwiadectwa dojrza\u0142o\u015bci przez absolwent\u00f3w z lat ubieg\u0142ych.<\/p>\n<p style=\"padding-left: 40px;\">Okre\u015blone zosta\u0142y r\u00f3wnie\u017c zasady przyst\u0105pienia do egzaminu \u00f3smoklasisty i egzaminu maturalnego przez osoby kszta\u0142c\u0105ce si\u0119 w szko\u0142ach wchodz\u0105cych w sk\u0142ad O\u015brodka Rozwoju Polskiej Edukacji za Granic\u0105.<\/p>\n<\/div>\n<p><a href=\"https:\/\/lo6.szczecin.pl\/wp-content\/uploads\/2020\/12\/Prez_egz.pdf\"><img loading=\"lazy\" decoding=\"async\" class=\"attachment-266x266 size-266x266 aligncenter\" src=\"https:\/\/lo6.szczecin.pl\/wp-content\/uploads\/2020\/12\/prez-egz.jpg\" sizes=\"auto, (max-width: 266px) 100vw, 266px\" srcset=\"https:\/\/lo6.szczecin.pl\/wp-content\/uploads\/2020\/12\/prez-egz.jpg 456w, https:\/\/lo6.szczecin.pl\/wp-content\/uploads\/2020\/12\/prez-egz-300x126.jpg 300w\" alt=\"\" width=\"266\" height=\"111\" \/><\/a><\/p>\n<div>\n<h3 style=\"padding-left: 40px;\">Podstawa prawna<\/h3>\n<p style=\"padding-left: 40px;\">Rozporz\u0105dzenie Ministra Edukacji i Nauki z 16 grudnia 2020 r. zmieniaj\u0105ce rozporz\u0105dzenie w sprawie szczeg\u00f3lnych rozwi\u0105za\u0144 w okresie czasowego ograniczenia funkcjonowania jednostek systemu o\u015bwiaty w zwi\u0105zku z zapobieganiem, przeciwdzia\u0142aniem i zwalczaniem COVID-19.<\/p>\n<ul>\n<li style=\"list-style-type: none;\">\n<ul>\n<li style=\"list-style-type: none;\">\n<ul>\n<li style=\"list-style-type: none;\">\n<ul>\n<li><a href=\"https:\/\/www.gov.pl\/attachment\/db8bf31a-a322-47af-bc21-55ef55220749\"><strong>za\u0142\u0105cznik nr 2<\/strong><\/a> zawieraj\u0105cy wymagania egzaminacyjne na egzamin maturalny obowi\u0105zuj\u0105ce w 2021 r.<\/li>\n<\/ul>\n<\/li>\n<\/ul>\n<\/li>\n<\/ul>\n<\/li>\n<\/ul>\n<p style=\"padding-left: 40px;\"><span style=\"font-size: 14pt;\"><strong>Komunikaty OKE:<\/strong><\/span><\/p>\n<\/div>\n<\/div>\n<ul>\n<li style=\"list-style-type: none;\">\n<ul>\n<li><a href=\"https:\/\/cke.gov.pl\/images\/_KOMUNIKATY\/20201216%20Egzaminy%20w%202021%20r.pdf\"><strong>ZMIANY W EGZAMINACH 2021<\/strong><\/a><\/li>\n<li><strong>AKTUALIZACJA 23.12.2020 r. <\/strong><a href=\"https:\/\/www.oke.poznan.pl\/files\/cms\/90\/harmonogram_e8_em_2021.pdf\">Komunikat dyrektora Centralnej Komisji Egzaminacyjnej z 20 sierpnia 2020 r. w sprawie harmonogramu przeprowadzania egzaminu \u00f3smoklasisty oraz egzaminu maturalnego w 2021 roku<\/a><\/li>\n<\/ul>\n<\/li>\n<\/ul>\n","protected":false},"excerpt":{"rendered":"<p>AKTUALIZACJA w dniu 11.01.2021 r. Informacje dotycz\u0105ce deklaracji dla przyst\u0119puj\u0105cych do egzaminu maturalnego w 2021 roku Aktualizacja informacji o sposobie organizacji i przeprowadzania egzaminu \u00f3smoklasisty i egzaminu maturalnego w roku szkolnym 2020\/2021 &nbsp; Drodzy Maturzy\u015bci W zwi\u0105zku ze zmianami dotycz\u0105cymi egzaminu maturalnego 2021, kt\u00f3re na pewno na bie\u017c\u0105co \u015bledzicie (miedzy innymi na stronie szko\u0142y w&#8230;<\/p>\n","protected":false},"author":3,"featured_media":9719,"comment_status":"closed","ping_status":"closed","sticky":false,"template":"","format":"gallery","meta":{"_acf_changed":false,"_s2mail":"","footnotes":""},"categories":[1],"tags":[],"class_list":["post-9699","post","type-post","status-publish","format-gallery","has-post-thumbnail","hentry","category-bez-kategorii","post_format-post-format-gallery"],"acf":[],"_links":{"self":[{"href":"https:\/\/lo6.szczecin.pl\/index.php\/wp-json\/wp\/v2\/posts\/9699","targetHints":{"allow":["GET"]}}],"collection":[{"href":"https:\/\/lo6.szczecin.pl\/index.php\/wp-json\/wp\/v2\/posts"}],"about":[{"href":"https:\/\/lo6.szczecin.pl\/index.php\/wp-json\/wp\/v2\/types\/post"}],"author":[{"embeddable":true,"href":"https:\/\/lo6.szczecin.pl\/index.php\/wp-json\/wp\/v2\/users\/3"}],"replies":[{"embeddable":true,"href":"https:\/\/lo6.szczecin.pl\/index.php\/wp-json\/wp\/v2\/comments?post=9699"}],"version-history":[{"count":9,"href":"https:\/\/lo6.szczecin.pl\/index.php\/wp-json\/wp\/v2\/posts\/9699\/revisions"}],"predecessor-version":[{"id":9721,"href":"https:\/\/lo6.szczecin.pl\/index.php\/wp-json\/wp\/v2\/posts\/9699\/revisions\/9721"}],"wp:featuredmedia":[{"embeddable":true,"href":"https:\/\/lo6.szczecin.pl\/index.php\/wp-json\/wp\/v2\/media\/9719"}],"wp:attachment":[{"href":"https:\/\/lo6.szczecin.pl\/index.php\/wp-json\/wp\/v2\/media?parent=9699"}],"wp:term":[{"taxonomy":"category","embeddable":true,"href":"https:\/\/lo6.szczecin.pl\/index.php\/wp-json\/wp\/v2\/categories?post=9699"},{"taxonomy":"post_tag","embeddable":true,"href":"https:\/\/lo6.szczecin.pl\/index.php\/wp-json\/wp\/v2\/tags?post=9699"}],"curies":[{"name":"wp","href":"https:\/\/api.w.org\/{rel}","templated":true}]}}