{"id":9678,"date":"2020-12-15T13:09:27","date_gmt":"2020-12-15T12:09:27","guid":{"rendered":"https:\/\/lo6.szczecin.pl\/?p=9678"},"modified":"2020-12-21T13:12:38","modified_gmt":"2020-12-21T12:12:38","slug":"ii-miejsce-w-konkursie-miedzynarodowym-mewy-2020","status":"publish","type":"post","link":"https:\/\/lo6.szczecin.pl\/index.php\/2020\/12\/15\/ii-miejsce-w-konkursie-miedzynarodowym-mewy-2020\/","title":{"rendered":"II miejsce w Konkursie Mi\u0119dzynarodowym MEWY 2020"},"content":{"rendered":"<p style=\"padding-left: 40px;\">Z przyjemno\u015bci\u0105 informuj\u0119, \u017ce uczennica klasy 2 A Maria Or\u0142owska wzi\u0119\u0142a udzia\u0142 w Konkursie Mi\u0119dzynarodowym MEWY 2020 &#8211; ,,Trendy i wizje rozwojowe morskich elektrowni wiatrowych osi\u0105gaj\u0105c sukces.<br \/>\nNale\u017ca\u0142o wymy\u015bli\u0107 i zaprezentowa\u0107 now\u0105 koncepcj\u0119 na rozw\u00f3j morskich elektrowni wiatrowych.<br \/>\nDzi\u0119ki innowacyjnym pomys\u0142om, praca zosta\u0142a doceniona i uczennica Naszej szko\u0142y otrzyma\u0142a drugie miejsce w\u015br\u00f3d uczni\u00f3w wojew\u00f3dztwa Zachodniopomorskiego, zdobywaj\u0105c w ten spos\u00f3b wyr\u00f3\u017cnienie Marsza\u0142ka Wojew\u00f3dztwa Zachodniopomorskiego.<br \/>\nNagrod\u0105, by\u0142a elektryczna hulajnoga i wirtualny indeks potwierdzaj\u0105cy przyj\u0119cie do grona student\u00f3w Akademii Morskiej w Szczecinie.<\/p>\n<p style=\"padding-left: 40px;\"><img loading=\"lazy\" decoding=\"async\" class=\"alignnone size-medium wp-image-9679\" src=\"https:\/\/lo6.szczecin.pl\/wp-content\/uploads\/2020\/12\/image2-275x300.jpeg\" alt=\"\" width=\"275\" height=\"300\" srcset=\"https:\/\/lo6.szczecin.pl\/wp-content\/uploads\/2020\/12\/image2-275x300.jpeg 275w, https:\/\/lo6.szczecin.pl\/wp-content\/uploads\/2020\/12\/image2.jpeg 768w\" sizes=\"auto, (max-width: 275px) 100vw, 275px\" \/><\/p>\n<p>&nbsp;<\/p>\n","protected":false},"excerpt":{"rendered":"<p>Z przyjemno\u015bci\u0105 informuj\u0119, \u017ce uczennica klasy 2 A Maria Or\u0142owska wzi\u0119\u0142a udzia\u0142 w Konkursie Mi\u0119dzynarodowym MEWY 2020 &#8211; ,,Trendy i wizje rozwojowe morskich elektrowni wiatrowych osi\u0105gaj\u0105c sukces. Nale\u017ca\u0142o wymy\u015bli\u0107 i zaprezentowa\u0107 now\u0105 koncepcj\u0119 na rozw\u00f3j morskich elektrowni wiatrowych. Dzi\u0119ki innowacyjnym pomys\u0142om, praca zosta\u0142a doceniona i uczennica Naszej szko\u0142y otrzyma\u0142a drugie miejsce w\u015br\u00f3d uczni\u00f3w wojew\u00f3dztwa Zachodniopomorskiego,&#8230;<\/p>\n","protected":false},"author":3,"featured_media":9680,"comment_status":"closed","ping_status":"closed","sticky":false,"template":"","format":"gallery","meta":{"_acf_changed":false,"_s2mail":"","footnotes":""},"categories":[1],"tags":[],"class_list":["post-9678","post","type-post","status-publish","format-gallery","has-post-thumbnail","hentry","category-bez-kategorii","post_format-post-format-gallery"],"acf":[],"_links":{"self":[{"href":"https:\/\/lo6.szczecin.pl\/index.php\/wp-json\/wp\/v2\/posts\/9678","targetHints":{"allow":["GET"]}}],"collection":[{"href":"https:\/\/lo6.szczecin.pl\/index.php\/wp-json\/wp\/v2\/posts"}],"about":[{"href":"https:\/\/lo6.szczecin.pl\/index.php\/wp-json\/wp\/v2\/types\/post"}],"author":[{"embeddable":true,"href":"https:\/\/lo6.szczecin.pl\/index.php\/wp-json\/wp\/v2\/users\/3"}],"replies":[{"embeddable":true,"href":"https:\/\/lo6.szczecin.pl\/index.php\/wp-json\/wp\/v2\/comments?post=9678"}],"version-history":[{"count":1,"href":"https:\/\/lo6.szczecin.pl\/index.php\/wp-json\/wp\/v2\/posts\/9678\/revisions"}],"predecessor-version":[{"id":9681,"href":"https:\/\/lo6.szczecin.pl\/index.php\/wp-json\/wp\/v2\/posts\/9678\/revisions\/9681"}],"wp:featuredmedia":[{"embeddable":true,"href":"https:\/\/lo6.szczecin.pl\/index.php\/wp-json\/wp\/v2\/media\/9680"}],"wp:attachment":[{"href":"https:\/\/lo6.szczecin.pl\/index.php\/wp-json\/wp\/v2\/media?parent=9678"}],"wp:term":[{"taxonomy":"category","embeddable":true,"href":"https:\/\/lo6.szczecin.pl\/index.php\/wp-json\/wp\/v2\/categories?post=9678"},{"taxonomy":"post_tag","embeddable":true,"href":"https:\/\/lo6.szczecin.pl\/index.php\/wp-json\/wp\/v2\/tags?post=9678"}],"curies":[{"name":"wp","href":"https:\/\/api.w.org\/{rel}","templated":true}]}}