{"id":9652,"date":"2020-12-16T23:41:47","date_gmt":"2020-12-16T22:41:47","guid":{"rendered":"http:\/\/lo6.szczecin.pl\/?p=9652"},"modified":"2020-12-16T23:57:57","modified_gmt":"2020-12-16T22:57:57","slug":"wielki-start-konkursow","status":"publish","type":"post","link":"https:\/\/lo6.szczecin.pl\/index.php\/2020\/12\/16\/wielki-start-konkursow\/","title":{"rendered":"Wielki start konkurs\u00f3w!"},"content":{"rendered":"<p style=\"padding-left: 40px;\">Drodzy uczniowie! Przed nami \u015bwi\u0119ta, Sylwester, a potem\u00a0 ferie &#8211; czyli d\u0142ugi oddech od telenauczania. Na pewno jeste\u015bcie zm\u0119czeni, a by\u0107 mo\u017ce macie nawet dosy\u0107 siedzenia przed komputerem? Ale jak tu si\u0119 nie nudzi\u0107 w czasie, gdy i tak skazani jeste\u015bmy na siedzenie w domach?<\/p>\n<p style=\"padding-left: 40px;\"><strong>Jest na to pomys\u0142!<\/strong><\/p>\n<p style=\"padding-left: 40px;\">Jako Rada Rodzic\u00f3w zapraszamy do udzia\u0142u w wybranych przez was konkursach. Co wa\u017cne &#8211; wasze wybory tak si\u0119 nam spodoba\u0142y, \u017ce zdecydowali\u015bmy si\u0119 og\u0142osi\u0107 nie jeden, a TRZY konkursy, kt\u00f3re zebra\u0142y najwi\u0119cej g\u0142os\u00f3w. I mamy dla was oczywi\u015bcie \u015bwietne nagrody, na kt\u00f3re zdecydowali\u015bmy si\u0119 przeznaczy\u0107 a\u017c <strong>6 tysi\u0119cy z\u0142otych<\/strong>! Warto wi\u0119c uruchomi\u0107 sw\u0105 kreatywno\u015b\u0107, zdolno\u015bci artystyczne i wyobra\u017ani\u0119. Na efekty waszych prac czekamy do <strong>20 stycznia 2021<\/strong>. Nagrody b\u0119d\u0105 przekazane w formie voucher\u00f3w do wybranych sklep\u00f3w (do wyboru EMPIK, MediaMarkt, Decathlon).<\/p>\n<p style=\"padding-left: 40px;\">Przed przygotowaniem i wys\u0142aniem prac koniecznie przeczytajcie regulaminy!<\/p>\n<p>&nbsp;<\/p>\n<blockquote style=\"padding-left: 40px;\">\n<h3 style=\"padding-left: 40px;\"><strong>1. Konkurs Filmowy JA KONTRA COVID.<\/strong><\/h3>\n<\/blockquote>\n<p style=\"padding-left: 40px;\"><strong><img loading=\"lazy\" decoding=\"async\" class=\" wp-image-9662 alignleft\" src=\"http:\/\/lo6.szczecin.pl\/wp-content\/uploads\/2020\/12\/KONKURS-FILMOWY.png\" alt=\"\" width=\"200\" height=\"100\" \/><\/strong><\/p>\n<p style=\"padding-left: 40px;\">W ramach konkursu zapraszamy do tworzenia film\u00f3w, kt\u00f3re udowodni\u0105, \u017ce sytuacja pandemii mo\u017ce by\u0107 znakomitym wyzwalaczem kreatywno\u015bci, fantazji i \u015bwie\u017co\u015bci w uczniach LO 6. Tw\u00f3rczo\u015b\u0107 ma tak\u017ce pokaza\u0107 jak m\u0142odzi ludzie i ich najbli\u017csi radz\u0105 sobie w codziennym zmaganiu z pandemi\u0105. Liczymy na filmy inteligentne, odwa\u017cne, dowcipne, zaskakuj\u0105ce, abstrakcyjne, dziwne, zakr\u0119cone, a nawet szalone &#8211; o ile oczywi\u015bcie nie naruszaj\u0105 prawa, elementarnych zasad przyzwoito\u015bci i regulaminu konkursu.<\/p>\n<p style=\"padding-left: 40px;\"><strong>Podstawowe zasady konkursu:<\/strong><\/p>\n<p style=\"padding-left: 40px;\">Przygotowanie kr\u00f3tkiej formy filmowej (<strong>do 5 minut<\/strong>). Tw\u00f3rcy filmu mog\u0105 wykorzysta\u0107 i \u0142\u0105czy\u0107 r\u00f3\u017cnego rodzaju gatunki filmowe (np. dokument, wywiad, reporta\u017c, teledysk, animacja, techniki \u0142\u0105czone).<\/p>\n<p style=\"padding-left: 40px;\">Film mo\u017cna wykona\u0107 dowoln\u0105 technik\u0105 przy u\u017cyciu dowolnego urz\u0105dzenia multimedialnego, np. telefon kom\u00f3rkowy, tablet, aparat fotograficzny, kamera, oprogramowanie do animacji.<\/p>\n<p style=\"padding-left: 40px;\"><strong>UWAGA:<\/strong> pami\u0119tajcie, \u017ce je\u015bli u\u017cywacie telefonu kom\u00f3rkowego, to nagrywamy w POZIOMIE, bo filmy trafi\u0105 do serwisu YouTube.<\/p>\n<p style=\"padding-left: 40px;\">Szczeg\u00f3\u0142y na temat przygotowania technicznego, wysy\u0142ki i ogranicze\u0144 zwi\u0105zanych z prawami autorskimi w <a href=\"http:\/\/lo6.szczecin.pl\/wp-content\/uploads\/2020\/12\/Regulamin_konkursu-filmowego.pdf\" target=\"_blank\" rel=\"noopener noreferrer\">Regulaminie konkursu filmowego<\/a><\/p>\n<blockquote style=\"padding-left: 40px;\"><p>&nbsp;<\/p>\n<h3 style=\"padding-left: 40px;\"><strong>2. Konkurs fotograficzny: A Z MOJEGO OKNA WIDZ\u0118&#8230;<\/strong><\/h3>\n<\/blockquote>\n<p style=\"padding-left: 40px;\"><img loading=\"lazy\" decoding=\"async\" class=\" wp-image-9664 alignleft\" src=\"http:\/\/lo6.szczecin.pl\/wp-content\/uploads\/2020\/12\/konkurs-okno.png\" alt=\"\" width=\"200\" height=\"100\" \/>Celem konkursu jest wyzwolenie kreatywno\u015bci i uwa\u017cnego spojrzenia na \u015bwiat w sytuacji pandemii. Ograniczenie w mo\u017cliwo\u015bci przemieszczania si\u0119 jest w tym przypadku szans\u0105 na nowe spojrzenie na otaczaj\u0105c\u0105 nas rzeczywisto\u015b\u0107. Fizyczne okna w domach uczni\u00f3w stan\u0105 si\u0119 symbolicznymi oknami na \u015bwiat. Warunkiem przyst\u0105pienia do konkursu jest wykonanie zdj\u0119\u0107 &#8220;z okna&#8221; mieszkania lub domu ucznia.<\/p>\n<p style=\"padding-left: 40px;\"><strong>Podstawowe zasady konkursu:<\/strong><\/p>\n<p style=\"padding-left: 40px;\">Technika i format wykonania fotografii s\u0105 dowolne. Dopuszcza si\u0119 tak\u017ce dowoln\u0105 obr\u00f3bk\u0119 programami graficznymi i inne zabiegi zwi\u0119kszaj\u0105ce warto\u015b\u0107 artystyczn\u0105 pracy.<\/p>\n<p style=\"padding-left: 40px;\">Dopuszcza si\u0119 wykonanie kola\u017cu z wi\u0119kszej ilo\u015bci zdj\u0119\u0107, ale musz\u0105 one mie\u015bci\u0107 si\u0119 w ramach jednej pracy.<\/p>\n<p style=\"padding-left: 40px;\">Je\u017celi na fotografii konkursowej znajduje si\u0119 wizerunek osoby\/os\u00f3b, uczestnik przesy\u0142aj\u0105c fotografi\u0119 zobowi\u0105zany jest do do\u0142\u0105czenia pisemnego o\u015bwiadczenia osoby\/os\u00f3b znajduj\u0105cej si\u0119 na fotografii na wyra\u017cenie zgody na nieodp\u0142atn\u0105 publikacje tego wizerunku.<\/p>\n<p style=\"padding-left: 40px;\">Prace nale\u017cy przes\u0142a\u0107 wy\u0142\u0105cznie w formie elektronicznej (jako za\u0142\u0105cznik) na adres e mail:\u00a0 <a href=\"mailto:rrlo6szczecin@gmail.com\">rrlo6szczecin@gmail.com<\/a> \u00a0w tytule podaj\u0105c Konkurs fotograficzny. W tre\u015bci maila nale\u017cy poda\u0107 imi\u0119 i nazwisko oraz klas\u0119 ucznia.<\/p>\n<p style=\"padding-left: 40px;\">Szczeg\u00f3\u0142y w <a href=\"http:\/\/lo6.szczecin.pl\/wp-content\/uploads\/2020\/12\/Regulamin_konkursu-fotograficznego.pdf\" target=\"_blank\" rel=\"noopener noreferrer\">Regulaminie konkursu fotograficznego<\/a><\/p>\n<blockquote style=\"padding-left: 40px;\">\n<h3 style=\"padding-left: 40px;\"><strong>3. Konkurs &#8211; zaprojektuj motyw graficzny maseczki ochronnej na twarz<\/strong><\/h3>\n<\/blockquote>\n<p style=\"padding-left: 40px;\"><img loading=\"lazy\" decoding=\"async\" class=\"size-full wp-image-9663 alignleft\" src=\"http:\/\/lo6.szczecin.pl\/wp-content\/uploads\/2020\/12\/konkurs-maska.png\" alt=\"\" width=\"200\" height=\"100\" \/>To konkurs wyj\u0105tkowo na czasie, w ko\u0144cu mamy szans\u0119 chodzi\u0107 w maseczce z motywem zaprojektowanym przez uczni\u00f3w dla uczni\u00f3w! \u00a0Zaprojektowany motyw ma nawi\u0105zywa\u0107 do szeroko rozumianego has\u0142a &#8220;My z LO 6&#8221;. Symbolika grafiki mo\u017ce odnosi\u0107 si\u0119 do nazwy szko\u0142y, jej patrona, budynku, historii, aktualnych wydarze\u0144. Nie narzucamy wizji artystycznej, ale zach\u0119camy do spojrzenia na LO 6, jako swego rodzaju otwart\u0105 tw\u00f3rcz\u0105 inspiracj\u0119. Najciekawszy projekt\/projekty zostan\u0105 wykorzystane do produkcji oryginalnych maseczek, przekazanych do u\u017cytkowania uczniom i nauczycielom.<\/p>\n<p style=\"padding-left: 40px;\"><strong>Podstawowe zasady konkursu:<\/strong><\/p>\n<p style=\"padding-left: 40px;\">Motyw graficzny musi zmie\u015bci\u0107 si\u0119 w prostok\u0105cie 15&#215;20 cm (15 cm szeroko\u015bci, 20 cm wysoko\u015bci).<\/p>\n<p style=\"padding-left: 40px;\">Technika wykonania grafiki jest dowolna, mog\u0105 to by\u0107 prace w wersji elektronicznej, zar\u00f3wno wektorowej, jak i rastrowej. Prace mog\u0105 by\u0107 te\u017c wykonane w wersji tradycyjnego malunku, grafiki, szkicu na p\u0142\u00f3tnie lub na papierze.<\/p>\n<p style=\"padding-left: 40px;\">Jedna osoba mo\u017ce zg\u0142osi\u0107 na konkurs maksymalnie 1 prac\u0119.<\/p>\n<p style=\"padding-left: 40px;\">Szczeg\u00f3\u0142y w <a href=\"http:\/\/lo6.szczecin.pl\/wp-content\/uploads\/2020\/12\/Regulamin_konkursu-maseczka.pdf\" target=\"_blank\" rel=\"noopener noreferrer\">Regulaminie konkursu Maseczka<\/a><\/p>\n<p>&nbsp;<\/p>\n<p>&nbsp;<\/p>\n","protected":false},"excerpt":{"rendered":"<p>Drodzy uczniowie! Przed nami \u015bwi\u0119ta, Sylwester, a potem\u00a0 ferie &#8211; czyli d\u0142ugi oddech od telenauczania. Na pewno jeste\u015bcie zm\u0119czeni, a by\u0107 mo\u017ce macie nawet dosy\u0107 siedzenia przed komputerem? Ale jak tu si\u0119 nie nudzi\u0107 w czasie, gdy i tak skazani jeste\u015bmy na siedzenie w domach? Jest na to pomys\u0142! Jako Rada Rodzic\u00f3w zapraszamy do udzia\u0142u&#8230;<\/p>\n","protected":false},"author":3,"featured_media":9654,"comment_status":"closed","ping_status":"closed","sticky":false,"template":"","format":"standard","meta":{"_acf_changed":false,"_s2mail":"","footnotes":""},"categories":[1],"tags":[],"class_list":["post-9652","post","type-post","status-publish","format-standard","has-post-thumbnail","hentry","category-bez-kategorii"],"acf":[],"_links":{"self":[{"href":"https:\/\/lo6.szczecin.pl\/index.php\/wp-json\/wp\/v2\/posts\/9652","targetHints":{"allow":["GET"]}}],"collection":[{"href":"https:\/\/lo6.szczecin.pl\/index.php\/wp-json\/wp\/v2\/posts"}],"about":[{"href":"https:\/\/lo6.szczecin.pl\/index.php\/wp-json\/wp\/v2\/types\/post"}],"author":[{"embeddable":true,"href":"https:\/\/lo6.szczecin.pl\/index.php\/wp-json\/wp\/v2\/users\/3"}],"replies":[{"embeddable":true,"href":"https:\/\/lo6.szczecin.pl\/index.php\/wp-json\/wp\/v2\/comments?post=9652"}],"version-history":[{"count":16,"href":"https:\/\/lo6.szczecin.pl\/index.php\/wp-json\/wp\/v2\/posts\/9652\/revisions"}],"predecessor-version":[{"id":9676,"href":"https:\/\/lo6.szczecin.pl\/index.php\/wp-json\/wp\/v2\/posts\/9652\/revisions\/9676"}],"wp:featuredmedia":[{"embeddable":true,"href":"https:\/\/lo6.szczecin.pl\/index.php\/wp-json\/wp\/v2\/media\/9654"}],"wp:attachment":[{"href":"https:\/\/lo6.szczecin.pl\/index.php\/wp-json\/wp\/v2\/media?parent=9652"}],"wp:term":[{"taxonomy":"category","embeddable":true,"href":"https:\/\/lo6.szczecin.pl\/index.php\/wp-json\/wp\/v2\/categories?post=9652"},{"taxonomy":"post_tag","embeddable":true,"href":"https:\/\/lo6.szczecin.pl\/index.php\/wp-json\/wp\/v2\/tags?post=9652"}],"curies":[{"name":"wp","href":"https:\/\/api.w.org\/{rel}","templated":true}]}}