{"id":9610,"date":"2020-12-01T14:34:40","date_gmt":"2020-12-01T13:34:40","guid":{"rendered":"http:\/\/lo6.szczecin.pl\/?p=9610"},"modified":"2020-12-02T11:05:16","modified_gmt":"2020-12-02T10:05:16","slug":"iskierka-radosci","status":"publish","type":"post","link":"https:\/\/lo6.szczecin.pl\/index.php\/2020\/12\/01\/iskierka-radosci\/","title":{"rendered":"Iskierka Rado\u015bci"},"content":{"rendered":"<p style=\"padding-left: 40px;\"><img loading=\"lazy\" decoding=\"async\" class=\"alignnone wp-image-9611\" src=\"http:\/\/lo6.szczecin.pl\/wp-content\/uploads\/2020\/12\/IR-300x213.jpg\" alt=\"\" width=\"692\" height=\"491\" srcset=\"https:\/\/lo6.szczecin.pl\/wp-content\/uploads\/2020\/12\/IR-300x213.jpg 300w, https:\/\/lo6.szczecin.pl\/wp-content\/uploads\/2020\/12\/IR-768x545.jpg 768w, https:\/\/lo6.szczecin.pl\/wp-content\/uploads\/2020\/12\/IR.jpg 912w\" sizes=\"auto, (max-width: 692px) 100vw, 692px\" \/><\/p>\n<p style=\"padding-left: 40px;\"><strong>Gratulujemy wszystkim osobom zaanga\u017cowanym w prac\u0119 szkolnego wolontariatu!<\/strong><\/p>\n<p>&nbsp;<\/p>\n<p style=\"padding-left: 40px;\">Organizatorem corocznej akcji <em><strong>Iskierka Rado\u015bci<\/strong><\/em> jest Zesp\u00f3\u0142 Szk\u00f3\u0142 nr 5 im. J\u00f3zefa Wybickiego w Szczecinie.<\/p>\n<p style=\"padding-left: 40px;\">Celem akcji jest podejmowanie dzia\u0142a\u0144, kt\u00f3re aktywizuj\u0105 dzieci i m\u0142odzie\u017c szczeci\u0144skich i polickich plac\u00f3wek szkolno-opieku\u0144czo-wychowawczych do niesienia pomocy potrzebuj\u0105cym dzieciom.<\/p>\n<p style=\"padding-left: 40px;\">Efektem tej aktywno\u015bci jest zbieranie przez uczni\u00f3w artyku\u0142\u00f3w papierniczych i chemicznych oraz funduszy jako materialnego wparcia najubo\u017cszych kole\u017canek i koleg\u00f3w.<\/p>\n<p style=\"padding-left: 40px;\">\n","protected":false},"excerpt":{"rendered":"<p>Gratulujemy wszystkim osobom zaanga\u017cowanym w prac\u0119 szkolnego wolontariatu! &nbsp; Organizatorem corocznej akcji Iskierka Rado\u015bci jest Zesp\u00f3\u0142 Szk\u00f3\u0142 nr 5 im. J\u00f3zefa Wybickiego w Szczecinie. Celem akcji jest podejmowanie dzia\u0142a\u0144, kt\u00f3re aktywizuj\u0105 dzieci i m\u0142odzie\u017c szczeci\u0144skich i polickich plac\u00f3wek szkolno-opieku\u0144czo-wychowawczych do niesienia pomocy potrzebuj\u0105cym dzieciom. Efektem tej aktywno\u015bci jest zbieranie przez uczni\u00f3w artyku\u0142\u00f3w papierniczych i chemicznych&#8230;<\/p>\n","protected":false},"author":3,"featured_media":9611,"comment_status":"closed","ping_status":"closed","sticky":false,"template":"","format":"gallery","meta":{"_acf_changed":false,"_s2mail":"","footnotes":""},"categories":[1],"tags":[],"class_list":["post-9610","post","type-post","status-publish","format-gallery","has-post-thumbnail","hentry","category-bez-kategorii","post_format-post-format-gallery"],"acf":[],"_links":{"self":[{"href":"https:\/\/lo6.szczecin.pl\/index.php\/wp-json\/wp\/v2\/posts\/9610","targetHints":{"allow":["GET"]}}],"collection":[{"href":"https:\/\/lo6.szczecin.pl\/index.php\/wp-json\/wp\/v2\/posts"}],"about":[{"href":"https:\/\/lo6.szczecin.pl\/index.php\/wp-json\/wp\/v2\/types\/post"}],"author":[{"embeddable":true,"href":"https:\/\/lo6.szczecin.pl\/index.php\/wp-json\/wp\/v2\/users\/3"}],"replies":[{"embeddable":true,"href":"https:\/\/lo6.szczecin.pl\/index.php\/wp-json\/wp\/v2\/comments?post=9610"}],"version-history":[{"count":3,"href":"https:\/\/lo6.szczecin.pl\/index.php\/wp-json\/wp\/v2\/posts\/9610\/revisions"}],"predecessor-version":[{"id":9616,"href":"https:\/\/lo6.szczecin.pl\/index.php\/wp-json\/wp\/v2\/posts\/9610\/revisions\/9616"}],"wp:featuredmedia":[{"embeddable":true,"href":"https:\/\/lo6.szczecin.pl\/index.php\/wp-json\/wp\/v2\/media\/9611"}],"wp:attachment":[{"href":"https:\/\/lo6.szczecin.pl\/index.php\/wp-json\/wp\/v2\/media?parent=9610"}],"wp:term":[{"taxonomy":"category","embeddable":true,"href":"https:\/\/lo6.szczecin.pl\/index.php\/wp-json\/wp\/v2\/categories?post=9610"},{"taxonomy":"post_tag","embeddable":true,"href":"https:\/\/lo6.szczecin.pl\/index.php\/wp-json\/wp\/v2\/tags?post=9610"}],"curies":[{"name":"wp","href":"https:\/\/api.w.org\/{rel}","templated":true}]}}