{"id":9563,"date":"2020-10-24T16:07:24","date_gmt":"2020-10-24T14:07:24","guid":{"rendered":"http:\/\/lo6.szczecin.pl\/?p=9563"},"modified":"2020-10-25T16:12:25","modified_gmt":"2020-10-25T15:12:25","slug":"edukacja-zdalna-w-okresie-26-pazdziernika-08-listopada-2020-r","status":"publish","type":"post","link":"https:\/\/lo6.szczecin.pl\/index.php\/2020\/10\/24\/edukacja-zdalna-w-okresie-26-pazdziernika-08-listopada-2020-r\/","title":{"rendered":"Edukacja zdalna w okresie 26 pa\u017adziernika &#8211; 08 listopada 2020 r."},"content":{"rendered":"<p style=\"padding-left: 40px;\"><strong>Edukacja zdalna w okresie 26 pa\u017adziernika &#8211; 08 listopada 2020 r. <\/strong><\/p>\n<p style=\"padding-left: 40px;\"><strong>\u00a0<\/strong><\/p>\n<p style=\"padding-left: 40px;\">Drodzy Uczniowie!<\/p>\n<p style=\"padding-left: 40px;\">W zwi\u0105zku z wprowadzeniem strefy czerwonej na terenie ca\u0142ego kraju szko\u0142y ponadpodstawowe przechodz\u0105 na system edukacji zdalnej, kt\u00f3ry odbywa\u0107 si\u0119 b\u0119dzie w VI LO wed\u0142ug nast\u0119puj\u0105cych zasad.<\/p>\n<p style=\"padding-left: 40px;\"><strong>\u00a0<\/strong><\/p>\n<ol>\n<li style=\"list-style-type: none;\">\n<ol>\n<li>Lekcje online odbywa\u0107 si\u0119 b\u0119d\u0105 wed\u0142ug dotychczasowego planu zaj\u0119\u0107 z przesuni\u0119ciem godzin rozpoczynania poszczeg\u00f3lnych godzin lekcyjnych o pe\u0142nej godzinie:<\/li>\n<\/ol>\n<\/li>\n<\/ol>\n<table style=\"width: 489px; margin-left: 40px;\">\n<tbody style=\"padding-left: 40px;\">\n<tr style=\"padding-left: 40px; height: 102px;\">\n<td style=\"width: 284.667px; padding-left: 40px; height: 102px;\"><strong>Numer godziny lekcyjnej <\/strong><\/td>\n<td style=\"width: 188.667px; padding-left: 40px; height: 102px;\"><strong>Czas trwania <\/strong><\/td>\n<\/tr>\n<tr style=\"padding-left: 40px; height: 78px;\">\n<td style=\"width: 284.667px; padding-left: 40px; height: 78px;\">\n<p style=\"padding-left: 40px;\">1.<\/p>\n<\/td>\n<td style=\"width: 188.667px; padding-left: 40px; height: 78px;\">\n<p style=\"padding-left: 40px;\">8.00 &#8211; 8.45<\/p>\n<\/td>\n<\/tr>\n<tr style=\"padding-left: 40px; height: 78px;\">\n<td style=\"width: 284.667px; padding-left: 40px; height: 78px;\">\n<p style=\"padding-left: 40px;\">2.<\/p>\n<\/td>\n<td style=\"width: 188.667px; padding-left: 40px; height: 78px;\">\n<p style=\"padding-left: 40px;\">9.00 &#8211; 9.45<\/p>\n<\/td>\n<\/tr>\n<tr style=\"padding-left: 40px; height: 78px;\">\n<td style=\"width: 284.667px; padding-left: 40px; height: 78px;\">\n<p style=\"padding-left: 40px;\">3.<\/p>\n<\/td>\n<td style=\"width: 188.667px; padding-left: 40px; height: 78px;\">\n<p style=\"padding-left: 40px;\">10.00 &#8211; 10.45<\/p>\n<\/td>\n<\/tr>\n<tr style=\"padding-left: 40px; height: 78px;\">\n<td style=\"width: 284.667px; padding-left: 40px; height: 78px;\">\n<p style=\"padding-left: 40px;\">4.<\/p>\n<\/td>\n<td style=\"width: 188.667px; padding-left: 40px; height: 78px;\">\n<p style=\"padding-left: 40px;\">11.00 &#8211; 11.45<\/p>\n<\/td>\n<\/tr>\n<tr style=\"padding-left: 40px; height: 78px;\">\n<td style=\"width: 284.667px; padding-left: 40px; height: 78px;\">\n<p style=\"padding-left: 40px;\">5.<\/p>\n<\/td>\n<td style=\"width: 188.667px; padding-left: 40px; height: 78px;\">\n<p style=\"padding-left: 40px;\">12.00 &#8211; 12.45<\/p>\n<\/td>\n<\/tr>\n<tr style=\"padding-left: 40px; height: 30.6742px;\">\n<td style=\"width: 284.667px; padding-left: 40px; height: 30.6742px;\">\n<p style=\"padding-left: 40px;\">6.<\/p>\n<\/td>\n<td style=\"width: 188.667px; padding-left: 40px; height: 30.6742px;\">\n<p style=\"padding-left: 40px;\">13.00 &#8211; 13.45<\/p>\n<\/td>\n<\/tr>\n<tr style=\"padding-left: 40px; height: 78px;\">\n<td style=\"width: 284.667px; padding-left: 40px; height: 78px;\">\n<p style=\"padding-left: 40px;\">7.<\/p>\n<\/td>\n<td style=\"width: 188.667px; padding-left: 40px; height: 78px;\">\n<p style=\"padding-left: 40px;\">14.00 &#8211; 14.45<\/p>\n<\/td>\n<\/tr>\n<tr style=\"padding-left: 40px; height: 78px;\">\n<td style=\"width: 284.667px; padding-left: 40px; height: 78px;\">\n<p style=\"padding-left: 40px;\">8 i 9<\/p>\n<\/td>\n<td style=\"width: 188.667px; padding-left: 40px; height: 78px;\">\n<p style=\"padding-left: 40px;\">15.00 &#8211; 16.30<\/p>\n<\/td>\n<\/tr>\n<\/tbody>\n<\/table>\n<p style=\"padding-left: 40px;\">Wszystkie przerwy trwa\u0107 b\u0119d\u0105 15 minut.<\/p>\n<ol>\n<li style=\"list-style-type: none;\">\n<ol start=\"2\">\n<li>Lekcje prowadzone b\u0119d\u0105 za po\u015brednictwem MS Teams.<\/li>\n<li>Ka\u017cda lekcja trwa\u0107 b\u0119dzie 45 minut i obejmowa\u0107 co najmniej 30 minut pracy przy monitorze z nauczycielem + 15 minut rozwi\u0105zywania zada\u0144, kt\u00f3re nast\u0119pnie b\u0119d\u0105 sprawdzane przez nauczyciela (przes\u0142anie zada\u0144 lub sprawdzanie przez nauczyciela online).<\/li>\n<li>Lekcje mog\u0105 by\u0107 \u0142\u0105czone w bloki z pomini\u0119ciem przerw lekcyjnych na dotychczasowych zasadach.<\/li>\n<li>Mo\u017cliwe s\u0105 indywidualne inne ustalenia w przypadku zatrudnienia nauczycieli w r\u00f3\u017cnych plac\u00f3wkach.<\/li>\n<li>Na zaj\u0119ciach lekcyjnych jest sprawdzana obecno\u015b\u0107 tak jak na lekcjach stacjonarnych.<\/li>\n<li>Koordynatorem w okresie edukacji zdalnej w swoim zespole klasowym jest wychowawca klasy. Wychowawca klasy jest upowa\u017cniony i zobowi\u0105zany do podejmowania dzia\u0142a\u0144 i reagowania w ka\u017cdej sytuacj\u0119 szczeg\u00f3lnej w swojej klasie.<\/li>\n<\/ol>\n<\/li>\n<\/ol>\n<p style=\"padding-left: 40px;\">Niniejsze ustalenia zostaj\u0105 wprowadzone w \u017cycie Zarz\u0105dzeniem Dyrektora VI LO Nr 8\/2020\/2021 z dnia 23 pa\u017adziernika 2020 r. z moc\u0105 obowi\u0105zywania od dnia 26 pa\u017adziernika 2020 r.<\/p>\n","protected":false},"excerpt":{"rendered":"<p>Edukacja zdalna w okresie 26 pa\u017adziernika &#8211; 08 listopada 2020 r. \u00a0 Drodzy Uczniowie! W zwi\u0105zku z wprowadzeniem strefy czerwonej na terenie ca\u0142ego kraju szko\u0142y ponadpodstawowe przechodz\u0105 na system edukacji zdalnej, kt\u00f3ry odbywa\u0107 si\u0119 b\u0119dzie w VI LO wed\u0142ug nast\u0119puj\u0105cych zasad. \u00a0 Lekcje online odbywa\u0107 si\u0119 b\u0119d\u0105 wed\u0142ug dotychczasowego planu zaj\u0119\u0107 z przesuni\u0119ciem godzin rozpoczynania&#8230;<\/p>\n","protected":false},"author":3,"featured_media":0,"comment_status":"closed","ping_status":"closed","sticky":false,"template":"","format":"standard","meta":{"_acf_changed":false,"_s2mail":"","footnotes":""},"categories":[1],"tags":[],"class_list":["post-9563","post","type-post","status-publish","format-standard","hentry","category-bez-kategorii"],"acf":[],"_links":{"self":[{"href":"https:\/\/lo6.szczecin.pl\/index.php\/wp-json\/wp\/v2\/posts\/9563","targetHints":{"allow":["GET"]}}],"collection":[{"href":"https:\/\/lo6.szczecin.pl\/index.php\/wp-json\/wp\/v2\/posts"}],"about":[{"href":"https:\/\/lo6.szczecin.pl\/index.php\/wp-json\/wp\/v2\/types\/post"}],"author":[{"embeddable":true,"href":"https:\/\/lo6.szczecin.pl\/index.php\/wp-json\/wp\/v2\/users\/3"}],"replies":[{"embeddable":true,"href":"https:\/\/lo6.szczecin.pl\/index.php\/wp-json\/wp\/v2\/comments?post=9563"}],"version-history":[{"count":4,"href":"https:\/\/lo6.szczecin.pl\/index.php\/wp-json\/wp\/v2\/posts\/9563\/revisions"}],"predecessor-version":[{"id":9567,"href":"https:\/\/lo6.szczecin.pl\/index.php\/wp-json\/wp\/v2\/posts\/9563\/revisions\/9567"}],"wp:attachment":[{"href":"https:\/\/lo6.szczecin.pl\/index.php\/wp-json\/wp\/v2\/media?parent=9563"}],"wp:term":[{"taxonomy":"category","embeddable":true,"href":"https:\/\/lo6.szczecin.pl\/index.php\/wp-json\/wp\/v2\/categories?post=9563"},{"taxonomy":"post_tag","embeddable":true,"href":"https:\/\/lo6.szczecin.pl\/index.php\/wp-json\/wp\/v2\/tags?post=9563"}],"curies":[{"name":"wp","href":"https:\/\/api.w.org\/{rel}","templated":true}]}}