{"id":9547,"date":"2020-10-12T17:00:05","date_gmt":"2020-10-12T15:00:05","guid":{"rendered":"http:\/\/lo6.szczecin.pl\/?p=9547"},"modified":"2020-10-18T17:09:37","modified_gmt":"2020-10-18T15:09:37","slug":"den-i-slubowanie-uczniow-klas-i","status":"publish","type":"post","link":"https:\/\/lo6.szczecin.pl\/index.php\/2020\/10\/12\/den-i-slubowanie-uczniow-klas-i\/","title":{"rendered":"DEN i \u015alubowanie uczni\u00f3w klas I"},"content":{"rendered":"<p style=\"text-align: center; padding-left: 40px;\"><em>W Dniu Edukacji Narodowej sk\u0142adamy wszystkim pracownikom o\u015bwiaty najserdeczniejsze podzi\u0119kowania za codzienn\u0105 cierpliwo\u015b\u0107 w pracy z uczniami, nieustanne poszukiwanie sposob\u00f3w jak\u00a0pracowa\u0107 coraz ciekawiej i skuteczniej.<\/em><\/p>\n<p style=\"text-align: center; padding-left: 40px;\"><em>Dzi\u0119kujemy za wzajemn\u0105 \u017cyczliwo\u015b\u0107, u\u015bmiech oraz wsp\u00f3\u0142prac\u0119 w realizacji zada\u0144 Szko\u0142y. <\/em><\/p>\n<p style=\"text-align: center; padding-left: 40px;\"><em>\u017byczymy szcz\u0119\u015bcia w \u017cyciu osobistym, wielu sukces\u00f3w w \u017cyciu zawodowym, spe\u0142nienia marze\u0144<br \/>\ni pragnie\u0144 oraz zdrowia,\u00a0kt\u00f3re pozwoli osi\u0105gn\u0105\u0107 zamierzone cele i\u00a0cieszy\u0107\u00a0si\u0119\u00a0uznaniem\u00a0innych.<\/em><\/p>\n<p style=\"padding-left: 40px; text-align: center;\"><img loading=\"lazy\" decoding=\"async\" class=\"alignnone size-full wp-image-9548\" src=\"http:\/\/lo6.szczecin.pl\/wp-content\/uploads\/2020\/10\/roza-mala.jpg\" alt=\"\" width=\"280\" height=\"212\" \/><\/p>\n<p style=\"padding-left: 40px;\"><span style=\"color: #800000;\"><strong>\u015alubowanie uczni\u00f3w klas pierwszych odb\u0119dzie si\u0119 z podzia\u0142em na trzy grupy:<\/strong><\/span><\/p>\n<p style=\"padding-left: 40px;\">1. godz. 8.30 &#8211; uczniowie z klasy 1 b,<br \/>\n2. godz. 9.30 &#8211; uczniowie z klasy 1 a,<br \/>\n3. godz. 10.30 &#8211; uczniowie z klasy 1 c.<\/p>\n<p style=\"padding-left: 40px;\">Obowi\u0105zuje str\u00f3j galowy.<\/p>\n","protected":false},"excerpt":{"rendered":"<p>W Dniu Edukacji Narodowej sk\u0142adamy wszystkim pracownikom o\u015bwiaty najserdeczniejsze podzi\u0119kowania za codzienn\u0105 cierpliwo\u015b\u0107 w pracy z uczniami, nieustanne poszukiwanie sposob\u00f3w jak\u00a0pracowa\u0107 coraz ciekawiej i skuteczniej. Dzi\u0119kujemy za wzajemn\u0105 \u017cyczliwo\u015b\u0107, u\u015bmiech oraz wsp\u00f3\u0142prac\u0119 w realizacji zada\u0144 Szko\u0142y. \u017byczymy szcz\u0119\u015bcia w \u017cyciu osobistym, wielu sukces\u00f3w w \u017cyciu zawodowym, spe\u0142nienia marze\u0144 i pragnie\u0144 oraz zdrowia,\u00a0kt\u00f3re pozwoli osi\u0105gn\u0105\u0107 zamierzone&#8230;<\/p>\n","protected":false},"author":3,"featured_media":8905,"comment_status":"closed","ping_status":"closed","sticky":false,"template":"","format":"gallery","meta":{"_acf_changed":false,"_s2mail":"","footnotes":""},"categories":[1],"tags":[],"class_list":["post-9547","post","type-post","status-publish","format-gallery","has-post-thumbnail","hentry","category-bez-kategorii","post_format-post-format-gallery"],"acf":[],"_links":{"self":[{"href":"https:\/\/lo6.szczecin.pl\/index.php\/wp-json\/wp\/v2\/posts\/9547","targetHints":{"allow":["GET"]}}],"collection":[{"href":"https:\/\/lo6.szczecin.pl\/index.php\/wp-json\/wp\/v2\/posts"}],"about":[{"href":"https:\/\/lo6.szczecin.pl\/index.php\/wp-json\/wp\/v2\/types\/post"}],"author":[{"embeddable":true,"href":"https:\/\/lo6.szczecin.pl\/index.php\/wp-json\/wp\/v2\/users\/3"}],"replies":[{"embeddable":true,"href":"https:\/\/lo6.szczecin.pl\/index.php\/wp-json\/wp\/v2\/comments?post=9547"}],"version-history":[{"count":1,"href":"https:\/\/lo6.szczecin.pl\/index.php\/wp-json\/wp\/v2\/posts\/9547\/revisions"}],"predecessor-version":[{"id":9549,"href":"https:\/\/lo6.szczecin.pl\/index.php\/wp-json\/wp\/v2\/posts\/9547\/revisions\/9549"}],"wp:featuredmedia":[{"embeddable":true,"href":"https:\/\/lo6.szczecin.pl\/index.php\/wp-json\/wp\/v2\/media\/8905"}],"wp:attachment":[{"href":"https:\/\/lo6.szczecin.pl\/index.php\/wp-json\/wp\/v2\/media?parent=9547"}],"wp:term":[{"taxonomy":"category","embeddable":true,"href":"https:\/\/lo6.szczecin.pl\/index.php\/wp-json\/wp\/v2\/categories?post=9547"},{"taxonomy":"post_tag","embeddable":true,"href":"https:\/\/lo6.szczecin.pl\/index.php\/wp-json\/wp\/v2\/tags?post=9547"}],"curies":[{"name":"wp","href":"https:\/\/api.w.org\/{rel}","templated":true}]}}