{"id":9543,"date":"2020-10-17T11:56:40","date_gmt":"2020-10-17T09:56:40","guid":{"rendered":"http:\/\/lo6.szczecin.pl\/?p=9543"},"modified":"2020-10-17T12:05:29","modified_gmt":"2020-10-17T10:05:29","slug":"funkcjonowanie-szkoly-w-strefie-zoltej","status":"publish","type":"post","link":"https:\/\/lo6.szczecin.pl\/index.php\/2020\/10\/17\/funkcjonowanie-szkoly-w-strefie-zoltej\/","title":{"rendered":"FUNKCJONOWANIE SZK\u00d3\u0141Y W STREFIE \u017b\u00d3\u0141TEJ"},"content":{"rendered":"<p style=\"padding-left: 40px;\">Drodzy Uczniowie,<\/p>\n<p style=\"padding-left: 40px;\">W zwi\u0105zku z rosn\u0105c\u0105 liczb\u0105 zaka\u017ce\u0144 i zachorowa\u0144 na COVID-19 ulega zmianie system pracy szko\u0142y.<\/p>\n<p style=\"padding-left: 40px;\">Od poniedzia\u0142ku &#8211; 19 pa\u017adziernika 2020 r. wszyscy uczniowie w VI LO w Szczecinie przejd\u0105 na system mieszany (hybrydowy), co oznacza, \u017ce co najmniej po\u0142owa uczni\u00f3w b\u0119dzie mia\u0142a zaj\u0119cia stacjonarne w szkole, a pozosta\u0142a cz\u0119\u015b\u0107 z wykorzystaniem technik kszta\u0142cenia na odleg\u0142o\u015b\u0107. Na zebraniu rady pedagogicznej w dniu 16 pa\u017adziernika 2020 r. przyj\u0119to nast\u0119puj\u0105cy model nauczania hybrydowego:<\/p>\n<ul>\n<li style=\"list-style-type: none;\">\n<ul>\n<li>zaj\u0119cia stacjonarne prowadzone b\u0119d\u0105 zgodnie z planem w klasach trzecich w sta\u0142ych salach lekcyjnych,<\/li>\n<li>zaj\u0119cia w klasach pierwszych i drugich odbywa\u0107 si\u0119 b\u0119d\u0105 z podzia\u0142em na grupy naprzemiennie co tydzie\u0144: jedna grupa pracuje stacjonarnie, druga grupa metod\u0105 lekcji odwr\u00f3conej &#8211; praca samodzielna pod kierunkiem nauczyciela.<\/li>\n<\/ul>\n<\/li>\n<\/ul>\n<p style=\"padding-left: 40px;\">Zaj\u0119cia stacjonarne rozpoczynaj\u0105 uczniowie z I grupy.<\/p>\n<p style=\"padding-left: 40px;\">Podzia\u0142u na grupy wed\u0142ug dziennika dokonuj\u0105 wychowawcy klas. Wychowawcy r\u00f3wnie\u017c przeka\u017c\u0105 Wam informacj\u0119 w kt\u00f3rej jeste\u015bcie grupie. Przyj\u0119to podzia\u0142 na grupy zgodnie z numerami w dzienniku. Je\u015bli liczba uczni\u00f3w w klasie jest nieparzysta to grupa I jest wi\u0119ksza o 1.<\/p>\n<p style=\"padding-left: 40px;\">W przypadku zwolnienia lekarskiego wychowawcy, podzia\u0142u na grupy dokonuje dyrektor szko\u0142y.<\/p>\n<p style=\"padding-left: 40px;\">Nauczyciele poszczeg\u00f3lnych przedmiot\u00f3w b\u0119d\u0105 przesy\u0142a\u0107 Wam materia\u0142y i wskaz\u00f3wki do pracy w\u0142asnej w spos\u00f3b zaplanowany i rytmiczny z wykorzystaniem dziennika elektronicznego oraz programu OFFICE 365. W razie konieczno\u015bci r\u00f3wnie\u017c w ten spos\u00f3b b\u0119d\u0105 prowadzone konsultacje.<\/p>\n<p style=\"padding-left: 40px;\">W czasie hybrydowego systemu nauczania w przypadkach szczeg\u00f3lnych mo\u017cliwe s\u0105 indywidualne rozwi\u0105zania i pomoc w porozumieniu z wychowawc\u0105 klasy.<\/p>\n<p style=\"padding-left: 40px;\">W czasie kszta\u0142cenia na odleg\u0142o\u015b\u0107 zak\u0142ada si\u0119 obecno\u015b\u0107 ucznia i wykonywanie przez niego zada\u0144 wyznaczonych przez nauczyciela.<\/p>\n<p style=\"padding-left: 40px;\">Usprawiedliwianie nieobecno\u015bci uczni\u00f3w na zaj\u0119ciach odbywa\u0107 si\u0119 b\u0119dzie na dotychczasowych zasadach.<\/p>\n<p style=\"padding-left: 40px;\">Na zaj\u0119ciach stacjonarnych i w czasie kszta\u0142cenia na odleg\u0142o\u015b\u0107 realizowane przede wszystkim tre\u015bci podstawy programowej a nie ca\u0142o\u015bci przyj\u0119tego programu nauczania, kt\u00f3ry zwykle znacznie je rozszerza.<\/p>\n<p style=\"padding-left: 40px;\">Wszyscy nauczyciele pracowa\u0107 b\u0119d\u0105 w przysz\u0142ym tygodniu stacjonarnie.<\/p>\n<p style=\"padding-left: 40px;\">Wszyscy jeste\u015bmy zobowi\u0105zani do przestrzegania zasad re\u017cimu sanitarnego oraz do maksymalnego ograniczenia kontakt\u00f3w spo\u0142ecznych. Pami\u0119tajcie o tym organizuj\u0105c swoje zaj\u0119cia oraz formy wypoczynku np. w czasie weekendu.<\/p>\n<p style=\"padding-left: 40px;\">Serdecznie pozdrawiam i niezmiennie \u017cycz\u0119 zdrowia i rzeczywistego zaanga\u017cowania w prac\u0119 zar\u00f3wno w szkole, jak i w domu.<\/p>\n<p>&nbsp;<\/p>\n<p style=\"padding-left: 40px;\">Bo\u017cena Ulchurska-Jackowska<\/p>\n<p style=\"padding-left: 40px;\">dyrektor VI LO w Szczecinie<\/p>\n","protected":false},"excerpt":{"rendered":"<p>Drodzy Uczniowie, W zwi\u0105zku z rosn\u0105c\u0105 liczb\u0105 zaka\u017ce\u0144 i zachorowa\u0144 na COVID-19 ulega zmianie system pracy szko\u0142y. Od poniedzia\u0142ku &#8211; 19 pa\u017adziernika 2020 r. wszyscy uczniowie w VI LO w Szczecinie przejd\u0105 na system mieszany (hybrydowy), co oznacza, \u017ce co najmniej po\u0142owa uczni\u00f3w b\u0119dzie mia\u0142a zaj\u0119cia stacjonarne w szkole, a pozosta\u0142a cz\u0119\u015b\u0107 z wykorzystaniem technik&#8230;<\/p>\n","protected":false},"author":3,"featured_media":8905,"comment_status":"closed","ping_status":"closed","sticky":false,"template":"","format":"gallery","meta":{"_acf_changed":false,"_s2mail":"","footnotes":""},"categories":[1],"tags":[],"class_list":["post-9543","post","type-post","status-publish","format-gallery","has-post-thumbnail","hentry","category-bez-kategorii","post_format-post-format-gallery"],"acf":[],"_links":{"self":[{"href":"https:\/\/lo6.szczecin.pl\/index.php\/wp-json\/wp\/v2\/posts\/9543","targetHints":{"allow":["GET"]}}],"collection":[{"href":"https:\/\/lo6.szczecin.pl\/index.php\/wp-json\/wp\/v2\/posts"}],"about":[{"href":"https:\/\/lo6.szczecin.pl\/index.php\/wp-json\/wp\/v2\/types\/post"}],"author":[{"embeddable":true,"href":"https:\/\/lo6.szczecin.pl\/index.php\/wp-json\/wp\/v2\/users\/3"}],"replies":[{"embeddable":true,"href":"https:\/\/lo6.szczecin.pl\/index.php\/wp-json\/wp\/v2\/comments?post=9543"}],"version-history":[{"count":3,"href":"https:\/\/lo6.szczecin.pl\/index.php\/wp-json\/wp\/v2\/posts\/9543\/revisions"}],"predecessor-version":[{"id":9546,"href":"https:\/\/lo6.szczecin.pl\/index.php\/wp-json\/wp\/v2\/posts\/9543\/revisions\/9546"}],"wp:featuredmedia":[{"embeddable":true,"href":"https:\/\/lo6.szczecin.pl\/index.php\/wp-json\/wp\/v2\/media\/8905"}],"wp:attachment":[{"href":"https:\/\/lo6.szczecin.pl\/index.php\/wp-json\/wp\/v2\/media?parent=9543"}],"wp:term":[{"taxonomy":"category","embeddable":true,"href":"https:\/\/lo6.szczecin.pl\/index.php\/wp-json\/wp\/v2\/categories?post=9543"},{"taxonomy":"post_tag","embeddable":true,"href":"https:\/\/lo6.szczecin.pl\/index.php\/wp-json\/wp\/v2\/tags?post=9543"}],"curies":[{"name":"wp","href":"https:\/\/api.w.org\/{rel}","templated":true}]}}