{"id":9534,"date":"2020-10-12T10:26:06","date_gmt":"2020-10-12T08:26:06","guid":{"rendered":"http:\/\/lo6.szczecin.pl\/?p=9534"},"modified":"2020-10-13T09:17:44","modified_gmt":"2020-10-13T07:17:44","slug":"zebrania-z-rodzicami-16","status":"publish","type":"post","link":"https:\/\/lo6.szczecin.pl\/index.php\/2020\/10\/12\/zebrania-z-rodzicami-16\/","title":{"rendered":"Zebrania z Rodzicami"},"content":{"rendered":"<p style=\"padding-left: 40px;\"><span style=\"font-size: 12pt;\">Dnia 15 pa\u017adziernika 2020 r. odb\u0119d\u0105 si\u0119 zabrania z Rodzicami uczni\u00f3w klas I, II i III.<\/span><\/p>\n<p style=\"padding-left: 40px;\"><span style=\"font-size: 12pt;\">Tematem zebra\u0144 b\u0119d\u0105: Bie\u017c\u0105ce osi\u0105gni\u0119cia uczni\u00f3w oraz ich post\u0119py w nauce<\/span><\/p>\n<ol>\n<li style=\"list-style-type: none;\">\n<ol>\n<li><span style=\"font-size: 12pt;\">Zebrania z rodzicami uczni\u00f3w klas II &#8211; godz. 17.00<\/span><\/li>\n<li><span style=\"font-size: 12pt;\">Zebrania z rodzicami uczni\u00f3w klas I i III &#8211; godz. 18.00<\/span><\/li>\n<\/ol>\n<\/li>\n<\/ol>\n<p style=\"padding-left: 40px;\"><span style=\"font-size: 12pt;\">Konsultacje indywidualne dla rodzic\u00f3w &#8211; wszyscy nauczyciele w godz. 17.00 &#8211; 19.00<\/span><\/p>\n<p style=\"padding-left: 40px;\"><span style=\"font-size: 12pt;\">ZEBRANIA i KONSULTACJE B\u0118D\u0104 MIA\u0141Y FORM\u0118 ZDALN\u0104<\/span><\/p>\n","protected":false},"excerpt":{"rendered":"<p>Dnia 15 pa\u017adziernika 2020 r. odb\u0119d\u0105 si\u0119 zabrania z Rodzicami uczni\u00f3w klas I, II i III. Tematem zebra\u0144 b\u0119d\u0105: Bie\u017c\u0105ce osi\u0105gni\u0119cia uczni\u00f3w oraz ich post\u0119py w nauce Zebrania z rodzicami uczni\u00f3w klas II &#8211; godz. 17.00 Zebrania z rodzicami uczni\u00f3w klas I i III &#8211; godz. 18.00 Konsultacje indywidualne dla rodzic\u00f3w &#8211; wszyscy nauczyciele w&#8230;<\/p>\n","protected":false},"author":3,"featured_media":0,"comment_status":"closed","ping_status":"closed","sticky":false,"template":"","format":"gallery","meta":{"_acf_changed":false,"_s2mail":"","footnotes":""},"categories":[1],"tags":[],"class_list":["post-9534","post","type-post","status-publish","format-gallery","hentry","category-bez-kategorii","post_format-post-format-gallery"],"acf":[],"_links":{"self":[{"href":"https:\/\/lo6.szczecin.pl\/index.php\/wp-json\/wp\/v2\/posts\/9534","targetHints":{"allow":["GET"]}}],"collection":[{"href":"https:\/\/lo6.szczecin.pl\/index.php\/wp-json\/wp\/v2\/posts"}],"about":[{"href":"https:\/\/lo6.szczecin.pl\/index.php\/wp-json\/wp\/v2\/types\/post"}],"author":[{"embeddable":true,"href":"https:\/\/lo6.szczecin.pl\/index.php\/wp-json\/wp\/v2\/users\/3"}],"replies":[{"embeddable":true,"href":"https:\/\/lo6.szczecin.pl\/index.php\/wp-json\/wp\/v2\/comments?post=9534"}],"version-history":[{"count":2,"href":"https:\/\/lo6.szczecin.pl\/index.php\/wp-json\/wp\/v2\/posts\/9534\/revisions"}],"predecessor-version":[{"id":9536,"href":"https:\/\/lo6.szczecin.pl\/index.php\/wp-json\/wp\/v2\/posts\/9534\/revisions\/9536"}],"wp:attachment":[{"href":"https:\/\/lo6.szczecin.pl\/index.php\/wp-json\/wp\/v2\/media?parent=9534"}],"wp:term":[{"taxonomy":"category","embeddable":true,"href":"https:\/\/lo6.szczecin.pl\/index.php\/wp-json\/wp\/v2\/categories?post=9534"},{"taxonomy":"post_tag","embeddable":true,"href":"https:\/\/lo6.szczecin.pl\/index.php\/wp-json\/wp\/v2\/tags?post=9534"}],"curies":[{"name":"wp","href":"https:\/\/api.w.org\/{rel}","templated":true}]}}