{"id":9435,"date":"2020-09-08T08:47:12","date_gmt":"2020-09-08T06:47:12","guid":{"rendered":"http:\/\/lo6.szczecin.pl\/?p=9435"},"modified":"2020-09-08T09:53:34","modified_gmt":"2020-09-08T07:53:34","slug":"nabor-do-v-kadencji-rady-dzieci-i-mlodziezy-rp-przy-men","status":"publish","type":"post","link":"https:\/\/lo6.szczecin.pl\/index.php\/2020\/09\/08\/nabor-do-v-kadencji-rady-dzieci-i-mlodziezy-rp-przy-men\/","title":{"rendered":"Nab\u00f3r do V kadencji Rady Dzieci i M\u0142odzie\u017cy RP przy MEN"},"content":{"rendered":"<div style=\"padding-left: 40px;\">Informacja o naborze do V kadencji Rady Dzieci i M\u0142odzie\u017cy RP przy Ministrze Edukacji Narodowej<\/div>\n<div style=\"padding-left: 40px;\"><\/div>\n<div style=\"padding-left: 40px;\">Do Rady mog\u0105 kandydowa\u0107 uczniowie, kt\u00f3rzy uko\u0144czyli 13 lat, a tak\u017ce absolwenci szk\u00f3\u0142, kt\u00f3rzy do 11 wrze\u015bnia br. nie uko\u0144czyli 21. roku \u017cycia.<\/div>\n<div style=\"padding-left: 40px;\"><\/div>\n<div style=\"padding-left: 40px;\">Formularz zg\u0142oszeniowy oraz szczeg\u00f3\u0142y dotycz\u0105ce naboru znajd\u0105 Pa\u0144stwo na stronie <a href=\"https:\/\/www.gov.pl\/web\/edukacja\/rada-dzieci-i-mlodziezy-nabor\" target=\"_blank\" rel=\"noopener noreferrer\">https:\/\/www.gov.pl\/web\/edukacja\/rada-dzieci-i-mlodziezy-nabor<\/a>.<\/div>\n<div style=\"padding-left: 40px;\">Termin nadsy\u0142ania zg\u0142osze\u0144 mija 11 wrze\u015bnia br.<\/div>\n<div style=\"padding-left: 40px;\"><\/div>\n<div style=\"padding-left: 40px;\">Rada jest organem pomocniczym Ministra. Do jej zada\u0144 nale\u017cy m.in. opiniowanie wybranych projekt\u00f3w dokument\u00f3w opracowywanych w MEN oraz przedstawianie w\u0142asnych propozycji zmian w edukacji.<\/div>\n<div style=\"padding-left: 40px;\"><\/div>\n<div style=\"padding-left: 40px;\">Uczestnictwo w pracach Rady to dla m\u0142odych ludzi niepowtarzalne do\u015bwiadczenie, kt\u00f3re z powodzeniem mog\u0105 wykorzystywa\u0107 w swojej dalszej edukacji lub pracy zawodowej.<\/div>\n<div><\/div>\n","protected":false},"excerpt":{"rendered":"<p>Informacja o naborze do V kadencji Rady Dzieci i M\u0142odzie\u017cy RP przy Ministrze Edukacji Narodowej Do Rady mog\u0105 kandydowa\u0107 uczniowie, kt\u00f3rzy uko\u0144czyli 13 lat, a tak\u017ce absolwenci szk\u00f3\u0142, kt\u00f3rzy do 11 wrze\u015bnia br. nie uko\u0144czyli 21. roku \u017cycia. Formularz zg\u0142oszeniowy oraz szczeg\u00f3\u0142y dotycz\u0105ce naboru znajd\u0105 Pa\u0144stwo na stronie https:\/\/www.gov.pl\/web\/edukacja\/rada-dzieci-i-mlodziezy-nabor. Termin nadsy\u0142ania zg\u0142osze\u0144 mija 11 wrze\u015bnia&#8230;<\/p>\n","protected":false},"author":3,"featured_media":9436,"comment_status":"closed","ping_status":"closed","sticky":false,"template":"","format":"gallery","meta":{"_acf_changed":false,"_s2mail":"","footnotes":""},"categories":[1],"tags":[],"class_list":["post-9435","post","type-post","status-publish","format-gallery","has-post-thumbnail","hentry","category-bez-kategorii","post_format-post-format-gallery"],"acf":[],"_links":{"self":[{"href":"https:\/\/lo6.szczecin.pl\/index.php\/wp-json\/wp\/v2\/posts\/9435","targetHints":{"allow":["GET"]}}],"collection":[{"href":"https:\/\/lo6.szczecin.pl\/index.php\/wp-json\/wp\/v2\/posts"}],"about":[{"href":"https:\/\/lo6.szczecin.pl\/index.php\/wp-json\/wp\/v2\/types\/post"}],"author":[{"embeddable":true,"href":"https:\/\/lo6.szczecin.pl\/index.php\/wp-json\/wp\/v2\/users\/3"}],"replies":[{"embeddable":true,"href":"https:\/\/lo6.szczecin.pl\/index.php\/wp-json\/wp\/v2\/comments?post=9435"}],"version-history":[{"count":2,"href":"https:\/\/lo6.szczecin.pl\/index.php\/wp-json\/wp\/v2\/posts\/9435\/revisions"}],"predecessor-version":[{"id":9446,"href":"https:\/\/lo6.szczecin.pl\/index.php\/wp-json\/wp\/v2\/posts\/9435\/revisions\/9446"}],"wp:featuredmedia":[{"embeddable":true,"href":"https:\/\/lo6.szczecin.pl\/index.php\/wp-json\/wp\/v2\/media\/9436"}],"wp:attachment":[{"href":"https:\/\/lo6.szczecin.pl\/index.php\/wp-json\/wp\/v2\/media?parent=9435"}],"wp:term":[{"taxonomy":"category","embeddable":true,"href":"https:\/\/lo6.szczecin.pl\/index.php\/wp-json\/wp\/v2\/categories?post=9435"},{"taxonomy":"post_tag","embeddable":true,"href":"https:\/\/lo6.szczecin.pl\/index.php\/wp-json\/wp\/v2\/tags?post=9435"}],"curies":[{"name":"wp","href":"https:\/\/api.w.org\/{rel}","templated":true}]}}