{"id":9417,"date":"2020-09-01T13:46:31","date_gmt":"2020-09-01T11:46:31","guid":{"rendered":"http:\/\/lo6.szczecin.pl\/?p=9417"},"modified":"2020-09-02T13:59:35","modified_gmt":"2020-09-02T11:59:35","slug":"zastepstwa-na-dzien-02-09-2020-r","status":"publish","type":"post","link":"https:\/\/lo6.szczecin.pl\/index.php\/2020\/09\/01\/zastepstwa-na-dzien-02-09-2020-r\/","title":{"rendered":"Zast\u0119pstwa na dzie\u0144 03.09.2020 r."},"content":{"rendered":"<p style=\"padding-left: 40px;\">Z uwagi na prowadzone w dniu 3 wrze\u015bnia 2020 r. zaj\u0119cia integracyjne dla uczni\u00f3w klas 1, prosimy o zapoznanie si\u0119 z zaplanowanymi zast\u0119pstwami: <a href=\"http:\/\/lo6.szczecin.pl\/wp-content\/uploads\/2020\/09\/Plan-2020_2021.pdf\">plik.pdf<\/a><\/p>\n<p>&nbsp;<\/p>\n<p>&nbsp;<\/p>\n","protected":false},"excerpt":{"rendered":"<p>Z uwagi na prowadzone w dniu 3 wrze\u015bnia 2020 r. zaj\u0119cia integracyjne dla uczni\u00f3w klas 1, prosimy o zapoznanie si\u0119 z zaplanowanymi zast\u0119pstwami: plik.pdf &nbsp; &nbsp;<\/p>\n","protected":false},"author":4,"featured_media":0,"comment_status":"closed","ping_status":"closed","sticky":false,"template":"","format":"standard","meta":{"_acf_changed":false,"_s2mail":"","footnotes":""},"categories":[1],"tags":[],"class_list":["post-9417","post","type-post","status-publish","format-standard","hentry","category-bez-kategorii"],"acf":[],"_links":{"self":[{"href":"https:\/\/lo6.szczecin.pl\/index.php\/wp-json\/wp\/v2\/posts\/9417","targetHints":{"allow":["GET"]}}],"collection":[{"href":"https:\/\/lo6.szczecin.pl\/index.php\/wp-json\/wp\/v2\/posts"}],"about":[{"href":"https:\/\/lo6.szczecin.pl\/index.php\/wp-json\/wp\/v2\/types\/post"}],"author":[{"embeddable":true,"href":"https:\/\/lo6.szczecin.pl\/index.php\/wp-json\/wp\/v2\/users\/4"}],"replies":[{"embeddable":true,"href":"https:\/\/lo6.szczecin.pl\/index.php\/wp-json\/wp\/v2\/comments?post=9417"}],"version-history":[{"count":5,"href":"https:\/\/lo6.szczecin.pl\/index.php\/wp-json\/wp\/v2\/posts\/9417\/revisions"}],"predecessor-version":[{"id":9424,"href":"https:\/\/lo6.szczecin.pl\/index.php\/wp-json\/wp\/v2\/posts\/9417\/revisions\/9424"}],"wp:attachment":[{"href":"https:\/\/lo6.szczecin.pl\/index.php\/wp-json\/wp\/v2\/media?parent=9417"}],"wp:term":[{"taxonomy":"category","embeddable":true,"href":"https:\/\/lo6.szczecin.pl\/index.php\/wp-json\/wp\/v2\/categories?post=9417"},{"taxonomy":"post_tag","embeddable":true,"href":"https:\/\/lo6.szczecin.pl\/index.php\/wp-json\/wp\/v2\/tags?post=9417"}],"curies":[{"name":"wp","href":"https:\/\/api.w.org\/{rel}","templated":true}]}}