{"id":9389,"date":"2020-08-25T11:02:30","date_gmt":"2020-08-25T09:02:30","guid":{"rendered":"http:\/\/lo6.szczecin.pl\/?p=9389"},"modified":"2020-08-28T12:40:38","modified_gmt":"2020-08-28T10:40:38","slug":"rozpoczecie-roku-szkolnego-2020-2021","status":"publish","type":"post","link":"https:\/\/lo6.szczecin.pl\/index.php\/2020\/08\/25\/rozpoczecie-roku-szkolnego-2020-2021\/","title":{"rendered":"Rozpocz\u0119cie roku szkolnego 2020\/2021"},"content":{"rendered":"<p style=\"text-align: center; padding-left: 40px;\"><strong>Rozpocz\u0119cie roku szkolnego 2020\/2021<\/strong><\/p>\n<p style=\"padding-left: 40px;\"><strong><em>Szanowni Rodzice,<\/em><\/strong><\/p>\n<p style=\"padding-left: 40px;\"><strong><em>Drodzy Uczniowie,<\/em><\/strong><\/p>\n<p style=\"padding-left: 40px;\">w zwi\u0105zku z obostrzeniami wynikaj\u0105cymi z sytuacji epidemiologicznej oraz wytycznymi podanymi przez MEN i GIS dotycz\u0105cymi funkcjonowania jednostek o\u015bwiatowych od dnia 01 wrze\u015bnia 2020 r. uprzejmie informuj\u0119, \u017ce inauguracja roku szkolnego 2020\/2021 odbywa\u0107 si\u0119 b\u0119dzie w formie kameralnych spotka\u0144 uczni\u00f3w z wychowawcami oraz dyrekcj\u0105 szko\u0142y wed\u0142ug nast\u0119puj\u0105cego harmonogramu:<\/p>\n<p style=\"padding-left: 40px;\"><span style=\"color: #003366;\"><strong>Godzina 9.00 &#8211; wszystkie klasy drugie:<\/strong><\/span><\/p>\n<table style=\"width: 581px; margin-left: 40px;\" border=\"1\">\n<tbody style=\"padding-left: 40px;\">\n<tr style=\"height: 24px; padding-left: 40px;\">\n<td style=\"width: 91px; height: 24px; text-align: center; padding-left: 40px;\"><strong>Klasa<\/strong><\/td>\n<td style=\"width: 322.8px; height: 24px; padding-left: 40px;\"><strong>Wychowawca<\/strong><\/td>\n<td style=\"width: 144.2px; height: 24px; text-align: center; padding-left: 40px;\"><strong>Numer sali<\/strong><\/td>\n<\/tr>\n<tr style=\"height: 31px; padding-left: 40px;\">\n<td style=\"width: 91px; height: 31px; text-align: center; padding-left: 40px;\">2 A<\/td>\n<td style=\"width: 322.8px; height: 31px; padding-left: 40px;\">Beata Przybylska-Jankowska<\/td>\n<td style=\"width: 144.2px; height: 31px; text-align: center; padding-left: 40px;\">21<\/td>\n<\/tr>\n<tr style=\"height: 31px; padding-left: 40px;\">\n<td style=\"width: 91px; height: 31px; text-align: center; padding-left: 40px;\">2 B1<\/td>\n<td style=\"width: 322.8px; height: 31px; padding-left: 40px;\">Agnieszka Andrzejuk<\/td>\n<td style=\"width: 144.2px; height: 31px; text-align: center; padding-left: 40px;\">2<\/td>\n<\/tr>\n<tr style=\"height: 26px; padding-left: 40px;\">\n<td style=\"width: 91px; height: 26px; text-align: center; padding-left: 40px;\">2 B2<\/td>\n<td style=\"width: 322.8px; height: 26px; padding-left: 40px;\">Monika \u0141uczak<\/td>\n<td style=\"width: 144.2px; height: 26px; text-align: center; padding-left: 40px;\">4<\/td>\n<\/tr>\n<tr style=\"height: 25px; padding-left: 40px;\">\n<td style=\"width: 91px; height: 25px; text-align: center; padding-left: 40px;\">2 C<\/td>\n<td style=\"width: 322.8px; height: 25px; padding-left: 40px;\">Jolanta Rosiak<\/td>\n<td style=\"width: 144.2px; height: 25px; text-align: center; padding-left: 40px;\">14<\/td>\n<\/tr>\n<tr style=\"height: 25px; padding-left: 40px;\">\n<td style=\"width: 91px; height: 25px; text-align: center; padding-left: 40px;\">2 GA<\/td>\n<td style=\"width: 322.8px; height: 25px; padding-left: 40px;\">Agnieszka \u017begli\u0144ska<\/td>\n<td style=\"width: 144.2px; height: 25px; text-align: center; padding-left: 40px;\">7<\/td>\n<\/tr>\n<tr style=\"height: 30px; padding-left: 40px;\">\n<td style=\"width: 91px; height: 30px; text-align: center; padding-left: 40px;\">2 GB1<\/td>\n<td style=\"width: 322.8px; height: 30px; padding-left: 40px;\">Anna Kokot<\/td>\n<td style=\"width: 144.2px; height: 30px; text-align: center; padding-left: 40px;\">5<\/td>\n<\/tr>\n<tr style=\"height: 23px; padding-left: 40px;\">\n<td style=\"width: 91px; height: 23px; text-align: center; padding-left: 40px;\">2 GB2<\/td>\n<td style=\"width: 322.8px; height: 23px; padding-left: 40px;\">Teresa Witkiewicz<\/td>\n<td style=\"width: 144.2px; height: 23px; text-align: center; padding-left: 40px;\">25<\/td>\n<\/tr>\n<tr style=\"height: 24px; padding-left: 40px;\">\n<td style=\"width: 91px; height: 24px; text-align: center; padding-left: 40px;\">2 GC<\/td>\n<td style=\"width: 322.8px; height: 24px; padding-left: 40px;\">Barbara Kowalska<\/td>\n<td style=\"width: 144.2px; height: 24px; text-align: center; padding-left: 40px;\">22<\/td>\n<\/tr>\n<\/tbody>\n<\/table>\n<p style=\"padding-left: 40px;\"><span style=\"color: #003366;\"><strong>Godzina 11.00 &#8211; klasy pierwsze i trzecie:<\/strong><\/span><\/p>\n<table style=\"width: 584px; margin-left: 40px;\" border=\"1\">\n<tbody style=\"padding-left: 40px;\">\n<tr style=\"padding-left: 40px;\">\n<td style=\"width: 87px; text-align: center; padding-left: 40px;\"><strong>Klasa<\/strong><\/td>\n<td style=\"width: 321.8px; padding-left: 40px;\"><strong>Wychowawca<\/strong><\/td>\n<td style=\"width: 152.2px; text-align: center; padding-left: 40px;\"><strong>Numer sali<\/strong><\/td>\n<\/tr>\n<tr style=\"padding-left: 40px;\">\n<td style=\"width: 87px; text-align: center; padding-left: 40px;\">1 A<\/td>\n<td style=\"width: 321.8px; padding-left: 40px;\">Paulina Hajdamowicz<\/td>\n<td style=\"width: 152.2px; text-align: center; padding-left: 40px;\">23<\/td>\n<\/tr>\n<tr style=\"padding-left: 40px;\">\n<td style=\"width: 87px; text-align: center; padding-left: 40px;\">1 B<\/td>\n<td style=\"width: 321.8px; padding-left: 40px;\">Marzena Skrzy\u0144ska<\/td>\n<td style=\"width: 152.2px; text-align: center; padding-left: 40px;\">2<\/td>\n<\/tr>\n<tr style=\"padding-left: 40px;\">\n<td style=\"width: 87px; text-align: center; padding-left: 40px;\">1 C<\/td>\n<td style=\"width: 321.8px; padding-left: 40px;\">Magdalena Bohonos<\/td>\n<td style=\"width: 152.2px; text-align: center; padding-left: 40px;\">24<\/td>\n<\/tr>\n<tr style=\"padding-left: 40px;\">\n<td style=\"width: 87px; text-align: center; padding-left: 40px;\">3 A<\/td>\n<td style=\"width: 321.8px; padding-left: 40px;\">Agnieszka Jelonek-Pawlik<\/td>\n<td style=\"width: 152.2px; text-align: center; padding-left: 40px;\">7<\/td>\n<\/tr>\n<tr style=\"padding-left: 40px;\">\n<td style=\"width: 87px; text-align: center; padding-left: 40px;\">3 B<\/td>\n<td style=\"width: 321.8px; padding-left: 40px;\">Monika Kulasiewicz-Drula<\/td>\n<td style=\"width: 152.2px; text-align: center; padding-left: 40px;\">13<\/td>\n<\/tr>\n<tr style=\"padding-left: 40px;\">\n<td style=\"width: 87px; text-align: center; padding-left: 40px;\">3 C<\/td>\n<td style=\"width: 321.8px; padding-left: 40px;\">Magdalena Falkowska-Kleszcz<\/td>\n<td style=\"width: 152.2px; text-align: center; padding-left: 40px;\">1 b<\/td>\n<\/tr>\n<tr style=\"padding-left: 40px;\">\n<td style=\"width: 87px; text-align: center; padding-left: 40px;\">3 D<\/td>\n<td style=\"width: 321.8px; padding-left: 40px;\">Lilianna Kitzman<\/td>\n<td style=\"width: 152.2px; text-align: center; padding-left: 40px;\">6<\/td>\n<\/tr>\n<\/tbody>\n<\/table>\n<p style=\"padding-left: 40px;\"><strong><u>Msza \u015awi\u0119ta<\/u><\/strong> w intencji nowego roku szkolnego odprawiona b\u0119dzie w ko\u015bciele parafialnym p.w. \u015aw. Andrzeja Boboli przy ul. Pocztowej 22 w Szczecinie o\u00a0godzinie 8.00<\/p>\n<p style=\"padding-left: 40px;\"><strong>Zebrania z Rodzicami uczni\u00f3w klas pierwszych<\/strong> odb\u0119d\u0105 si\u0119 01 wrze\u015bnia 2020 r. o godz. 17.00 wed\u0142ug nast\u0119puj\u0105cego harmonogramu:<\/p>\n<table style=\"width: 595px; margin-left: 40px;\" border=\"1\">\n<tbody style=\"padding-left: 40px;\">\n<tr style=\"padding-left: 40px;\">\n<td style=\"width: 82px; text-align: center; padding-left: 40px;\"><strong>Klasa<\/strong><\/td>\n<td style=\"width: 311.8px; padding-left: 40px;\"><strong>Wychowawca<\/strong><\/td>\n<td style=\"width: 176.2px; text-align: center; padding-left: 40px;\"><strong>Numer sali<\/strong><\/td>\n<\/tr>\n<tr style=\"padding-left: 40px;\">\n<td style=\"width: 82px; text-align: center; padding-left: 40px;\">1 A<\/td>\n<td style=\"width: 311.8px; padding-left: 40px;\">Paulina Hajdamowicz<\/td>\n<td style=\"width: 176.2px; text-align: center; padding-left: 40px;\">23<\/td>\n<\/tr>\n<tr style=\"padding-left: 40px;\">\n<td style=\"width: 82px; text-align: center; padding-left: 40px;\">1 B<\/td>\n<td style=\"width: 311.8px; padding-left: 40px;\">Marzena Skrzy\u0144ska<\/td>\n<td style=\"width: 176.2px; text-align: center; padding-left: 40px;\">4<\/td>\n<\/tr>\n<tr style=\"padding-left: 40px;\">\n<td style=\"width: 82px; text-align: center; padding-left: 40px;\">1 C<\/td>\n<td style=\"width: 311.8px; padding-left: 40px;\">Magdalena Bohonos<\/td>\n<td style=\"width: 176.2px; text-align: center; padding-left: 40px;\">24<\/td>\n<\/tr>\n<\/tbody>\n<\/table>\n<p style=\"padding-left: 40px;\"><strong>Zaj\u0119cia integracyjne <\/strong>dla uczni\u00f3w klas pierwszych odb\u0119d\u0105 si\u0119 w dniach 02 i 03 wrze\u015bnia 2020 r.<\/p>\n<p style=\"padding-left: 40px;\">Szczeg\u00f3\u0142owy program zaj\u0119\u0107 przedstawiony zostanie na spotkaniach z\u00a0wychowawcami w dniu 01 wrze\u015bnia 2020 r.<\/p>\n<p style=\"padding-left: 40px;\"><strong><u>\u00a0<\/u><\/strong><\/p>\n<p style=\"padding-left: 40px;\"><strong>Zebrania z Rodzicami uczni\u00f3w klas drugich i trzecich <\/strong>odb\u0119d\u0105 si\u0119 03 wrze\u015bnia 2020 r. wed\u0142ug nast\u0119puj\u0105cego harmonogramu.<\/p>\n<p style=\"padding-left: 40px;\"><strong>Godzina 17.00 klasy drugie<\/strong>:<\/p>\n<table style=\"width: 606px; margin-left: 40px;\" border=\"1\">\n<tbody style=\"padding-left: 40px;\">\n<tr style=\"padding-left: 40px;\">\n<td style=\"width: 77px; text-align: center; padding-left: 40px;\"><strong>Klasa<\/strong><\/td>\n<td style=\"width: 305.8px; padding-left: 40px;\"><strong>Wychowawca<\/strong><\/td>\n<td style=\"width: 201.2px; text-align: center; padding-left: 40px;\"><strong>Numer sali<\/strong><\/td>\n<\/tr>\n<tr style=\"padding-left: 40px;\">\n<td style=\"width: 77px; text-align: center; padding-left: 40px;\">2 A<\/td>\n<td style=\"width: 305.8px; padding-left: 40px;\">Beata Przybylska-Jankowska<\/td>\n<td style=\"width: 201.2px; text-align: center; padding-left: 40px;\">21<\/td>\n<\/tr>\n<tr style=\"padding-left: 40px;\">\n<td style=\"width: 77px; text-align: center; padding-left: 40px;\">2 B1<\/td>\n<td style=\"width: 305.8px; padding-left: 40px;\">Agnieszka Andrzejuk<\/td>\n<td style=\"width: 201.2px; text-align: center; padding-left: 40px;\">6<\/td>\n<\/tr>\n<tr style=\"padding-left: 40px;\">\n<td style=\"width: 77px; text-align: center; padding-left: 40px;\">2 B2<\/td>\n<td style=\"width: 305.8px; padding-left: 40px;\">Monika \u0141uczak<\/td>\n<td style=\"width: 201.2px; text-align: center; padding-left: 40px;\">4<\/td>\n<\/tr>\n<tr style=\"padding-left: 40px;\">\n<td style=\"width: 77px; text-align: center; padding-left: 40px;\">2 C<\/td>\n<td style=\"width: 305.8px; padding-left: 40px;\">Jolanta Rosiak<\/td>\n<td style=\"width: 201.2px; text-align: center; padding-left: 40px;\">14<\/td>\n<\/tr>\n<tr style=\"padding-left: 40px;\">\n<td style=\"width: 77px; text-align: center; padding-left: 40px;\">2 GA<\/td>\n<td style=\"width: 305.8px; padding-left: 40px;\">Agnieszka \u017begli\u0144ska<\/td>\n<td style=\"width: 201.2px; text-align: center; padding-left: 40px;\">7<\/td>\n<\/tr>\n<tr style=\"padding-left: 40px;\">\n<td style=\"width: 77px; text-align: center; padding-left: 40px;\">2 GB1<\/td>\n<td style=\"width: 305.8px; padding-left: 40px;\">Anna Kokot<\/td>\n<td style=\"width: 201.2px; text-align: center; padding-left: 40px;\">5<\/td>\n<\/tr>\n<tr style=\"padding-left: 40px;\">\n<td style=\"width: 77px; text-align: center; padding-left: 40px;\">2 GB2<\/td>\n<td style=\"width: 305.8px; padding-left: 40px;\">Teresa Witkiewicz<\/td>\n<td style=\"width: 201.2px; text-align: center; padding-left: 40px;\">25<\/td>\n<\/tr>\n<tr style=\"padding-left: 40px;\">\n<td style=\"width: 77px; text-align: center; padding-left: 40px;\">2 GC<\/td>\n<td style=\"width: 305.8px; padding-left: 40px;\">Barbara Kowalska<\/td>\n<td style=\"width: 201.2px; text-align: center; padding-left: 40px;\">22<\/td>\n<\/tr>\n<\/tbody>\n<\/table>\n<p style=\"padding-left: 40px;\"><strong><u>\u00a0<\/u><\/strong><\/p>\n<p style=\"padding-left: 40px;\"><strong>Temat spotkania:<\/strong> <em>Organizacja pracy w szkole w roku szkolnym 2020\/2021<\/em><\/p>\n<p style=\"padding-left: 40px;\"><strong>Godzina 18.00 klasy trzecie<\/strong>:<\/p>\n<table style=\"width: 565.8px; margin-left: 40px;\" border=\"1\">\n<tbody style=\"padding-left: 40px;\">\n<tr style=\"padding-left: 40px;\">\n<td style=\"width: 72px; text-align: center; padding-left: 40px;\"><strong>Klasa<\/strong><\/td>\n<td style=\"width: 294px; padding-left: 40px;\"><strong>Wychowawca<\/strong><\/td>\n<td style=\"width: 176.8px; text-align: center; padding-left: 40px;\"><strong>Numer sali<\/strong><\/td>\n<\/tr>\n<tr style=\"padding-left: 40px;\">\n<td style=\"width: 72px; text-align: center; padding-left: 40px;\">3 A<\/td>\n<td style=\"width: 294px; padding-left: 40px;\">Agnieszka Jelonek-Pawlik<\/td>\n<td style=\"width: 176.8px; text-align: center; padding-left: 40px;\">23<\/td>\n<\/tr>\n<tr style=\"padding-left: 40px;\">\n<td style=\"width: 72px; text-align: center; padding-left: 40px;\">3 B<\/td>\n<td style=\"width: 294px; padding-left: 40px;\">Monika Kulasiewicz-Drula<\/td>\n<td style=\"width: 176.8px; text-align: center; padding-left: 40px;\">13<\/td>\n<\/tr>\n<tr style=\"padding-left: 40px;\">\n<td style=\"width: 72px; text-align: center; padding-left: 40px;\">3 C<\/td>\n<td style=\"width: 294px; padding-left: 40px;\">Magdalena Falkowska-Kleszcz<\/td>\n<td style=\"width: 176.8px; text-align: center; padding-left: 40px;\">1 b<\/td>\n<\/tr>\n<tr style=\"padding-left: 40px;\">\n<td style=\"width: 72px; text-align: center; padding-left: 40px;\">3 D<\/td>\n<td style=\"width: 294px; padding-left: 40px;\">Lilianna Kitzman<\/td>\n<td style=\"width: 176.8px; text-align: center; padding-left: 40px;\">6<\/td>\n<\/tr>\n<\/tbody>\n<\/table>\n<p style=\"padding-left: 40px;\"><u>\u00a0<\/u><\/p>\n<p style=\"padding-left: 40px;\"><strong>Temat spotkania:<\/strong> <em>Organizacja pracy w szkole w roku szkolnym 2020\/2021; <span style=\"color: #993300;\">PROCEDURY \u00a0EGZAMINU MATURALNEGO 2021.<\/span><\/em><\/p>\n<p style=\"padding-left: 40px;\"><span style=\"color: #993300;\"><em>\u00a0<\/em><\/span><\/p>\n<p style=\"padding-left: 40px;\"><span style=\"color: #003366;\"><strong>Kiermasz podr\u0119cznik\u00f3w u\u017cywanych<\/strong><\/span><\/p>\n<p style=\"padding-left: 40px;\">W dniu 02 wrze\u015bnia 2020 r. w godz. 9.00 &#8211; 12.00 w czasie przerw mi\u0119dzylekcyjnych odb\u0119dzie si\u0119 kiermasz podr\u0119cznik\u00f3w u\u017cywanych. Zach\u0119camy uczni\u00f3w klas drugich, trzecich oraz absolwent\u00f3w do odst\u0105pienia swoich podr\u0119cznik\u00f3w m\u0142odszym kole\u017cankom i kolegom.<\/p>\n","protected":false},"excerpt":{"rendered":"<p>Rozpocz\u0119cie roku szkolnego 2020\/2021 Szanowni Rodzice, Drodzy Uczniowie, w zwi\u0105zku z obostrzeniami wynikaj\u0105cymi z sytuacji epidemiologicznej oraz wytycznymi podanymi przez MEN i GIS dotycz\u0105cymi funkcjonowania jednostek o\u015bwiatowych od dnia 01 wrze\u015bnia 2020 r. uprzejmie informuj\u0119, \u017ce inauguracja roku szkolnego 2020\/2021 odbywa\u0107 si\u0119 b\u0119dzie w formie kameralnych spotka\u0144 uczni\u00f3w z wychowawcami oraz dyrekcj\u0105 szko\u0142y wed\u0142ug nast\u0119puj\u0105cego&#8230;<\/p>\n","protected":false},"author":4,"featured_media":9394,"comment_status":"closed","ping_status":"closed","sticky":false,"template":"","format":"gallery","meta":{"_acf_changed":false,"_s2mail":"","footnotes":""},"categories":[1],"tags":[],"class_list":["post-9389","post","type-post","status-publish","format-gallery","has-post-thumbnail","hentry","category-bez-kategorii","post_format-post-format-gallery"],"acf":[],"_links":{"self":[{"href":"https:\/\/lo6.szczecin.pl\/index.php\/wp-json\/wp\/v2\/posts\/9389","targetHints":{"allow":["GET"]}}],"collection":[{"href":"https:\/\/lo6.szczecin.pl\/index.php\/wp-json\/wp\/v2\/posts"}],"about":[{"href":"https:\/\/lo6.szczecin.pl\/index.php\/wp-json\/wp\/v2\/types\/post"}],"author":[{"embeddable":true,"href":"https:\/\/lo6.szczecin.pl\/index.php\/wp-json\/wp\/v2\/users\/4"}],"replies":[{"embeddable":true,"href":"https:\/\/lo6.szczecin.pl\/index.php\/wp-json\/wp\/v2\/comments?post=9389"}],"version-history":[{"count":7,"href":"https:\/\/lo6.szczecin.pl\/index.php\/wp-json\/wp\/v2\/posts\/9389\/revisions"}],"predecessor-version":[{"id":9398,"href":"https:\/\/lo6.szczecin.pl\/index.php\/wp-json\/wp\/v2\/posts\/9389\/revisions\/9398"}],"wp:featuredmedia":[{"embeddable":true,"href":"https:\/\/lo6.szczecin.pl\/index.php\/wp-json\/wp\/v2\/media\/9394"}],"wp:attachment":[{"href":"https:\/\/lo6.szczecin.pl\/index.php\/wp-json\/wp\/v2\/media?parent=9389"}],"wp:term":[{"taxonomy":"category","embeddable":true,"href":"https:\/\/lo6.szczecin.pl\/index.php\/wp-json\/wp\/v2\/categories?post=9389"},{"taxonomy":"post_tag","embeddable":true,"href":"https:\/\/lo6.szczecin.pl\/index.php\/wp-json\/wp\/v2\/tags?post=9389"}],"curies":[{"name":"wp","href":"https:\/\/api.w.org\/{rel}","templated":true}]}}