{"id":9384,"date":"2020-08-21T11:43:45","date_gmt":"2020-08-21T09:43:45","guid":{"rendered":"http:\/\/lo6.szczecin.pl\/?p=9384"},"modified":"2020-08-24T11:49:56","modified_gmt":"2020-08-24T09:49:56","slug":"bezpieczny-powrot-do-szkoly","status":"publish","type":"post","link":"https:\/\/lo6.szczecin.pl\/index.php\/2020\/08\/21\/bezpieczny-powrot-do-szkoly\/","title":{"rendered":"Bezpieczny powr\u00f3t do szko\u0142y"},"content":{"rendered":"<p>Zgodnie z zaleceniami Ministerstwa Edukacji Narodowej przedstawiamy wskaz\u00f3wki dotycz\u0105ce bezpiecznego powrotu uczni\u00f3w do szk\u00f3\u0142:<\/p>\n<p>&nbsp;<\/p>\n<p><img loading=\"lazy\" decoding=\"async\" class=\"aligncenter size-large wp-image-9385\" src=\"http:\/\/lo6.szczecin.pl\/wp-content\/uploads\/2020\/08\/Bezpieczny_powr\u00f3t_do_szko\u0142y_-_uczniowie-724x1024.jpg\" alt=\"\" width=\"724\" height=\"1024\" srcset=\"https:\/\/lo6.szczecin.pl\/wp-content\/uploads\/2020\/08\/Bezpieczny_powr\u00f3t_do_szko\u0142y_-_uczniowie-724x1024.jpg 724w, https:\/\/lo6.szczecin.pl\/wp-content\/uploads\/2020\/08\/Bezpieczny_powr\u00f3t_do_szko\u0142y_-_uczniowie-212x300.jpg 212w, https:\/\/lo6.szczecin.pl\/wp-content\/uploads\/2020\/08\/Bezpieczny_powr\u00f3t_do_szko\u0142y_-_uczniowie-768x1086.jpg 768w\" sizes=\"auto, (max-width: 724px) 100vw, 724px\" \/><img loading=\"lazy\" decoding=\"async\" class=\"aligncenter size-large wp-image-9386\" src=\"http:\/\/lo6.szczecin.pl\/wp-content\/uploads\/2020\/08\/Bezpieczny_powr\u00f3t_do_szko\u0142y_-_rodzice-724x1024.jpg\" alt=\"\" width=\"724\" height=\"1024\" srcset=\"https:\/\/lo6.szczecin.pl\/wp-content\/uploads\/2020\/08\/Bezpieczny_powr\u00f3t_do_szko\u0142y_-_rodzice-724x1024.jpg 724w, https:\/\/lo6.szczecin.pl\/wp-content\/uploads\/2020\/08\/Bezpieczny_powr\u00f3t_do_szko\u0142y_-_rodzice-212x300.jpg 212w, https:\/\/lo6.szczecin.pl\/wp-content\/uploads\/2020\/08\/Bezpieczny_powr\u00f3t_do_szko\u0142y_-_rodzice-768x1086.jpg 768w\" sizes=\"auto, (max-width: 724px) 100vw, 724px\" \/><\/p>\n","protected":false},"excerpt":{"rendered":"<p>Zgodnie z zaleceniami Ministerstwa Edukacji Narodowej przedstawiamy wskaz\u00f3wki dotycz\u0105ce bezpiecznego powrotu uczni\u00f3w do szk\u00f3\u0142: &nbsp;<\/p>\n","protected":false},"author":4,"featured_media":0,"comment_status":"closed","ping_status":"closed","sticky":false,"template":"","format":"standard","meta":{"_acf_changed":false,"_s2mail":"","footnotes":""},"categories":[1],"tags":[],"class_list":["post-9384","post","type-post","status-publish","format-standard","hentry","category-bez-kategorii"],"acf":[],"_links":{"self":[{"href":"https:\/\/lo6.szczecin.pl\/index.php\/wp-json\/wp\/v2\/posts\/9384","targetHints":{"allow":["GET"]}}],"collection":[{"href":"https:\/\/lo6.szczecin.pl\/index.php\/wp-json\/wp\/v2\/posts"}],"about":[{"href":"https:\/\/lo6.szczecin.pl\/index.php\/wp-json\/wp\/v2\/types\/post"}],"author":[{"embeddable":true,"href":"https:\/\/lo6.szczecin.pl\/index.php\/wp-json\/wp\/v2\/users\/4"}],"replies":[{"embeddable":true,"href":"https:\/\/lo6.szczecin.pl\/index.php\/wp-json\/wp\/v2\/comments?post=9384"}],"version-history":[{"count":1,"href":"https:\/\/lo6.szczecin.pl\/index.php\/wp-json\/wp\/v2\/posts\/9384\/revisions"}],"predecessor-version":[{"id":9387,"href":"https:\/\/lo6.szczecin.pl\/index.php\/wp-json\/wp\/v2\/posts\/9384\/revisions\/9387"}],"wp:attachment":[{"href":"https:\/\/lo6.szczecin.pl\/index.php\/wp-json\/wp\/v2\/media?parent=9384"}],"wp:term":[{"taxonomy":"category","embeddable":true,"href":"https:\/\/lo6.szczecin.pl\/index.php\/wp-json\/wp\/v2\/categories?post=9384"},{"taxonomy":"post_tag","embeddable":true,"href":"https:\/\/lo6.szczecin.pl\/index.php\/wp-json\/wp\/v2\/tags?post=9384"}],"curies":[{"name":"wp","href":"https:\/\/api.w.org\/{rel}","templated":true}]}}