{"id":9350,"date":"2020-06-30T08:53:20","date_gmt":"2020-06-30T06:53:20","guid":{"rendered":"http:\/\/lo6.szczecin.pl\/?p=9350"},"modified":"2020-06-30T08:55:07","modified_gmt":"2020-06-30T06:55:07","slug":"egzaminy-poprawkowe-2020","status":"publish","type":"post","link":"https:\/\/lo6.szczecin.pl\/index.php\/2020\/06\/30\/egzaminy-poprawkowe-2020\/","title":{"rendered":"EGZAMINY POPRAWKOWE 2020"},"content":{"rendered":"<p style=\"padding-left: 40px;\">EGZAMIN POPRAWKOWY SK\u0141ADA SI\u0118 Z CZ\u0118\u015aCI PISEMNEJ I CZ\u0118\u015aCI USTNEJ.<\/p>\n<p style=\"padding-left: 40px;\">Mi\u0119dzy cz\u0119\u015bciami egzaminu jest ok. 30 min. przerwa.<\/p>\n<table style=\"margin-left: 40px;\" border=\"1\" width=\"737\">\n<tbody>\n<tr>\n<td style=\"width: 53.6px;\"><strong>L.p.<\/strong><\/td>\n<td style=\"width: 150.4px;\"><strong>Przedmiot<\/strong><\/td>\n<td style=\"width: 149.6px;\"><strong>Data i\u00a0godzina<\/strong><\/td>\n<td style=\"width: 179.2px;\"><strong>Przedmiot<\/strong><\/td>\n<td style=\"width: 172.8px;\"><strong>Data i\u00a0godzina<\/strong><\/td>\n<\/tr>\n<tr>\n<td style=\"width: 53.6px;\"><strong>1.<\/strong><\/td>\n<td style=\"width: 150.4px;\"><strong>matematyka<\/strong><\/td>\n<td style=\"width: 149.6px;\"><strong>27 sierpnia (czwartek), <\/strong><\/p>\n<p><strong>godz. 9.00<\/strong><\/td>\n<td style=\"width: 179.2px;\"><strong>\u00a0<\/strong><\/p>\n<p><strong>&#8212;&#8212;&#8212;&#8212;&#8212;&#8212;-<\/strong><\/td>\n<td style=\"width: 172.8px;\"><strong>\u00a0<\/strong><\/p>\n<p><strong>&#8212;&#8212;&#8212;&#8212;&#8212;&#8212;<\/strong><\/td>\n<\/tr>\n<tr>\n<td style=\"width: 53.6px;\"><strong>2.<\/strong><\/td>\n<td style=\"width: 150.4px;\"><strong>j\u0119zyk polski<\/strong><\/td>\n<td style=\"width: 149.6px;\"><strong>26 sierpnia (\u015broda),<\/strong><\/p>\n<p><strong>\u00a0godz. 9.00<\/strong><\/td>\n<td style=\"width: 179.2px;\"><strong>\u00a0<\/strong><\/p>\n<p><strong>&#8212;&#8212;&#8212;&#8212;&#8212;&#8212;-<\/strong><\/td>\n<td style=\"width: 172.8px;\"><strong>\u00a0<\/strong><\/p>\n<p><strong>&#8212;&#8212;&#8212;&#8212;&#8212;&#8212;<\/strong><\/td>\n<\/tr>\n<tr>\n<td style=\"width: 53.6px;\"><strong>3.<\/strong><\/td>\n<td style=\"width: 150.4px;\"><strong>j\u0119zyk polski<\/strong><\/td>\n<td style=\"width: 149.6px;\"><strong>26 sierpnia (\u015broda),<\/strong><\/p>\n<p><strong>\u00a0godz. 9.00<\/strong><\/td>\n<td style=\"width: 179.2px;\"><strong>matematyka<\/strong><\/td>\n<td style=\"width: 172.8px;\"><strong>27 sierpnia (czwartek), <\/strong><\/p>\n<p><strong>godz. 9.00<\/strong><\/td>\n<\/tr>\n<tr>\n<td style=\"width: 53.6px;\"><strong>4.<\/strong><\/td>\n<td style=\"width: 150.4px;\"><strong>j\u0119zyk polski<\/strong><\/td>\n<td style=\"width: 149.6px;\"><strong>26 sierpnia (\u015broda),<\/strong><\/p>\n<p><strong>\u00a0godz. 9.00<\/strong><\/td>\n<td style=\"width: 179.2px;\"><strong>matematyka<\/strong><\/td>\n<td style=\"width: 172.8px;\"><strong>27 sierpnia (czwartek), <\/strong><\/p>\n<p><strong>godz. 9.00<\/strong><\/td>\n<\/tr>\n<\/tbody>\n<\/table>\n<p style=\"padding-left: 40px;\"><strong> W dniu 25 sierpnia (wtorek) w godz. 9.00 &#8211; 11.00, odb\u0119d\u0105 si\u0119 konsultacje ze wszystkich przedmiot\u00f3w przed egzaminem poprawkowym.<\/strong><\/p>\n<p>&nbsp;<\/p>\n<p>&nbsp;<\/p>\n","protected":false},"excerpt":{"rendered":"<p>EGZAMIN POPRAWKOWY SK\u0141ADA SI\u0118 Z CZ\u0118\u015aCI PISEMNEJ I CZ\u0118\u015aCI USTNEJ. Mi\u0119dzy cz\u0119\u015bciami egzaminu jest ok. 30 min. przerwa. L.p. Przedmiot Data i\u00a0godzina Przedmiot Data i\u00a0godzina 1. matematyka 27 sierpnia (czwartek), godz. 9.00 \u00a0 &#8212;&#8212;&#8212;&#8212;&#8212;&#8212;- \u00a0 &#8212;&#8212;&#8212;&#8212;&#8212;&#8212; 2. j\u0119zyk polski 26 sierpnia (\u015broda), \u00a0godz. 9.00 \u00a0 &#8212;&#8212;&#8212;&#8212;&#8212;&#8212;- \u00a0 &#8212;&#8212;&#8212;&#8212;&#8212;&#8212; 3. j\u0119zyk polski 26 sierpnia (\u015broda), \u00a0godz&#8230;.<\/p>\n","protected":false},"author":4,"featured_media":0,"comment_status":"closed","ping_status":"closed","sticky":false,"template":"","format":"standard","meta":{"_acf_changed":false,"_s2mail":"","footnotes":""},"categories":[1],"tags":[],"class_list":["post-9350","post","type-post","status-publish","format-standard","hentry","category-bez-kategorii"],"acf":[],"_links":{"self":[{"href":"https:\/\/lo6.szczecin.pl\/index.php\/wp-json\/wp\/v2\/posts\/9350","targetHints":{"allow":["GET"]}}],"collection":[{"href":"https:\/\/lo6.szczecin.pl\/index.php\/wp-json\/wp\/v2\/posts"}],"about":[{"href":"https:\/\/lo6.szczecin.pl\/index.php\/wp-json\/wp\/v2\/types\/post"}],"author":[{"embeddable":true,"href":"https:\/\/lo6.szczecin.pl\/index.php\/wp-json\/wp\/v2\/users\/4"}],"replies":[{"embeddable":true,"href":"https:\/\/lo6.szczecin.pl\/index.php\/wp-json\/wp\/v2\/comments?post=9350"}],"version-history":[{"count":4,"href":"https:\/\/lo6.szczecin.pl\/index.php\/wp-json\/wp\/v2\/posts\/9350\/revisions"}],"predecessor-version":[{"id":9354,"href":"https:\/\/lo6.szczecin.pl\/index.php\/wp-json\/wp\/v2\/posts\/9350\/revisions\/9354"}],"wp:attachment":[{"href":"https:\/\/lo6.szczecin.pl\/index.php\/wp-json\/wp\/v2\/media?parent=9350"}],"wp:term":[{"taxonomy":"category","embeddable":true,"href":"https:\/\/lo6.szczecin.pl\/index.php\/wp-json\/wp\/v2\/categories?post=9350"},{"taxonomy":"post_tag","embeddable":true,"href":"https:\/\/lo6.szczecin.pl\/index.php\/wp-json\/wp\/v2\/tags?post=9350"}],"curies":[{"name":"wp","href":"https:\/\/api.w.org\/{rel}","templated":true}]}}