{"id":9332,"date":"2020-06-23T12:10:00","date_gmt":"2020-06-23T10:10:00","guid":{"rendered":"http:\/\/lo6.szczecin.pl\/?p=9332"},"modified":"2020-06-24T08:50:26","modified_gmt":"2020-06-24T06:50:26","slug":"harmonogram-zakonczenia-roku-szkolnego-2019-202026-czerwca-2020-r","status":"publish","type":"post","link":"https:\/\/lo6.szczecin.pl\/index.php\/2020\/06\/23\/harmonogram-zakonczenia-roku-szkolnego-2019-202026-czerwca-2020-r\/","title":{"rendered":"HARMONOGRAM ZAKO\u0143CZENIA\u00a0 roku szkolnego 2019\/202026 czerwca 2020 r."},"content":{"rendered":"<p style=\"padding-left: 40px;\">\n<ol>\n<li style=\"list-style-type: none;\">\n<ol>\n<li>godzina 8.00 &#8211; Msza \u015bwi\u0119ta w ko\u015bciele parafialnym \u015bw. Andrzeja Boboli<\/li>\n<li>9.00 &#8211; uroczyste wr\u0119czenie \u015bwiadectw z wyr\u00f3\u017cnieniem na placu przyszkolnym oraz ceremonia\u0142 przekazania Sztandaru Szko\u0142y<\/li>\n<li>wr\u0119czanie \u015bwiadectw promocyjnych przez wychowawc\u00f3w:<\/li>\n<\/ol>\n<\/li>\n<\/ol>\n<p>&nbsp;<\/p>\n<table style=\"width: 910.8px; margin-left: 40px;\" border=\"1\">\n<tbody>\n<tr>\n<td style=\"text-align: center; width: 134.4px;\">\n<p style=\"padding-left: 40px;\"><strong>Godzina<\/strong><\/p>\n<\/td>\n<td style=\"padding-left: 40px; text-align: center; width: 95.4px;\">\n<p style=\"padding-left: 40px;\"><strong>Klasa<\/strong><\/p>\n<\/td>\n<td style=\"padding-left: 40px; text-align: center; width: 216.2px;\">\n<p style=\"padding-left: 40px;\"><strong>Miejsce<\/strong><\/p>\n<\/td>\n<td style=\"padding-left: 40px; text-align: center; width: 321.8px;\">\n<p style=\"padding-left: 40px;\"><strong>Wychowawca<\/strong><\/p>\n<\/td>\n<\/tr>\n<tr style=\"padding-left: 40px;\">\n<td style=\"padding-left: 40px; width: 95.4px;\">\n<p style=\"padding-left: 40px;\">10.00<\/p>\n<\/td>\n<td style=\"padding-left: 40px; width: 95.4px;\">\n<p style=\"padding-left: 40px;\">1 B1<\/p>\n<\/td>\n<td style=\"padding-left: 40px; width: 216.2px;\">\n<p style=\"padding-left: 40px;\">plac przyszkolny<\/p>\n<\/td>\n<td style=\"padding-left: 40px; width: 321.8px;\">\n<p style=\"padding-left: 40px;\">w zast\u0119pstwie Marek P\u0142atkowski<\/p>\n<\/td>\n<\/tr>\n<tr style=\"padding-left: 40px;\">\n<td style=\"padding-left: 40px; width: 95.4px;\">\n<p style=\"padding-left: 40px;\">10.00<\/p>\n<\/td>\n<td style=\"padding-left: 40px; width: 95.4px;\">\n<p style=\"padding-left: 40px;\">1 GC<\/p>\n<\/td>\n<td style=\"padding-left: 40px; width: 216.2px;\">\n<p style=\"padding-left: 40px;\">plac przyszkolny<\/p>\n<\/td>\n<td style=\"padding-left: 40px; width: 321.8px;\">\n<p style=\"padding-left: 40px;\">Barbara Kowalska<\/p>\n<\/td>\n<\/tr>\n<tr style=\"padding-left: 40px;\">\n<td style=\"padding-left: 40px; width: 95.4px;\">\n<p style=\"padding-left: 40px;\">10.00<\/p>\n<\/td>\n<td style=\"padding-left: 40px; width: 95.4px;\">\n<p style=\"padding-left: 40px;\">1 B2<\/p>\n<\/td>\n<td style=\"padding-left: 40px; width: 216.2px;\">\n<p style=\"padding-left: 40px;\">plac przy sali gimnastycznej<\/p>\n<\/td>\n<td style=\"padding-left: 40px; width: 321.8px;\">\n<p style=\"padding-left: 40px;\">Monika \u0141uczak<\/p>\n<\/td>\n<\/tr>\n<tr style=\"padding-left: 40px;\">\n<td style=\"padding-left: 40px; width: 95.4px;\">\n<p style=\"padding-left: 40px;\">11.00<\/p>\n<\/td>\n<td style=\"padding-left: 40px; width: 95.4px;\">\n<p style=\"padding-left: 40px;\">1 GA<\/p>\n<\/td>\n<td style=\"padding-left: 40px; width: 216.2px;\">\n<p style=\"padding-left: 40px;\">plac przyszkolny<\/p>\n<\/td>\n<td style=\"padding-left: 40px; width: 321.8px;\">\n<p style=\"padding-left: 40px;\">Agnieszka \u017begli\u0144ska<\/p>\n<\/td>\n<\/tr>\n<tr style=\"padding-left: 40px;\">\n<td style=\"padding-left: 40px; width: 95.4px;\">\n<p style=\"padding-left: 40px;\">11.00<\/p>\n<\/td>\n<td style=\"padding-left: 40px; width: 95.4px;\">\n<p style=\"padding-left: 40px;\">1 C<\/p>\n<\/td>\n<td style=\"padding-left: 40px; width: 216.2px;\">\n<p style=\"padding-left: 40px;\">plac przyszkolny<\/p>\n<\/td>\n<td style=\"padding-left: 40px; width: 321.8px;\">\n<p style=\"padding-left: 40px;\">Jolanta Rosiak<\/p>\n<\/td>\n<\/tr>\n<tr style=\"padding-left: 40px;\">\n<td style=\"padding-left: 40px; width: 95.4px;\">\n<p style=\"padding-left: 40px;\">11.00<\/p>\n<\/td>\n<td style=\"padding-left: 40px; width: 95.4px;\">\n<p style=\"padding-left: 40px;\">2A<\/p>\n<\/td>\n<td style=\"padding-left: 40px; width: 216.2px;\">\n<p style=\"padding-left: 40px;\">plac przy sali gimnastycznej<\/p>\n<\/td>\n<td style=\"padding-left: 40px; width: 321.8px;\">\n<p style=\"padding-left: 40px;\">Agnieszka Jelonek-Pawlik<\/p>\n<\/td>\n<\/tr>\n<tr style=\"padding-left: 40px;\">\n<td style=\"padding-left: 40px; width: 95.4px;\">\n<p style=\"padding-left: 40px;\">12.00<\/p>\n<\/td>\n<td style=\"padding-left: 40px; width: 95.4px;\">\n<p style=\"padding-left: 40px;\">2 B<\/p>\n<\/td>\n<td style=\"padding-left: 40px; width: 216.2px;\">\n<p style=\"padding-left: 40px;\">plac przyszkolny<\/p>\n<\/td>\n<td style=\"padding-left: 40px; width: 321.8px;\">\n<p style=\"padding-left: 40px;\">Monika Kulasiewicz-Drula<\/p>\n<\/td>\n<\/tr>\n<tr style=\"padding-left: 40px;\">\n<td style=\"padding-left: 40px; width: 95.4px;\">\n<p style=\"padding-left: 40px;\">12.00<\/p>\n<\/td>\n<td style=\"padding-left: 40px; width: 95.4px;\">\n<p style=\"padding-left: 40px;\">2 C<\/p>\n<\/td>\n<td style=\"padding-left: 40px; width: 216.2px;\">\n<p style=\"padding-left: 40px;\">plac przyszkolny<\/p>\n<\/td>\n<td style=\"padding-left: 40px; width: 321.8px;\">\n<p style=\"padding-left: 40px;\">Magdalena Falkowska-Kleszcz<\/p>\n<\/td>\n<\/tr>\n<tr style=\"padding-left: 40px;\">\n<td style=\"padding-left: 40px; width: 95.4px;\">\n<p style=\"padding-left: 40px;\">12.00<\/p>\n<\/td>\n<td style=\"padding-left: 40px; width: 95.4px;\">\n<p style=\"padding-left: 40px;\">2 D<\/p>\n<\/td>\n<td style=\"padding-left: 40px; width: 216.2px;\">\n<p style=\"padding-left: 40px;\">plac przy sali gimnastycznej<\/p>\n<\/td>\n<td style=\"padding-left: 40px; width: 321.8px;\">\n<p style=\"padding-left: 40px;\">Lilianna Kitzman<\/p>\n<\/td>\n<\/tr>\n<\/tbody>\n<\/table>\n<p>&nbsp;<\/p>\n<ol>\n<li style=\"list-style-type: none;\">\n<ol start=\"4\">\n<li>Uczniowie klas: 1 A, 1 GB1 i 1 GB2 b\u0119d\u0105 mieli wr\u0119czane \u015bwiadectwa w\u00a0dniu\u00a025\u00a0czerwca w godzinach popo\u0142udniowych uzgodnionych z wychowawc\u0105.<\/li>\n<\/ol>\n<\/li>\n<\/ol>\n","protected":false},"excerpt":{"rendered":"<p>godzina 8.00 &#8211; Msza \u015bwi\u0119ta w ko\u015bciele parafialnym \u015bw. Andrzeja Boboli 9.00 &#8211; uroczyste wr\u0119czenie \u015bwiadectw z wyr\u00f3\u017cnieniem na placu przyszkolnym oraz ceremonia\u0142 przekazania Sztandaru Szko\u0142y wr\u0119czanie \u015bwiadectw promocyjnych przez wychowawc\u00f3w: &nbsp; Godzina Klasa Miejsce Wychowawca 10.00 1 B1 plac przyszkolny w zast\u0119pstwie Marek P\u0142atkowski 10.00 1 GC plac przyszkolny Barbara Kowalska 10.00 1 B2&#8230;<\/p>\n","protected":false},"author":4,"featured_media":9334,"comment_status":"closed","ping_status":"closed","sticky":false,"template":"","format":"gallery","meta":{"_acf_changed":false,"_s2mail":"","footnotes":""},"categories":[1,365],"tags":[],"class_list":["post-9332","post","type-post","status-publish","format-gallery","has-post-thumbnail","hentry","category-bez-kategorii","category-galeria","post_format-post-format-gallery"],"acf":[],"_links":{"self":[{"href":"https:\/\/lo6.szczecin.pl\/index.php\/wp-json\/wp\/v2\/posts\/9332","targetHints":{"allow":["GET"]}}],"collection":[{"href":"https:\/\/lo6.szczecin.pl\/index.php\/wp-json\/wp\/v2\/posts"}],"about":[{"href":"https:\/\/lo6.szczecin.pl\/index.php\/wp-json\/wp\/v2\/types\/post"}],"author":[{"embeddable":true,"href":"https:\/\/lo6.szczecin.pl\/index.php\/wp-json\/wp\/v2\/users\/4"}],"replies":[{"embeddable":true,"href":"https:\/\/lo6.szczecin.pl\/index.php\/wp-json\/wp\/v2\/comments?post=9332"}],"version-history":[{"count":3,"href":"https:\/\/lo6.szczecin.pl\/index.php\/wp-json\/wp\/v2\/posts\/9332\/revisions"}],"predecessor-version":[{"id":9337,"href":"https:\/\/lo6.szczecin.pl\/index.php\/wp-json\/wp\/v2\/posts\/9332\/revisions\/9337"}],"wp:featuredmedia":[{"embeddable":true,"href":"https:\/\/lo6.szczecin.pl\/index.php\/wp-json\/wp\/v2\/media\/9334"}],"wp:attachment":[{"href":"https:\/\/lo6.szczecin.pl\/index.php\/wp-json\/wp\/v2\/media?parent=9332"}],"wp:term":[{"taxonomy":"category","embeddable":true,"href":"https:\/\/lo6.szczecin.pl\/index.php\/wp-json\/wp\/v2\/categories?post=9332"},{"taxonomy":"post_tag","embeddable":true,"href":"https:\/\/lo6.szczecin.pl\/index.php\/wp-json\/wp\/v2\/tags?post=9332"}],"curies":[{"name":"wp","href":"https:\/\/api.w.org\/{rel}","templated":true}]}}