{"id":9262,"date":"2020-06-01T09:30:23","date_gmt":"2020-06-01T07:30:23","guid":{"rendered":"http:\/\/lo6.szczecin.pl\/?p=9262"},"modified":"2020-06-04T14:22:57","modified_gmt":"2020-06-04T12:22:57","slug":"procedury-bezpieczenstwa-na-czas-egz-maturalnych","status":"publish","type":"post","link":"https:\/\/lo6.szczecin.pl\/index.php\/2020\/06\/01\/procedury-bezpieczenstwa-na-czas-egz-maturalnych\/","title":{"rendered":"Egz. maturalny 2020"},"content":{"rendered":"<p style=\"text-align: center;\"><strong>Procedury bezpiecze\u0144stwa na czas egzamin\u00f3w maturalnych w VI LO w Szczecinie <\/strong><br \/>\n<strong>w dniach 8 &#8211; 29 czerwca 2020 r.<\/strong><\/p>\n<p>&nbsp;<\/p>\n<ol>\n<li>W dniu egzaminu <strong>absolwenci przychodz\u0105 do szko\u0142y o wyznaczonej godzinie<\/strong>.<\/li>\n<li><strong>Na egzamin mo\u017ce przyj\u015b\u0107 wy\u0142\u0105cznie osoba zdrowa<\/strong> (zdaj\u0105cy, nauczyciel, inny pracownik szko\u0142y), bez objaw\u00f3w chorobowych sugeruj\u0105cych chorob\u0119 zaka\u017an\u0105.<\/li>\n<li>Zdaj\u0105cy nie mo\u017ce przyj\u015b\u0107 na egzamin, je\u017celi przebywa w domu z osob\u0105 na kwarantannie lub izolacji w warunkach domowych albo sam jest obj\u0119ty kwarantann\u0105 lub izolacj\u0105 w warunkach domowych.<\/li>\n<li><strong>Do budynku szko\u0142y zdaj\u0105cy wchodz\u0105 po sprawdzeniu obecno\u015bci przez nauczyciela odpowiedzialnego za przebieg egzaminu maturalnego w danej sali i pod jego opiek\u0105<\/strong>.<\/li>\n<li>Czekaj\u0105c na wej\u015bcie do szko\u0142y, zdaj\u0105cy zachowuj\u0105 odpowiedni odst\u0119p (co najmniej 1,5 m) oraz maj\u0105 zakryte usta i nos. Zdaj\u0105cy powinni pami\u0119ta\u0107 o unikaniu tworzenia grup.<\/li>\n<li>Harmonogram wej\u015b\u0107 do szko\u0142y w poszczeg\u00f3lnych dniach egzaminu przedstawia tabela.<\/li>\n<li>Po grupy absolwent\u00f3w przychodz\u0105 przewodnicz\u0105cy zespo\u0142\u00f3w nadzoruj\u0105cych egzamin maturalny w danej sali &#8211; nauczyciele VI LO.<\/li>\n<li>W dniach egzamin\u00f3w do szko\u0142y wchodz\u0105 wy\u0142\u0105cznie zdaj\u0105cy oraz osoby bior\u0105ce udzia\u0142 w organizacji i przeprowadzaniu egzamin\u00f3w (nauczyciele, obserwatorzy, pracownicy administracji i obs\u0142ugi s\u0142u\u017cby medyczne i itp.).<\/li>\n<li>Wchodz\u0105c do budynku, ka\u017cdy ze zdaj\u0105cych dezynfekuje r\u0119ce zgodnie z wywieszon\u0105 przy pojemniku z p\u0142ynem dezynfekuj\u0105cym instrukcj\u0105.<\/li>\n<li><strong>Zdaj\u0105cy na terenie szko\u0142y mog\u0105 skorzysta\u0107 ze swoich szafek szkolnych oraz szatni, w kt\u00f3rej mog\u0105 pozostawi\u0107 do przechowania swoje rzeczy zapakowane w przygotowane do tego celu foliowe worki. WSZYSTKIE TELEFONY KOM\u00d3RKOWE MUSZ\u0104 BY\u0106 WY\u0141\u0104CZONE!<\/strong><\/li>\n<li>\u00a0Wszystkie pozostawione rzeczy nale\u017cy zabra\u0107 ze sob\u0105 po zako\u0144czonym egzaminie w ka\u017cdym dniu.<\/li>\n<li>\u00a0Poruszaj\u0105c si\u0119 po szkolnych korytarzach i klatkach schodowych <strong>nale\u017cy przestrzega\u0107 zasad ruchu prawostronnego i zwraca\u0107 uwag\u0119 na oznaczenia znajduj\u0105ce si\u0119 na pod\u0142odze i schodach<\/strong>, zachowuj\u0105c jednocze\u015bnie odpowiednie odst\u0119py.<\/li>\n<li>Zdaj\u0105cy musz\u0105 przynie\u015b\u0107 na egzamin <strong>w\u0142asne przybory pi\u015bmiennicze, linijki, cyrkiel, kalkulator itd<\/strong>. i nie mog\u0105 po\u017cycza\u0107 przybor\u00f3w od innych zdaj\u0105cych.<\/li>\n<li>Dodatkowo zdaj\u0105cy mog\u0105 mie\u0107 ze sob\u0105 butelk\u0119 wody (o pojemno\u015bci mniejszej ni\u017c 1l) oraz drugie \u015bniadanie, kt\u00f3re mo\u017ce spo\u017cy\u0107 mi\u0119dzy poszczeg\u00f3lnymi sesjami egzaminu w wyznaczonych salach: 1a, 1b oraz klubie uczniowskim.<\/li>\n<li>Na terenie ca\u0142ej szko\u0142y obowi\u0105zuje zakrywanie ust i nosa, z wyj\u0105tkiem sal egzaminacyjnych po zaj\u0119ciu miejsc przez zdaj\u0105cych.<\/li>\n<li>Przypomina si\u0119 zdaj\u0105cym o konieczno\u015bci zachowania odpowiedniego dystansu od innych zdaj\u0105cych po zako\u0144czonym egzaminie oraz unikaniu tworzenia grup, jak r\u00f3wnie\u017c, o tym aby wra\u017ceniami po egzaminie dzielili si\u0119 mi\u0119dzy sob\u0105 z wykorzystaniem medi\u00f3w spo\u0142eczno\u015bciowych, komunikator\u00f3w, telefonicznie, unikaj\u0105c spotka\u0144 w grupie, np. przy wej\u015bciu do szko\u0142y.<\/li>\n<li><strong>Zdaj\u0105cy mo\u017ce opu\u015bci\u0107 na sta\u0142e sal\u0119 egzaminacyjn\u0105 (je\u017celi zako\u0144czy\u0142 prac\u0119 z arkuszem) najp\u00f3\u017aniej na 15 minut przed czasem wyznaczonym jako czas zako\u0144czenia pracy z arkuszem. W ci\u0105gu ostatnich 15 minut przed zako\u0144czeniem egzaminu (nawet je\u017celi zdaj\u0105cy sko\u0144czy\u0142 prac\u0119 z arkuszem egzaminacyjnym) zdaj\u0105cy nie opuszczaj\u0105 sali egzaminacyjnej.<\/strong><\/li>\n<\/ol>\n<p style=\"padding-left: 40px;\"><span style=\"color: #800000;\"><b>Wykaz zdaj\u0105cych z przydzia\u0142em do sal znajduje si\u0119 na parterze szko\u0142y <\/b>(od dnia 1 czerwca od godziny 12:00)<b>\u00a0<\/b><\/span><\/p>\n<table border=\"1\" width=\"894\">\n<tbody>\n<tr style=\"height: 24px;\">\n<td style=\"height: 24px; padding-left: 40px;\" width=\"315\"><strong>Dzie\u0144 egzaminu<\/strong><\/td>\n<td style=\"height: 24px; text-align: center;\" width=\"142\"><strong>Numer sali egzaminacyjnej<\/strong><\/td>\n<td style=\"height: 24px; text-align: center;\" width=\"165\"><strong>Godzina zbi\u00f3rki i\u00a0wej\u015bcia do szko\u0142y ZDAJ\u0104CYCH<\/strong><\/td>\n<td style=\"height: 24px; text-align: center;\" width=\"106\"><strong>Oznaczenie wej\u015bcia<\/strong><\/td>\n<td style=\"height: 24px; text-align: center;\" width=\"165\"><strong>Miejsce zbi\u00f3rki<\/strong><\/td>\n<\/tr>\n<tr style=\"height: 24px;\">\n<td style=\"height: 168px;\" rowspan=\"7\" width=\"315\">\n<p style=\"padding-left: 40px;\"><strong>J\u0119zyk polski &#8211; <\/strong><strong>poziom podstawowy<\/strong><\/p>\n<p style=\"padding-left: 40px;\"><strong>08 czerwca 2020 r., godz. 9.00<\/strong><\/p>\n<p style=\"padding-left: 40px;\"><strong>(poniedzia\u0142ek)<\/strong><\/p>\n<\/td>\n<td style=\"height: 24px; text-align: center;\" width=\"142\">20-21<\/td>\n<td style=\"height: 24px; text-align: center;\" width=\"165\">7.45<\/td>\n<td style=\"height: 24px; text-align: center;\" width=\"106\">A<\/td>\n<td style=\"height: 24px; text-align: center;\" width=\"165\">plac przyszkolny<\/td>\n<\/tr>\n<tr style=\"height: 24px;\">\n<td style=\"height: 24px; text-align: center;\" width=\"142\">23<\/td>\n<td style=\"height: 24px; text-align: center;\" width=\"165\">7.45<\/td>\n<td style=\"height: 24px; text-align: center;\" width=\"106\">B<\/td>\n<td style=\"height: 24px; text-align: center;\" width=\"165\">ul. Jagiello\u0144ska<\/td>\n<\/tr>\n<tr style=\"height: 24px;\">\n<td style=\"height: 24px; text-align: center;\" width=\"142\">4<\/td>\n<td style=\"height: 24px; text-align: center;\" width=\"165\">8.15<\/td>\n<td style=\"height: 24px; text-align: center;\" width=\"106\">B<\/td>\n<td style=\"height: 24px; text-align: center;\" width=\"165\">ul. Jagiello\u0144ska<\/td>\n<\/tr>\n<tr style=\"height: 24px;\">\n<td style=\"height: 24px; text-align: center;\" width=\"142\">13<\/td>\n<td style=\"height: 24px; text-align: center;\" width=\"165\">8.15<\/td>\n<td style=\"height: 24px; text-align: center;\" width=\"106\">A<\/td>\n<td style=\"height: 24px; text-align: center;\" width=\"165\">plac przyszkolny<\/td>\n<\/tr>\n<tr style=\"height: 24px;\">\n<td style=\"height: 24px; text-align: center;\" width=\"142\">14<\/td>\n<td style=\"height: 24px; text-align: center;\" width=\"165\">8.15<\/td>\n<td style=\"height: 24px; text-align: center;\" width=\"106\">A<\/td>\n<td style=\"height: 24px; text-align: center;\" width=\"165\">plac przyszkolny<\/td>\n<\/tr>\n<tr style=\"height: 24px;\">\n<td style=\"height: 24px; text-align: center;\" width=\"142\">7<\/td>\n<td style=\"height: 24px; text-align: center;\" width=\"165\">8.30<\/td>\n<td style=\"height: 24px; text-align: center;\" width=\"106\">A<\/td>\n<td style=\"height: 24px; text-align: center;\" width=\"165\">plac przyszkolny<\/td>\n<\/tr>\n<tr style=\"height: 24px;\">\n<td style=\"height: 24px; text-align: center;\" width=\"142\">30<\/td>\n<td style=\"height: 24px; text-align: center;\" width=\"165\">8.30<\/td>\n<td style=\"height: 24px; text-align: center;\" width=\"106\">A<\/td>\n<td style=\"height: 24px; text-align: center;\" width=\"165\">plac przyszkolny<\/td>\n<\/tr>\n<tr style=\"height: 24px;\">\n<td style=\"height: 24px;\" colspan=\"5\" width=\"894\"><\/td>\n<\/tr>\n<tr style=\"height: 24px;\">\n<td style=\"height: 48px;\" rowspan=\"2\" width=\"315\">\n<p style=\"padding-left: 40px;\"><strong>J\u0119zyk polski &#8211; <\/strong><strong>poziom rozszerzony<\/strong><\/p>\n<p style=\"padding-left: 40px;\"><strong>08 czerwca 2020 r., godz. 14.00<\/strong><\/p>\n<p style=\"padding-left: 40px;\"><strong>(poniedzia\u0142ek)<\/strong><\/p>\n<\/td>\n<td style=\"height: 24px; text-align: center;\" width=\"142\">20-21<\/td>\n<td style=\"height: 24px; text-align: center;\" width=\"165\">13.00<\/td>\n<td style=\"height: 24px; text-align: center;\" width=\"106\">A<\/td>\n<td style=\"height: 24px; text-align: center;\" width=\"165\">plac przyszkolny<\/td>\n<\/tr>\n<tr style=\"height: 24px;\">\n<td style=\"height: 24px; text-align: center;\" width=\"142\">23<\/td>\n<td style=\"height: 24px; text-align: center;\" width=\"165\">13.15<\/td>\n<td style=\"height: 24px; text-align: center;\" width=\"106\">B<\/td>\n<td style=\"height: 24px; text-align: center;\" width=\"165\">ul. Jagiello\u0144ska<\/td>\n<\/tr>\n<tr style=\"height: 24px;\">\n<td style=\"height: 24px;\" colspan=\"5\" width=\"894\"><\/td>\n<\/tr>\n<tr style=\"height: 24px;\">\n<td style=\"height: 168px;\" rowspan=\"7\" width=\"315\">\n<p style=\"padding-left: 40px;\"><strong>Matematyka &#8211; <\/strong><strong>poziom podstawowy<\/strong><\/p>\n<p style=\"padding-left: 40px;\"><strong>09 czerwca 2020 r., godz. 9.00<\/strong><\/p>\n<p style=\"padding-left: 40px;\"><strong>(wtorek)<\/strong><\/p>\n<\/td>\n<td style=\"height: 24px; text-align: center;\" width=\"142\">20-21<\/td>\n<td style=\"height: 24px; text-align: center;\" width=\"165\">7.45<\/td>\n<td style=\"height: 24px; text-align: center;\" width=\"106\">A<\/td>\n<td style=\"height: 24px; text-align: center;\" width=\"165\">plac przyszkolny<\/td>\n<\/tr>\n<tr style=\"height: 24px;\">\n<td style=\"height: 24px; text-align: center;\" width=\"142\">23<\/td>\n<td style=\"height: 24px; text-align: center;\" width=\"165\">7.45<\/td>\n<td style=\"height: 24px; text-align: center;\" width=\"106\">B<\/td>\n<td style=\"height: 24px; text-align: center;\" width=\"165\">ul. Jagiello\u0144ska<\/td>\n<\/tr>\n<tr style=\"height: 24px;\">\n<td style=\"height: 24px; text-align: center;\" width=\"142\">4<\/td>\n<td style=\"height: 24px; text-align: center;\" width=\"165\">8.15<\/td>\n<td style=\"height: 24px; text-align: center;\" width=\"106\">B<\/td>\n<td style=\"height: 24px; text-align: center;\" width=\"165\">ul. Jagiello\u0144ska<\/td>\n<\/tr>\n<tr style=\"height: 24px;\">\n<td style=\"height: 24px; text-align: center;\" width=\"142\">13<\/td>\n<td style=\"height: 24px; text-align: center;\" width=\"165\">8.15<\/td>\n<td style=\"height: 24px; text-align: center;\" width=\"106\">A<\/td>\n<td style=\"height: 24px; text-align: center;\" width=\"165\">plac przyszkolny<\/td>\n<\/tr>\n<tr style=\"height: 24px;\">\n<td style=\"height: 24px; text-align: center;\" width=\"142\">14<\/td>\n<td style=\"height: 24px; text-align: center;\" width=\"165\">8.15<\/td>\n<td style=\"height: 24px; text-align: center;\" width=\"106\">A<\/td>\n<td style=\"height: 24px; text-align: center;\" width=\"165\">plac przyszkolny<\/td>\n<\/tr>\n<tr style=\"height: 24px;\">\n<td style=\"height: 24px; text-align: center;\" width=\"142\">7<\/td>\n<td style=\"height: 24px; text-align: center;\" width=\"165\">8.30<\/td>\n<td style=\"height: 24px; text-align: center;\" width=\"106\">A<\/td>\n<td style=\"height: 24px; text-align: center;\" width=\"165\">plac przyszkolny<\/td>\n<\/tr>\n<tr style=\"height: 24px;\">\n<td style=\"height: 24px; text-align: center;\" width=\"142\">30<\/td>\n<td style=\"height: 24px; text-align: center;\" width=\"165\">8.30<\/td>\n<td style=\"height: 24px; text-align: center;\" width=\"106\">A<\/td>\n<td style=\"height: 24px; text-align: center;\" width=\"165\">plac przyszkolny<\/td>\n<\/tr>\n<tr style=\"height: 24px;\">\n<td style=\"height: 24px;\" colspan=\"5\" width=\"894\"><\/td>\n<\/tr>\n<tr style=\"height: 24px;\">\n<td style=\"height: 192px;\" rowspan=\"8\" width=\"315\">\n<p style=\"padding-left: 40px;\"><strong>J\u0119zyk angielski &#8211; <\/strong><strong>poziom podstawowy<\/strong><\/p>\n<p style=\"padding-left: 40px;\"><strong>10 czerwca 2020 r., godz. 9.00<\/strong><\/p>\n<p style=\"padding-left: 40px;\"><strong>(\u015broda)<\/strong><\/p>\n<\/td>\n<td style=\"height: 24px; text-align: center;\" width=\"142\">20<\/td>\n<td style=\"height: 24px; text-align: center;\" width=\"165\">7.45<\/td>\n<td style=\"height: 24px; text-align: center;\" width=\"106\">A<\/td>\n<td style=\"height: 24px; text-align: center;\" width=\"165\">plac przyszkolny<\/td>\n<\/tr>\n<tr style=\"height: 24px;\">\n<td style=\"height: 24px; text-align: center;\" width=\"142\">22<\/td>\n<td style=\"height: 24px; text-align: center;\" width=\"165\">7.45<\/td>\n<td style=\"height: 24px; text-align: center;\" width=\"106\">A<\/td>\n<td style=\"height: 24px; text-align: center;\" width=\"165\">plac przyszkolny<\/td>\n<\/tr>\n<tr style=\"height: 24px;\">\n<td style=\"height: 24px; text-align: center;\" width=\"142\">23<\/td>\n<td style=\"height: 24px; text-align: center;\" width=\"165\">7.45<\/td>\n<td style=\"height: 24px; text-align: center;\" width=\"106\">B<\/td>\n<td style=\"height: 24px; text-align: center;\" width=\"165\">ul. Jagiello\u0144ska<\/td>\n<\/tr>\n<tr style=\"height: 24px;\">\n<td style=\"height: 24px; text-align: center;\" width=\"142\">4<\/td>\n<td style=\"height: 24px; text-align: center;\" width=\"165\">8.15<\/td>\n<td style=\"height: 24px; text-align: center;\" width=\"106\">B<\/td>\n<td style=\"height: 24px; text-align: center;\" width=\"165\">ul. Jagiello\u0144ska<\/td>\n<\/tr>\n<tr style=\"height: 24px;\">\n<td style=\"height: 24px; text-align: center;\" width=\"142\">13<\/td>\n<td style=\"height: 24px; text-align: center;\" width=\"165\">8.15<\/td>\n<td style=\"height: 24px; text-align: center;\" width=\"106\">A<\/td>\n<td style=\"height: 24px; text-align: center;\" width=\"165\">plac przyszkolny<\/td>\n<\/tr>\n<tr style=\"height: 24px;\">\n<td style=\"height: 24px; text-align: center;\" width=\"142\">14<\/td>\n<td style=\"height: 24px; text-align: center;\" width=\"165\">8.15<\/td>\n<td style=\"height: 24px; text-align: center;\" width=\"106\">A<\/td>\n<td style=\"height: 24px; text-align: center;\" width=\"165\">plac przyszkolny<\/td>\n<\/tr>\n<tr style=\"height: 24px;\">\n<td style=\"height: 24px; text-align: center;\" width=\"142\">7<\/td>\n<td style=\"height: 24px; text-align: center;\" width=\"165\">8.30<\/td>\n<td style=\"height: 24px; text-align: center;\" width=\"106\">A<\/td>\n<td style=\"height: 24px; text-align: center;\" width=\"165\">plac przyszkolny<\/td>\n<\/tr>\n<tr style=\"height: 24px;\">\n<td style=\"height: 24px; text-align: center;\" width=\"142\">30<\/td>\n<td style=\"height: 24px; text-align: center;\" width=\"165\">8.30<\/td>\n<td style=\"height: 24px; text-align: center;\" width=\"106\">A<\/td>\n<td style=\"height: 24px; text-align: center;\" width=\"165\">plac przyszkolny<\/td>\n<\/tr>\n<tr style=\"height: 24px;\">\n<td style=\"height: 24px;\" colspan=\"5\" width=\"894\"><\/td>\n<\/tr>\n<tr style=\"height: 24px;\">\n<td style=\"height: 120px;\" rowspan=\"5\" width=\"315\">\n<p style=\"padding-left: 40px;\"><strong>J\u0119zyk angielski &#8211; <\/strong><strong>poziom rozszerzony<\/strong><\/p>\n<p style=\"padding-left: 40px;\"><strong>10 czerwca 2020 r., godz. 14.00<\/strong><\/p>\n<p style=\"padding-left: 40px;\"><strong>(\u015broda)<\/strong><\/p>\n<\/td>\n<td style=\"height: 24px; text-align: center;\" width=\"142\">20<\/td>\n<td style=\"height: 24px; text-align: center;\" width=\"165\">13.00<\/td>\n<td style=\"height: 24px; text-align: center;\" width=\"106\">A<\/td>\n<td style=\"height: 24px; text-align: center;\" width=\"165\">plac przyszkolny<\/td>\n<\/tr>\n<tr style=\"height: 24px;\">\n<td style=\"height: 24px; text-align: center;\" width=\"142\">23<\/td>\n<td style=\"height: 24px; text-align: center;\" width=\"165\">13.00<\/td>\n<td style=\"height: 24px; text-align: center;\" width=\"106\">B<\/td>\n<td style=\"height: 24px; text-align: center;\" width=\"165\">ul. Jagiello\u0144ska<\/td>\n<\/tr>\n<tr style=\"height: 24px;\">\n<td style=\"height: 24px; text-align: center;\" width=\"142\">4<\/td>\n<td style=\"height: 24px; text-align: center;\" width=\"165\">13.15<\/td>\n<td style=\"height: 24px; text-align: center;\" width=\"106\">B<\/td>\n<td style=\"height: 24px; text-align: center;\" width=\"165\">ul. Jagiello\u0144ska<\/td>\n<\/tr>\n<tr style=\"height: 24px;\">\n<td style=\"height: 24px; text-align: center;\" width=\"142\">14<\/td>\n<td style=\"height: 24px; text-align: center;\" width=\"165\">13.15<\/td>\n<td style=\"height: 24px; text-align: center;\" width=\"106\">A<\/td>\n<td style=\"height: 24px; text-align: center;\" width=\"165\">plac przyszkolny<\/td>\n<\/tr>\n<tr style=\"height: 24px;\">\n<td style=\"height: 24px; text-align: center;\" width=\"142\">7<\/td>\n<td style=\"height: 24px; text-align: center;\" width=\"165\">13.15<\/td>\n<td style=\"height: 24px; text-align: center;\" width=\"106\">A<\/td>\n<td style=\"height: 24px; text-align: center;\" width=\"165\">plac przyszkolny<\/td>\n<\/tr>\n<tr style=\"height: 24px;\">\n<td style=\"height: 24px;\" colspan=\"5\" width=\"894\"><\/td>\n<\/tr>\n<tr style=\"height: 24px;\">\n<td style=\"height: 24px;\" width=\"315\">\n<p style=\"padding-left: 40px;\"><strong>Matematyka &#8211; <\/strong><strong>poziom rozszerzony<\/strong><\/p>\n<p style=\"padding-left: 40px;\"><strong>15 czerwca 2020 r., godz. 9.00<\/strong><\/p>\n<p style=\"padding-left: 40px;\"><strong>(poniedzia\u0142ek)<\/strong><\/p>\n<\/td>\n<td style=\"height: 24px; text-align: center;\" width=\"142\">20-21<\/td>\n<td style=\"height: 24px; text-align: center;\" width=\"165\">7.45<\/td>\n<td style=\"height: 24px; text-align: center;\" width=\"106\">A<\/td>\n<td style=\"height: 24px; text-align: center;\" width=\"165\">plac przyszkolny<\/td>\n<\/tr>\n<tr style=\"height: 24px;\">\n<td style=\"height: 24px;\" colspan=\"5\" width=\"894\"><\/td>\n<\/tr>\n<tr style=\"height: 24px;\">\n<td style=\"height: 72px;\" rowspan=\"3\" width=\"315\">\n<p style=\"padding-left: 40px;\"><strong>Biologia &#8211; <\/strong><strong>poziom rozszerzony<\/strong><\/p>\n<p style=\"padding-left: 40px;\"><strong>16 czerwca 2020 r., godz. 9.00<\/strong><\/p>\n<p style=\"padding-left: 40px;\"><strong>(wtorek)<\/strong><\/p>\n<\/td>\n<td style=\"height: 24px; text-align: center;\" width=\"142\">20-21<\/td>\n<td style=\"height: 24px; text-align: center;\" width=\"165\">7.45<\/td>\n<td style=\"height: 24px; text-align: center;\" width=\"106\">A<\/td>\n<td style=\"height: 24px; text-align: center;\" width=\"165\">plac przyszkolny<\/td>\n<\/tr>\n<tr style=\"height: 24px;\">\n<td style=\"height: 24px; text-align: center;\" width=\"142\">14<\/td>\n<td style=\"height: 24px; text-align: center;\" width=\"165\">8.15<\/td>\n<td style=\"height: 24px; text-align: center;\" width=\"106\">A<\/td>\n<td style=\"height: 24px; text-align: center;\" width=\"165\">plac przyszkolny<\/td>\n<\/tr>\n<tr style=\"height: 24px;\">\n<td style=\"height: 24px; text-align: center;\" width=\"142\">7<\/td>\n<td style=\"height: 24px; text-align: center;\" width=\"165\">8.15<\/td>\n<td style=\"height: 24px; text-align: center;\" width=\"106\">A<\/td>\n<td style=\"height: 24px; text-align: center;\" width=\"165\">plac przyszkolny<\/td>\n<\/tr>\n<tr style=\"height: 24px;\">\n<td style=\"height: 24px;\" colspan=\"5\" width=\"894\"><\/td>\n<\/tr>\n<tr style=\"height: 24px;\">\n<td style=\"height: 24px;\" width=\"315\">\n<p style=\"padding-left: 40px;\"><strong>Wiedza o spo\u0142ecze\u0144stwie &#8211; <\/strong><strong>poziom rozszerzony<\/strong><\/p>\n<p style=\"padding-left: 40px;\"><strong>16 czerwca 2020 r., godz. 14.00<\/strong><\/p>\n<p style=\"padding-left: 40px;\"><strong>(wtorek)<\/strong><\/p>\n<\/td>\n<td style=\"height: 24px; text-align: center;\" width=\"142\">7<\/td>\n<td style=\"height: 24px; text-align: center;\" width=\"165\">13.00<\/td>\n<td style=\"height: 24px; text-align: center;\" width=\"106\">A<\/td>\n<td style=\"height: 24px; text-align: center;\" width=\"165\">plac przyszkolny<\/td>\n<\/tr>\n<tr style=\"height: 24px;\">\n<td style=\"height: 24px;\" colspan=\"5\" width=\"894\"><\/td>\n<\/tr>\n<tr style=\"height: 24px;\">\n<td style=\"height: 72px;\" rowspan=\"3\" width=\"315\">\n<p style=\"padding-left: 40px;\"><strong>Chemia &#8211; <\/strong><strong>poziom rozszerzony<\/strong><\/p>\n<p style=\"padding-left: 40px;\"><strong>17 czerwca 2020 r., godz. 9.00<\/strong><\/p>\n<p style=\"padding-left: 40px;\"><strong>(\u015broda)<\/strong><\/p>\n<\/td>\n<td style=\"height: 24px; text-align: center;\" width=\"142\">20-21<\/td>\n<td style=\"height: 24px; text-align: center;\" width=\"165\">7.45<\/td>\n<td style=\"height: 24px; text-align: center;\" width=\"106\">A<\/td>\n<td style=\"height: 24px; text-align: center;\" width=\"165\">plac przyszkolny<\/td>\n<\/tr>\n<tr style=\"height: 24px;\">\n<td style=\"height: 24px; text-align: center;\" width=\"142\">7<\/td>\n<td style=\"height: 24px; text-align: center;\" width=\"165\">8.15<\/td>\n<td style=\"height: 24px; text-align: center;\" width=\"106\">A<\/td>\n<td style=\"height: 24px; text-align: center;\" width=\"165\">plac przyszkolny<\/td>\n<\/tr>\n<tr style=\"height: 24px;\">\n<td style=\"height: 24px; text-align: center;\" width=\"142\">30<\/td>\n<td style=\"height: 24px; text-align: center;\" width=\"165\">8.30<\/td>\n<td style=\"height: 24px; text-align: center;\" width=\"106\">A<\/td>\n<td style=\"height: 24px; text-align: center;\" width=\"165\">plac przyszkolny<\/td>\n<\/tr>\n<tr style=\"height: 24px;\">\n<td style=\"height: 24px;\" colspan=\"5\" width=\"894\"><strong>\u00a0<\/strong><\/td>\n<\/tr>\n<tr style=\"height: 24px;\">\n<td style=\"height: 24px;\" width=\"315\">\n<p style=\"padding-left: 40px;\"><strong>J\u0119zyk niemiecki &#8211; <\/strong><strong>poziom podstawowy<\/strong><\/p>\n<p style=\"padding-left: 40px;\"><strong>18 czerwca 2020 r., godz. 9.00<\/strong><\/p>\n<p style=\"padding-left: 40px;\"><strong>(czwartek)<\/strong><\/p>\n<\/td>\n<td style=\"height: 24px; text-align: center;\" width=\"142\">7<\/td>\n<td style=\"height: 24px; text-align: center;\" width=\"165\">8.00<\/td>\n<td style=\"height: 24px; text-align: center;\" width=\"106\">A<\/td>\n<td style=\"height: 24px; text-align: center;\" width=\"165\">plac przyszkolny<\/td>\n<\/tr>\n<tr style=\"height: 24px;\">\n<td style=\"height: 24px;\" colspan=\"5\" width=\"894\"><strong>\u00a0<\/strong><\/td>\n<\/tr>\n<tr style=\"height: 24px;\">\n<td style=\"height: 24px;\" width=\"315\">\n<p style=\"padding-left: 40px;\"><strong>J\u0119zyk niemiecki &#8211; <\/strong><strong>poziom rozszerzony<\/strong><\/p>\n<p style=\"padding-left: 40px;\"><strong>18 czerwca 2020 r., godz. 14.00<\/strong><\/p>\n<p style=\"padding-left: 40px;\"><strong>(czwartek)<\/strong><\/p>\n<\/td>\n<td style=\"height: 24px; text-align: center;\" width=\"142\">7<\/td>\n<td style=\"height: 24px; text-align: center;\" width=\"165\">13.00<\/td>\n<td style=\"height: 24px; text-align: center;\" width=\"106\">A<\/td>\n<td style=\"height: 24px; text-align: center;\" width=\"165\">plac przyszkolny<\/td>\n<\/tr>\n<tr style=\"height: 24px;\">\n<td style=\"height: 24px;\" colspan=\"5\" width=\"894\"><strong>\u00a0<\/strong><\/td>\n<\/tr>\n<tr style=\"height: 24px;\">\n<td style=\"height: 24px;\" width=\"315\">\n<p style=\"padding-left: 40px;\"><strong>Geografia &#8211; <\/strong><strong>poziom rozszerzony<\/strong><\/p>\n<p style=\"padding-left: 40px;\"><strong>19 czerwca 2020 r., godz. 9.00<\/strong><\/p>\n<p><strong>(pi\u0105tek)<\/strong><\/td>\n<td style=\"height: 24px; text-align: center;\" width=\"142\">20-21<\/td>\n<td style=\"height: 24px; text-align: center;\" width=\"165\">7.45<\/td>\n<td style=\"height: 24px; text-align: center;\" width=\"106\">A<\/td>\n<td style=\"height: 24px; text-align: center;\" width=\"165\">plac przyszkolny<\/td>\n<\/tr>\n<tr style=\"height: 24px;\">\n<td style=\"height: 24px;\" colspan=\"5\" width=\"894\"><strong>\u00a0<\/strong><\/td>\n<\/tr>\n<tr style=\"height: 24px;\">\n<td style=\"height: 24px;\" width=\"315\">\n<p style=\"padding-left: 40px;\"><strong>Historia sztuki &#8211; <\/strong><strong>poziom rozszerzony<\/strong><\/p>\n<p style=\"padding-left: 40px;\"><strong>19 czerwca 2020 r., godz. 14.00<\/strong><\/p>\n<p style=\"padding-left: 40px;\"><strong>(pi\u0105tek)<\/strong><\/p>\n<\/td>\n<td style=\"height: 24px; text-align: center;\" width=\"142\">30<\/td>\n<td style=\"height: 24px; text-align: center;\" width=\"165\">13.00<\/td>\n<td style=\"height: 24px; text-align: center;\" width=\"106\">A<\/td>\n<td style=\"height: 24px; text-align: center;\" width=\"165\">plac przyszkolny<\/td>\n<\/tr>\n<tr style=\"height: 24px;\">\n<td style=\"height: 24px;\" colspan=\"5\" width=\"894\"><strong>\u00a0<\/strong><\/td>\n<\/tr>\n<tr style=\"height: 24px;\">\n<td style=\"height: 24px;\" width=\"315\">\n<p style=\"padding-left: 40px;\"><strong>J\u0119zyk w\u0142oski &#8211; <\/strong><strong>poziom rozszerzony<\/strong><\/p>\n<p style=\"padding-left: 40px;\"><strong>22 czerwca 2020 r., godz. 14.00<\/strong><\/p>\n<p style=\"padding-left: 40px;\"><strong>(poniedzia\u0142ek)<\/strong><\/p>\n<\/td>\n<td style=\"height: 24px; text-align: center;\" width=\"142\">30<\/td>\n<td style=\"height: 24px; text-align: center;\" width=\"165\">13.30<\/td>\n<td style=\"height: 24px; text-align: center;\" width=\"106\">A<\/td>\n<td style=\"height: 24px; text-align: center;\" width=\"165\">plac przyszkolny<\/td>\n<\/tr>\n<tr style=\"height: 24px;\">\n<td style=\"height: 24px;\" colspan=\"5\" width=\"894\"><strong>\u00a0<\/strong><\/td>\n<\/tr>\n<tr style=\"height: 24px;\">\n<td style=\"height: 24px;\" width=\"315\">\n<p style=\"padding-left: 40px;\"><strong>Fizyka &#8211; <\/strong><strong>poziom rozszerzony<\/strong><\/p>\n<p style=\"padding-left: 40px;\"><strong>24 czerwca 2020 r., godz. 9.00<\/strong><\/p>\n<p><strong>(\u015broda)<\/strong><\/td>\n<td style=\"height: 24px; text-align: center;\" width=\"142\">7<\/td>\n<td style=\"height: 24px; text-align: center;\" width=\"165\">8.00<\/td>\n<td style=\"height: 24px; text-align: center;\" width=\"106\">A<\/td>\n<td style=\"height: 24px; text-align: center;\" width=\"165\">plac przyszkolny<\/td>\n<\/tr>\n<tr style=\"height: 24px;\">\n<td style=\"height: 24px;\" colspan=\"5\" width=\"894\"><strong>\u00a0<\/strong><\/td>\n<\/tr>\n<tr style=\"height: 24px;\">\n<td style=\"height: 24px;\" width=\"315\">\n<p style=\"padding-left: 40px;\"><strong>Historia &#8211; <\/strong><strong>poziom rozszerzony<\/strong><\/p>\n<p style=\"padding-left: 40px;\"><strong>24 czerwca 2020 r., godz. 14.00<\/strong><\/p>\n<p style=\"padding-left: 40px;\"><strong>(\u015broda)<\/strong><\/p>\n<\/td>\n<td style=\"height: 24px; text-align: center;\" width=\"142\">7<\/td>\n<td style=\"height: 24px; text-align: center;\" width=\"165\">13.00<\/td>\n<td style=\"height: 24px; text-align: center;\" width=\"106\">A<\/td>\n<td style=\"height: 24px; text-align: center;\" width=\"165\">plac przyszkolny<\/td>\n<\/tr>\n<tr style=\"height: 24px;\">\n<td style=\"height: 24px;\" width=\"315\"><strong>\u00a0<\/strong><\/td>\n<td style=\"height: 24px;\" width=\"142\"><\/td>\n<td style=\"height: 24px;\" width=\"165\"><\/td>\n<td style=\"height: 24px;\" width=\"106\"><\/td>\n<td style=\"height: 24px;\" width=\"165\"><strong>\u00a0<\/strong><\/td>\n<\/tr>\n<tr style=\"height: 24px;\">\n<td style=\"height: 24px;\" width=\"315\">\n<p style=\"padding-left: 40px;\"><strong>Historia muzyki &#8211; <\/strong><strong>poziom rozszerzony<\/strong><\/p>\n<p style=\"padding-left: 40px;\"><strong>29 czerwca 2020 r., godz. 14.00<\/strong><\/p>\n<p style=\"padding-left: 40px;\"><strong>(poniedzia\u0142ek)<\/strong><\/p>\n<\/td>\n<td style=\"height: 24px; text-align: center;\" width=\"142\">30<\/td>\n<td style=\"height: 24px; text-align: center;\" width=\"165\">13.30<\/td>\n<td style=\"height: 24px; text-align: center;\" width=\"106\">A<\/td>\n<td style=\"height: 24px; text-align: center;\" width=\"165\">plac przyszkolny<\/td>\n<\/tr>\n<tr style=\"height: 24px;\">\n<td style=\"height: 24px;\" colspan=\"5\" width=\"894\"><strong>\u00a0<\/strong><\/td>\n<\/tr>\n<\/tbody>\n<\/table>\n<p>&nbsp;<\/p>\n<p style=\"padding-left: 40px;\"><strong>Uwaga Maturzy\u015bci!<\/strong><\/p>\n<p style=\"padding-left: 40px;\">Centralna Komisja Egzaminacyjna, Ministerstwo Edukacji Narodowej oraz G\u0142\u00f3wny Inspektorat Sanitarny przygotowa\u0142y dokument zawieraj\u0105cy wytyczne w sprawie organizowania i przeprowadzania egzamin\u00f3w zewn\u0119trznych.<br \/>\nPoni\u017cej komunikat MEN w tej sprawie: wytyczne CKE, MEN i GIS. Prosimy uczni\u00f3w oraz ich rodzic\u00f3w o zapoznanie si\u0119 z tymi materia\u0142ami.<strong><br \/>\n<a href=\"http:\/\/lo6.szczecin.pl\/wp-content\/uploads\/2020\/06\/EM-wytyczne.pdf\">Wytyczne MEN, GIS, CKE<\/a><br \/>\n<a href=\"http:\/\/lo6.szczecin.pl\/wp-content\/uploads\/2020\/06\/EM-MEN.pdf\">Przygotowania do egzamin\u00f3w zewn\u0119trznych<\/a><br \/>\n<\/strong><\/p>\n<p><img loading=\"lazy\" decoding=\"async\" class=\"aligncenter size-large wp-image-9300\" src=\"http:\/\/lo6.szczecin.pl\/wp-content\/uploads\/2020\/06\/Wytyczne_CKE_MEN_i_GIS_-_plakat-1-768x1085-725x1024.jpg\" alt=\"\" width=\"725\" height=\"1024\" srcset=\"https:\/\/lo6.szczecin.pl\/wp-content\/uploads\/2020\/06\/Wytyczne_CKE_MEN_i_GIS_-_plakat-1-768x1085-725x1024.jpg 725w, https:\/\/lo6.szczecin.pl\/wp-content\/uploads\/2020\/06\/Wytyczne_CKE_MEN_i_GIS_-_plakat-1-768x1085-212x300.jpg 212w, https:\/\/lo6.szczecin.pl\/wp-content\/uploads\/2020\/06\/Wytyczne_CKE_MEN_i_GIS_-_plakat-1-768x1085.jpg 768w\" sizes=\"auto, (max-width: 725px) 100vw, 725px\" \/><\/p>\n","protected":false},"excerpt":{"rendered":"<p>Procedury bezpiecze\u0144stwa na czas egzamin\u00f3w maturalnych w VI LO w Szczecinie w dniach 8 &#8211; 29 czerwca 2020 r. &nbsp; W dniu egzaminu absolwenci przychodz\u0105 do szko\u0142y o wyznaczonej godzinie. Na egzamin mo\u017ce przyj\u015b\u0107 wy\u0142\u0105cznie osoba zdrowa (zdaj\u0105cy, nauczyciel, inny pracownik szko\u0142y), bez objaw\u00f3w chorobowych sugeruj\u0105cych chorob\u0119 zaka\u017an\u0105. Zdaj\u0105cy nie mo\u017ce przyj\u015b\u0107 na egzamin, je\u017celi&#8230;<\/p>\n","protected":false},"author":4,"featured_media":9264,"comment_status":"closed","ping_status":"closed","sticky":false,"template":"","format":"gallery","meta":{"_acf_changed":false,"_s2mail":"","footnotes":""},"categories":[1],"tags":[],"class_list":["post-9262","post","type-post","status-publish","format-gallery","has-post-thumbnail","hentry","category-bez-kategorii","post_format-post-format-gallery"],"acf":[],"_links":{"self":[{"href":"https:\/\/lo6.szczecin.pl\/index.php\/wp-json\/wp\/v2\/posts\/9262","targetHints":{"allow":["GET"]}}],"collection":[{"href":"https:\/\/lo6.szczecin.pl\/index.php\/wp-json\/wp\/v2\/posts"}],"about":[{"href":"https:\/\/lo6.szczecin.pl\/index.php\/wp-json\/wp\/v2\/types\/post"}],"author":[{"embeddable":true,"href":"https:\/\/lo6.szczecin.pl\/index.php\/wp-json\/wp\/v2\/users\/4"}],"replies":[{"embeddable":true,"href":"https:\/\/lo6.szczecin.pl\/index.php\/wp-json\/wp\/v2\/comments?post=9262"}],"version-history":[{"count":14,"href":"https:\/\/lo6.szczecin.pl\/index.php\/wp-json\/wp\/v2\/posts\/9262\/revisions"}],"predecessor-version":[{"id":9311,"href":"https:\/\/lo6.szczecin.pl\/index.php\/wp-json\/wp\/v2\/posts\/9262\/revisions\/9311"}],"wp:featuredmedia":[{"embeddable":true,"href":"https:\/\/lo6.szczecin.pl\/index.php\/wp-json\/wp\/v2\/media\/9264"}],"wp:attachment":[{"href":"https:\/\/lo6.szczecin.pl\/index.php\/wp-json\/wp\/v2\/media?parent=9262"}],"wp:term":[{"taxonomy":"category","embeddable":true,"href":"https:\/\/lo6.szczecin.pl\/index.php\/wp-json\/wp\/v2\/categories?post=9262"},{"taxonomy":"post_tag","embeddable":true,"href":"https:\/\/lo6.szczecin.pl\/index.php\/wp-json\/wp\/v2\/tags?post=9262"}],"curies":[{"name":"wp","href":"https:\/\/api.w.org\/{rel}","templated":true}]}}