{"id":9223,"date":"2020-05-22T11:07:59","date_gmt":"2020-05-22T09:07:59","guid":{"rendered":"http:\/\/lo6.szczecin.pl\/?p=9223"},"modified":"2020-05-25T15:23:46","modified_gmt":"2020-05-25T13:23:46","slug":"egzamin-maturalny-inf-oke","status":"publish","type":"post","link":"https:\/\/lo6.szczecin.pl\/index.php\/2020\/05\/22\/egzamin-maturalny-inf-oke\/","title":{"rendered":"Egzamin Maturalny inf. OKE"},"content":{"rendered":"<p style=\"padding-left: 40px;\">UWAGA! Aktualizacja informacji o sposobie organizacji i przeprowadzania EGZAMINU MATURALNEGO obowi\u0105zuj\u0105ca w roku szkolnym 2019\/2020<\/p>\n<p style=\"padding-left: 40px;\"><a href=\"https:\/\/www.oke.poznan.pl\/files\/cms\/90\/harmonogram_e8_eg_em_2020_aktualizacja.pdf\">Harmonogram<\/a><\/p>\n<p style=\"padding-left: 40px;\"><a href=\"https:\/\/www.oke.poznan.pl\/files\/cms\/577\/informacja_egzamin_maturalny_2020_aktualizacja.pdf\">Informacj\u0119 o sposobie organizacji i przeprowadzania EGZAMINU MATURALNEGO obowi\u0105zuj\u0105c\u0105 w roku szkolnym 2019\/2020.<\/a><\/p>\n<p style=\"padding-left: 80px;\"><i>3.5a. POTWIERDZENIE ZAMIARU PRZYST\u0104PIENIA DO CZ\u0118\u015aCI USTNEJ EGZAMINU MATURALNEGO Z DANEGO PRZEDMIOTU<\/i><\/p>\n<p style=\"padding-left: 80px;\"><i>\u00a0\u00a0\u00a0 1. Absolwenci, o kt\u00f3rych mowa w pkt 2.1.3a, 2.2.11., 2.3.7. oraz 2.4.8., mog\u0105 przyst\u0105pi\u0107 do cz\u0119\u015bci ustnej egzaminu maturalnego z j\u0119zyka polskiego, j\u0119zyka mniejszo\u015bci narodowej, mniejszo\u015bci etnicznej, j\u0119zyka regionalnego lub j\u0119zyka obcego nowo\u017cytnego, pod warunkiem \u017ce w terminie do 7 lutego 2020 r. z\u0142o\u017cyli deklaracj\u0119 przyst\u0105pienia do egzaminu maturalnego z tego przedmiotu.\u00a0 <\/i><\/p>\n<p style=\"padding-left: 80px;\"><i>2. Absolwenci, o kt\u00f3rych mowa w pkt 2.1.3a, 2.2.11., 2.3.7. oraz 2.4.8., w terminie do 25 maja 2020 r., przekazuj\u0105 informacj\u0119 potwierdzaj\u0105c\u0105 zamiar przyst\u0105pienia do cz\u0119\u015bci ustnej egzaminu maturalnego z danego przedmiotu odpowiednio do dyrektora szko\u0142y, kt\u00f3r\u0105 uko\u0144czyli, albo dyrektora okr\u0119gowej komisji egzaminacyjnej, do kt\u00f3rego z\u0142o\u017cyli deklaracj\u0119 przyst\u0105pienia do egzaminu maturalnego (za\u0142\u0105cznik 28_1905). Informacja ta mo\u017ce zosta\u0107 przekazana drog\u0105 elektroniczn\u0105 (mailem) albo faksem. W informacji absolwent wype\u0142nia r\u00f3wnie\u017c o\u015bwiadczenie oraz do\u0142\u0105cza dokumenty po\u015bwiadczaj\u0105ce konieczno\u015b\u0107 przedstawienia wyniku z cz\u0119\u015bci ustnej egzaminu maturalnego w post\u0119powaniu rekrutacyjnym na uczelni\u0119 zagraniczn\u0105. Dokumentem po\u015bwiadczaj\u0105cym tak\u0105 konieczno\u015b\u0107 mo\u017ce by\u0107 np. wydruk ze strony internetowej uczelni, skan z przewodnika po rekrutacji z danej uczelni, pismo z danej uczelni, kt\u00f3re zdaj\u0105cy otrzyma\u0142 jako potwierdzenie gotowo\u015bci przyj\u0119cia go na I rok studi\u00f3w, pod warunkiem uzyskania wyniku r\u00f3wnie\u017c z egzaminu w cz\u0119\u015bci ustnej.<\/i><\/p>\n<p style=\"padding-left: 40px;\"><a href=\"http:\/\/lo6.szczecin.pl\/wp-content\/uploads\/2020\/05\/EM-2020-Zalacznik-28_1905.docx\"><em>Za\u0142\u0105cznik 28_1905 Informacja potwierdzaj\u0105ca zamiar przyst\u0105pienia do cz\u0119\u015bci ustnej egzaminu maturalnego z danego przedmiotu<\/em><\/a><\/p>\n","protected":false},"excerpt":{"rendered":"<p>UWAGA! Aktualizacja informacji o sposobie organizacji i przeprowadzania EGZAMINU MATURALNEGO obowi\u0105zuj\u0105ca w roku szkolnym 2019\/2020 Harmonogram Informacj\u0119 o sposobie organizacji i przeprowadzania EGZAMINU MATURALNEGO obowi\u0105zuj\u0105c\u0105 w roku szkolnym 2019\/2020. 3.5a. POTWIERDZENIE ZAMIARU PRZYST\u0104PIENIA DO CZ\u0118\u015aCI USTNEJ EGZAMINU MATURALNEGO Z DANEGO PRZEDMIOTU \u00a0\u00a0\u00a0 1. Absolwenci, o kt\u00f3rych mowa w pkt 2.1.3a, 2.2.11., 2.3.7. oraz 2.4.8., mog\u0105&#8230;<\/p>\n","protected":false},"author":4,"featured_media":9230,"comment_status":"closed","ping_status":"closed","sticky":false,"template":"","format":"gallery","meta":{"_acf_changed":false,"_s2mail":"","footnotes":""},"categories":[1],"tags":[],"class_list":["post-9223","post","type-post","status-publish","format-gallery","has-post-thumbnail","hentry","category-bez-kategorii","post_format-post-format-gallery"],"acf":[],"_links":{"self":[{"href":"https:\/\/lo6.szczecin.pl\/index.php\/wp-json\/wp\/v2\/posts\/9223","targetHints":{"allow":["GET"]}}],"collection":[{"href":"https:\/\/lo6.szczecin.pl\/index.php\/wp-json\/wp\/v2\/posts"}],"about":[{"href":"https:\/\/lo6.szczecin.pl\/index.php\/wp-json\/wp\/v2\/types\/post"}],"author":[{"embeddable":true,"href":"https:\/\/lo6.szczecin.pl\/index.php\/wp-json\/wp\/v2\/users\/4"}],"replies":[{"embeddable":true,"href":"https:\/\/lo6.szczecin.pl\/index.php\/wp-json\/wp\/v2\/comments?post=9223"}],"version-history":[{"count":4,"href":"https:\/\/lo6.szczecin.pl\/index.php\/wp-json\/wp\/v2\/posts\/9223\/revisions"}],"predecessor-version":[{"id":9232,"href":"https:\/\/lo6.szczecin.pl\/index.php\/wp-json\/wp\/v2\/posts\/9223\/revisions\/9232"}],"wp:featuredmedia":[{"embeddable":true,"href":"https:\/\/lo6.szczecin.pl\/index.php\/wp-json\/wp\/v2\/media\/9230"}],"wp:attachment":[{"href":"https:\/\/lo6.szczecin.pl\/index.php\/wp-json\/wp\/v2\/media?parent=9223"}],"wp:term":[{"taxonomy":"category","embeddable":true,"href":"https:\/\/lo6.szczecin.pl\/index.php\/wp-json\/wp\/v2\/categories?post=9223"},{"taxonomy":"post_tag","embeddable":true,"href":"https:\/\/lo6.szczecin.pl\/index.php\/wp-json\/wp\/v2\/tags?post=9223"}],"curies":[{"name":"wp","href":"https:\/\/api.w.org\/{rel}","templated":true}]}}