{"id":9136,"date":"2020-05-04T14:17:07","date_gmt":"2020-05-04T12:17:07","guid":{"rendered":"http:\/\/lo6.szczecin.pl\/?p=9136"},"modified":"2020-05-13T11:18:05","modified_gmt":"2020-05-13T09:18:05","slug":"fakultety-dla-maturzystow","status":"publish","type":"post","link":"https:\/\/lo6.szczecin.pl\/index.php\/2020\/05\/04\/fakultety-dla-maturzystow\/","title":{"rendered":"Fakultety dla maturzyst\u00f3w"},"content":{"rendered":"<p style=\"padding-left: 40px;\">Od poniedzia\u0142ku 4 maja 2020 r. na okres pi\u0119ciu tygodni ruszaj\u0105 konsultacje \/ fakultety dla maturzyst\u00f3w.<\/p>\n<p style=\"padding-left: 40px;\">B\u0119d\u0105 one realizowane przez poszczeg\u00f3lnych nauczycieli na MTeams w okresie od 04.05.2020 r. do 05.06.2020 r.:<br \/>\n1. J\u0119zyk polski, Anna Roman &#8211; 2 godziny, 1 godz. poziom podstawowy i 1 godz. poziom rozszerzony<br \/>\n2. J\u0119zyk polski, Teresa Witkiewicz &#8211; 1 godz. poziom podstawowy,<br \/>\n3. Matematyka, Magdalena Bohonos &#8211; 2 godziny, 1 godz. poziom podstawowy i 1 godz. poziom rozszerzony,<br \/>\n4. Matematyka, Barbara Kowalska &#8211; 1 godzina pp,<br \/>\n5. J\u0119zyk angielski, Anna Kokot &#8211; 1 godzina pp i pr,<br \/>\n6. J\u0119zyk angielski, Piotr Chmiel &#8211; 1 godzina pp i pr,<br \/>\n7. J\u0119zyk niemiecki, Lilianna Kitzman &#8211; 1 godzina pp i pr,<br \/>\n8. J\u0119zyk niemiecki, Irena Organiszczak &#8211; 1 godzina pp i pr,<br \/>\n9. Biologia, Monika \u0141uczak &#8211; 1 godzina,<br \/>\n10. Biologia, Bo\u017cena Ulchurska-Jackowska &#8211; 1 godzina,<br \/>\n11. Chemia, Katarzyna Kurpios &#8211; 1 godzina,<br \/>\n12. Chemia, Robert \u015awierkowski &#8211; 1 godzina,<br \/>\n13. Geografia, Marek P\u0142atkowski &#8211; 1 godzina,<br \/>\n14. Historia i WOS, Dariusz Oko\u0144 &#8211; 1 godzina historia + 1 godzina WOS,<br \/>\n15. Fizyka, Zofia Trzaska &#8211; 1 godzina.<\/p>\n<p style=\"padding-left: 40px;\">Z \u017cyczeniami efektywnych powt\u00f3rek przed matur\u0105 &#8211; Magdalena Reszczy\u0144ska<\/p>\n","protected":false},"excerpt":{"rendered":"<p>Od poniedzia\u0142ku 4 maja 2020 r. na okres pi\u0119ciu tygodni ruszaj\u0105 konsultacje \/ fakultety dla maturzyst\u00f3w. B\u0119d\u0105 one realizowane przez poszczeg\u00f3lnych nauczycieli na MTeams w okresie od 04.05.2020 r. do 05.06.2020 r.: 1. J\u0119zyk polski, Anna Roman &#8211; 2 godziny, 1 godz. poziom podstawowy i 1 godz. poziom rozszerzony 2. J\u0119zyk polski, Teresa Witkiewicz &#8211;&#8230;<\/p>\n","protected":false},"author":3,"featured_media":9137,"comment_status":"closed","ping_status":"closed","sticky":false,"template":"","format":"gallery","meta":{"_acf_changed":false,"_s2mail":"","footnotes":""},"categories":[1],"tags":[],"class_list":["post-9136","post","type-post","status-publish","format-gallery","has-post-thumbnail","hentry","category-bez-kategorii","post_format-post-format-gallery"],"acf":[],"_links":{"self":[{"href":"https:\/\/lo6.szczecin.pl\/index.php\/wp-json\/wp\/v2\/posts\/9136","targetHints":{"allow":["GET"]}}],"collection":[{"href":"https:\/\/lo6.szczecin.pl\/index.php\/wp-json\/wp\/v2\/posts"}],"about":[{"href":"https:\/\/lo6.szczecin.pl\/index.php\/wp-json\/wp\/v2\/types\/post"}],"author":[{"embeddable":true,"href":"https:\/\/lo6.szczecin.pl\/index.php\/wp-json\/wp\/v2\/users\/3"}],"replies":[{"embeddable":true,"href":"https:\/\/lo6.szczecin.pl\/index.php\/wp-json\/wp\/v2\/comments?post=9136"}],"version-history":[{"count":4,"href":"https:\/\/lo6.szczecin.pl\/index.php\/wp-json\/wp\/v2\/posts\/9136\/revisions"}],"predecessor-version":[{"id":9173,"href":"https:\/\/lo6.szczecin.pl\/index.php\/wp-json\/wp\/v2\/posts\/9136\/revisions\/9173"}],"wp:featuredmedia":[{"embeddable":true,"href":"https:\/\/lo6.szczecin.pl\/index.php\/wp-json\/wp\/v2\/media\/9137"}],"wp:attachment":[{"href":"https:\/\/lo6.szczecin.pl\/index.php\/wp-json\/wp\/v2\/media?parent=9136"}],"wp:term":[{"taxonomy":"category","embeddable":true,"href":"https:\/\/lo6.szczecin.pl\/index.php\/wp-json\/wp\/v2\/categories?post=9136"},{"taxonomy":"post_tag","embeddable":true,"href":"https:\/\/lo6.szczecin.pl\/index.php\/wp-json\/wp\/v2\/tags?post=9136"}],"curies":[{"name":"wp","href":"https:\/\/api.w.org\/{rel}","templated":true}]}}