{"id":9129,"date":"2020-04-28T11:58:12","date_gmt":"2020-04-28T09:58:12","guid":{"rendered":"http:\/\/lo6.szczecin.pl\/?p=9129"},"modified":"2020-04-28T12:12:22","modified_gmt":"2020-04-28T10:12:22","slug":"terminy-rekrutacji","status":"publish","type":"post","link":"https:\/\/lo6.szczecin.pl\/index.php\/2020\/04\/28\/terminy-rekrutacji\/","title":{"rendered":"Terminy rekrutacji"},"content":{"rendered":"<p style=\"padding-left: 40px;\">Zgodnie z Rozporz\u0105dzeniem Ministra Edukacji Narodowej z dnia 10 kwietnia 2020 r. zmieniaj\u0105cym rozporz\u0105dzenie<em> w\u00a0sprawie szczeg\u00f3lnych rozwi\u0105za\u0144 w\u00a0okresie czasowego ograniczenia funkcjonowania jednostek systemu o\u015bwiaty w\u00a0zwi\u0105zku z\u00a0zapobieganiem, przeciwdzia\u0142aniem i zwalczaniem COVID-19 <\/em>(<a href=\"http:\/\/dziennikustaw.gov.pl\/DU\/2020\/657\">Dz.U. z 2020 r. poz. 657<\/a>) <strong>ustalone przez Kurator\u00f3w O\u015bwiaty terminy rekrutacji og\u0142oszone przed ko\u0144cem lutego 2020 r. zosta\u0142y anulowane<\/strong>, a &#8220;Nowe terminy post\u0119powania rekrutacyjnego, a tak\u017ce terminy sk\u0142adania dokument\u00f3w s\u0105 podawane do publicznej wiadomo\u015bci na stronie internetowej urz\u0119du obs\u0142uguj\u0105cego ministra w\u0142a\u015bciwego do spraw o\u015bwiaty i wychowania&#8221;.<\/p>\n<p style=\"padding-left: 40px;\">Oznacza to, \u017ce <strong>oczekujemy aktualnie na nowy HARMONOGRAM termin\u00f3w przeprowadzania post\u0119powania rekrutacyjnego <\/strong><strong>do klas I\u00a0publicznych szk\u00f3\u0142 ponadpodstawowych na rok szkolny 2020\/2021.<\/strong><\/p>\n<p style=\"padding-left: 40px;\">Prosimy o systematyczne \u015bledzenie informacji na stronie naboru elektronicznego <u>https:\/\/nabor.pcss.pl\/szczecin\/<\/u>, na kt\u00f3rej pojawi\u0105 si\u0119 odpowiednie komunikaty o\u00a0nowych ustalonych przez MEN terminach!<\/p>\n","protected":false},"excerpt":{"rendered":"<p>Zgodnie z Rozporz\u0105dzeniem Ministra Edukacji Narodowej z dnia 10 kwietnia 2020 r. zmieniaj\u0105cym rozporz\u0105dzenie w\u00a0sprawie szczeg\u00f3lnych rozwi\u0105za\u0144 w\u00a0okresie czasowego ograniczenia funkcjonowania jednostek systemu o\u015bwiaty w\u00a0zwi\u0105zku z\u00a0zapobieganiem, przeciwdzia\u0142aniem i zwalczaniem COVID-19 (Dz.U. z 2020 r. poz. 657) ustalone przez Kurator\u00f3w O\u015bwiaty terminy rekrutacji og\u0142oszone przed ko\u0144cem lutego 2020 r. zosta\u0142y anulowane, a &#8220;Nowe terminy post\u0119powania rekrutacyjnego,&#8230;<\/p>\n","protected":false},"author":3,"featured_media":9131,"comment_status":"closed","ping_status":"closed","sticky":false,"template":"","format":"standard","meta":{"_acf_changed":false,"_s2mail":"","footnotes":""},"categories":[1],"tags":[],"class_list":["post-9129","post","type-post","status-publish","format-standard","has-post-thumbnail","hentry","category-bez-kategorii"],"acf":[],"_links":{"self":[{"href":"https:\/\/lo6.szczecin.pl\/index.php\/wp-json\/wp\/v2\/posts\/9129","targetHints":{"allow":["GET"]}}],"collection":[{"href":"https:\/\/lo6.szczecin.pl\/index.php\/wp-json\/wp\/v2\/posts"}],"about":[{"href":"https:\/\/lo6.szczecin.pl\/index.php\/wp-json\/wp\/v2\/types\/post"}],"author":[{"embeddable":true,"href":"https:\/\/lo6.szczecin.pl\/index.php\/wp-json\/wp\/v2\/users\/3"}],"replies":[{"embeddable":true,"href":"https:\/\/lo6.szczecin.pl\/index.php\/wp-json\/wp\/v2\/comments?post=9129"}],"version-history":[{"count":3,"href":"https:\/\/lo6.szczecin.pl\/index.php\/wp-json\/wp\/v2\/posts\/9129\/revisions"}],"predecessor-version":[{"id":9133,"href":"https:\/\/lo6.szczecin.pl\/index.php\/wp-json\/wp\/v2\/posts\/9129\/revisions\/9133"}],"wp:featuredmedia":[{"embeddable":true,"href":"https:\/\/lo6.szczecin.pl\/index.php\/wp-json\/wp\/v2\/media\/9131"}],"wp:attachment":[{"href":"https:\/\/lo6.szczecin.pl\/index.php\/wp-json\/wp\/v2\/media?parent=9129"}],"wp:term":[{"taxonomy":"category","embeddable":true,"href":"https:\/\/lo6.szczecin.pl\/index.php\/wp-json\/wp\/v2\/categories?post=9129"},{"taxonomy":"post_tag","embeddable":true,"href":"https:\/\/lo6.szczecin.pl\/index.php\/wp-json\/wp\/v2\/tags?post=9129"}],"curies":[{"name":"wp","href":"https:\/\/api.w.org\/{rel}","templated":true}]}}