{"id":9116,"date":"2020-04-24T12:58:52","date_gmt":"2020-04-24T10:58:52","guid":{"rendered":"http:\/\/lo6.szczecin.pl\/?p=9116"},"modified":"2020-04-24T13:04:43","modified_gmt":"2020-04-24T11:04:43","slug":"matura-2020-harmonogramy","status":"publish","type":"post","link":"https:\/\/lo6.szczecin.pl\/index.php\/2020\/04\/24\/matura-2020-harmonogramy\/","title":{"rendered":"Matura 2020 &#8211; harmonogramy"},"content":{"rendered":"<p style=\"padding-left: 40px;\"><strong>Cz\u0119\u015b\u0107 pisemna egzaminu maturalnego<\/strong> w terminie g\u0142\u00f3wnym dla absolwent\u00f3w wszystkich typ\u00f3w szk\u00f3\u0142 rozpocznie si\u0119 w poniedzia\u0142ek, 8 czerwca 2020 roku i potrwa do 29 czerwca. <strong>W tym roku nie b\u0119dzie egzamin\u00f3w ustnych.<\/strong><\/p>\n<p style=\"padding-left: 40px;\"><strong>Termin dodatkowy egzaminu maturalnego<\/strong> jest zaplanowany od 8 do 14 lipca br. Wyniki egzaminu w terminie g\u0142\u00f3wnym i dodatkowym b\u0119d\u0105 znane do 11 sierpnia br. Egzamin poprawkowy odb\u0119dzie si\u0119 8 wrze\u015bnia, a jego wyniki poznamy do 30 wrze\u015bnia.<\/p>\n<p style=\"padding-left: 40px;\"><a href=\"http:\/\/lo6.szczecin.pl\/wp-content\/uploads\/2020\/04\/20200424_E8_EG_EM_Harmonogram3.pdf\">Harmonogram<\/a><\/p>\n","protected":false},"excerpt":{"rendered":"<p>Cz\u0119\u015b\u0107 pisemna egzaminu maturalnego w terminie g\u0142\u00f3wnym dla absolwent\u00f3w wszystkich typ\u00f3w szk\u00f3\u0142 rozpocznie si\u0119 w poniedzia\u0142ek, 8 czerwca 2020 roku i potrwa do 29 czerwca. W tym roku nie b\u0119dzie egzamin\u00f3w ustnych. Termin dodatkowy egzaminu maturalnego jest zaplanowany od 8 do 14 lipca br. Wyniki egzaminu w terminie g\u0142\u00f3wnym i dodatkowym b\u0119d\u0105 znane do 11&#8230;<\/p>\n","protected":false},"author":3,"featured_media":9120,"comment_status":"closed","ping_status":"closed","sticky":false,"template":"","format":"standard","meta":{"_acf_changed":false,"_s2mail":"","footnotes":""},"categories":[1],"tags":[],"class_list":["post-9116","post","type-post","status-publish","format-standard","has-post-thumbnail","hentry","category-bez-kategorii"],"acf":[],"_links":{"self":[{"href":"https:\/\/lo6.szczecin.pl\/index.php\/wp-json\/wp\/v2\/posts\/9116","targetHints":{"allow":["GET"]}}],"collection":[{"href":"https:\/\/lo6.szczecin.pl\/index.php\/wp-json\/wp\/v2\/posts"}],"about":[{"href":"https:\/\/lo6.szczecin.pl\/index.php\/wp-json\/wp\/v2\/types\/post"}],"author":[{"embeddable":true,"href":"https:\/\/lo6.szczecin.pl\/index.php\/wp-json\/wp\/v2\/users\/3"}],"replies":[{"embeddable":true,"href":"https:\/\/lo6.szczecin.pl\/index.php\/wp-json\/wp\/v2\/comments?post=9116"}],"version-history":[{"count":3,"href":"https:\/\/lo6.szczecin.pl\/index.php\/wp-json\/wp\/v2\/posts\/9116\/revisions"}],"predecessor-version":[{"id":9123,"href":"https:\/\/lo6.szczecin.pl\/index.php\/wp-json\/wp\/v2\/posts\/9116\/revisions\/9123"}],"wp:featuredmedia":[{"embeddable":true,"href":"https:\/\/lo6.szczecin.pl\/index.php\/wp-json\/wp\/v2\/media\/9120"}],"wp:attachment":[{"href":"https:\/\/lo6.szczecin.pl\/index.php\/wp-json\/wp\/v2\/media?parent=9116"}],"wp:term":[{"taxonomy":"category","embeddable":true,"href":"https:\/\/lo6.szczecin.pl\/index.php\/wp-json\/wp\/v2\/categories?post=9116"},{"taxonomy":"post_tag","embeddable":true,"href":"https:\/\/lo6.szczecin.pl\/index.php\/wp-json\/wp\/v2\/tags?post=9116"}],"curies":[{"name":"wp","href":"https:\/\/api.w.org\/{rel}","templated":true}]}}