{"id":8914,"date":"2020-03-30T18:38:47","date_gmt":"2020-03-30T16:38:47","guid":{"rendered":"http:\/\/lo6.szczecin.pl\/?p=8914"},"modified":"2020-03-31T14:12:13","modified_gmt":"2020-03-31T12:12:13","slug":"probny-egzamin-maturalny-informacja-men-i-cke","status":"publish","type":"post","link":"https:\/\/lo6.szczecin.pl\/index.php\/2020\/03\/30\/probny-egzamin-maturalny-informacja-men-i-cke\/","title":{"rendered":"Pr\u00f3bny egzamin maturalny &#8211; informacja MEN i CKE"},"content":{"rendered":"<div style=\"padding-left: 40px;\">Szanowni Pa\u0144stwo,<\/div>\n<div style=\"padding-left: 40px;\"><\/div>\n<div style=\"padding-left: 40px;\">Centralna Komisja Egzaminacyjna oraz okr\u0119gowe komisje egzaminacyjne przygotowuj\u0105 si\u0119 do udost\u0119pnienia materia\u0142\u00f3w do przeprowadzenia pr\u00f3bnego egzaminu maturalnego w Formule 2015 w teminie od 2 do 8 kwietnia br.<\/div>\n<div style=\"padding-left: 40px;\">Wszystkie niezb\u0119dne materia\u0142y do przeprowadzenia egzamin\u00f3w zostan\u0105 zamieszczone na stronie internetowej CKE oraz na stronach okr\u0119gowych komisji egzaminacyjnych<\/div>\n<div style=\"padding-left: 40px;\"><\/div>\n<div style=\"padding-left: 40px;\">Za\u0142\u0105czniki:<\/div>\n<div style=\"padding-left: 40px;\">1. Pr\u00f3bny egzamin maturalny &#8211; informacja MEN i CKE&lt;<a href=\"https:\/\/dokumenty.men.gov.pl\/2020_03_27_Probny_egzamin_maturalny_informacja_MEN_i_CKE.DOCX\" target=\"_blank\" rel=\"noopener noreferrer\">https:\/\/dokumenty.men.gov.pl\/2020_03_27_Probny_egzamin_maturalny_informacja_MEN_i_CKE.DOCX<\/a>&gt;<\/div>\n","protected":false},"excerpt":{"rendered":"<p>Szanowni Pa\u0144stwo, Centralna Komisja Egzaminacyjna oraz okr\u0119gowe komisje egzaminacyjne przygotowuj\u0105 si\u0119 do udost\u0119pnienia materia\u0142\u00f3w do przeprowadzenia pr\u00f3bnego egzaminu maturalnego w Formule 2015 w teminie od 2 do 8 kwietnia br. Wszystkie niezb\u0119dne materia\u0142y do przeprowadzenia egzamin\u00f3w zostan\u0105 zamieszczone na stronie internetowej CKE oraz na stronach okr\u0119gowych komisji egzaminacyjnych Za\u0142\u0105czniki: 1. Pr\u00f3bny egzamin maturalny &#8211; informacja&#8230;<\/p>\n","protected":false},"author":4,"featured_media":8915,"comment_status":"closed","ping_status":"closed","sticky":false,"template":"","format":"standard","meta":{"_acf_changed":false,"_s2mail":"","footnotes":""},"categories":[1],"tags":[],"class_list":["post-8914","post","type-post","status-publish","format-standard","has-post-thumbnail","hentry","category-bez-kategorii"],"acf":[],"_links":{"self":[{"href":"https:\/\/lo6.szczecin.pl\/index.php\/wp-json\/wp\/v2\/posts\/8914","targetHints":{"allow":["GET"]}}],"collection":[{"href":"https:\/\/lo6.szczecin.pl\/index.php\/wp-json\/wp\/v2\/posts"}],"about":[{"href":"https:\/\/lo6.szczecin.pl\/index.php\/wp-json\/wp\/v2\/types\/post"}],"author":[{"embeddable":true,"href":"https:\/\/lo6.szczecin.pl\/index.php\/wp-json\/wp\/v2\/users\/4"}],"replies":[{"embeddable":true,"href":"https:\/\/lo6.szczecin.pl\/index.php\/wp-json\/wp\/v2\/comments?post=8914"}],"version-history":[{"count":3,"href":"https:\/\/lo6.szczecin.pl\/index.php\/wp-json\/wp\/v2\/posts\/8914\/revisions"}],"predecessor-version":[{"id":8931,"href":"https:\/\/lo6.szczecin.pl\/index.php\/wp-json\/wp\/v2\/posts\/8914\/revisions\/8931"}],"wp:featuredmedia":[{"embeddable":true,"href":"https:\/\/lo6.szczecin.pl\/index.php\/wp-json\/wp\/v2\/media\/8915"}],"wp:attachment":[{"href":"https:\/\/lo6.szczecin.pl\/index.php\/wp-json\/wp\/v2\/media?parent=8914"}],"wp:term":[{"taxonomy":"category","embeddable":true,"href":"https:\/\/lo6.szczecin.pl\/index.php\/wp-json\/wp\/v2\/categories?post=8914"},{"taxonomy":"post_tag","embeddable":true,"href":"https:\/\/lo6.szczecin.pl\/index.php\/wp-json\/wp\/v2\/tags?post=8914"}],"curies":[{"name":"wp","href":"https:\/\/api.w.org\/{rel}","templated":true}]}}