{"id":8904,"date":"2020-03-26T16:50:39","date_gmt":"2020-03-26T15:50:39","guid":{"rendered":"http:\/\/lo6.szczecin.pl\/?p=8904"},"modified":"2020-03-30T17:00:24","modified_gmt":"2020-03-30T15:00:24","slug":"praca-zdalna-szkoly","status":"publish","type":"post","link":"https:\/\/lo6.szczecin.pl\/index.php\/2020\/03\/26\/praca-zdalna-szkoly\/","title":{"rendered":"Praca zdalna szko\u0142y"},"content":{"rendered":"<p style=\"padding-left: 40px;\">Szanowni Pa\u0144stwo,<\/p>\n<p style=\"padding-left: 40px;\">zgodnie z ROZPORZ\u0104DZENIEM MEN z dnia 20 marca 2020 r. w sprawie szczeg\u00f3lnych rozwi\u0105za\u0144 w okresie czasowego ograniczenia funkcjonowania jednostek systemu o\u015bwiaty w zwi\u0105zku z zapobieganiem, przeciwdzia\u0142aniem i zwalczaniem COVID-19 W VI LO w szczecinie ustala si\u0119 nast\u0119puj\u0105c\u0105 organizacje realizacji zada\u0144 z wykorzystaniem metod i technik kszta\u0142cenia na odleg\u0142o\u015b\u0107:<\/p>\n<ol>\n<li style=\"list-style-type: none;\">\n<ol>\n<li>\u00a0od dnia 25 marca (\u015broda) realizujemy zadania zgodnie z tygodniowym planem lekcji w rozumieniu przedmiot\u00f3w w poszczeg\u00f3lnych dniach, uwzgl\u0119dniaj\u0105c potrzeby i mo\u017cliwo\u015bci psychofizyczne uczni\u00f3w, higieny pracy oraz rzeczywiste mo\u017cliwo\u015bci w komunikacji ze swoimi uczniami; oceniamy prac\u0119 uczni\u00f3w.<\/li>\n<li>Tygodniowy zakres tre\u015bci nauczania dla poszczeg\u00f3lnych klas i oddzia\u0142\u00f3w wynika z tygodniowego planu zaj\u0119\u0107, co zapewnia w miar\u0119 mo\u017cliwo\u015bci r\u00f3wnomierne obci\u0105\u017cenie uczni\u00f3w w poszczeg\u00f3lne dni tygodnia oraz zr\u00f3\u017cnicowanie zaj\u0119\u0107 w ka\u017cdym dniu, przy czym nauczyciel zobowi\u0105zany jest do realizowania zagadnie\u0144 wynikaj\u0105cych z podstawy programowej, co oznacza mo\u017cliwo\u015b\u0107 rezygnacji z<br \/>\ntre\u015bci wykraczaj\u0105cych, kt\u00f3re s\u0105 uj\u0119te w wybranych programach nauczania.<\/li>\n<li>Praca uczni\u00f3w podlega ocenie zgodnie z kryteriami Przedmiotowych Zasad Oceniania.<\/li>\n<li>Z uwagi na trudno\u015bci techniczne mo\u017cliwe jest przesy\u0142anie zada\u0144, zagadnie\u0144 w terminach innych ni\u017c godziny przedpo\u0142udniowe i dlatego prosz\u0119 o \u017cyczliwo\u015b\u0107 i wyrozumia\u0142o\u015b\u0107.<\/li>\n<li>Terminy klasyfikacji uczni\u00f3w klas trzecich zostaj\u0105 zachowane &#8211; wst\u0119pna klasyfikacja to 8 kwietnia.<\/li>\n<li>Konsultacje indywidualne z nauczycielami mo\u017cliwe s\u0105 z wykorzystaniem wszystkich dr\u00f3g komunikacji zdalnej, kt\u00f3rymi Pa\u0144stwo dysponujecie za zgod\u0105 nauczyciela.<\/li>\n<\/ol>\n<\/li>\n<\/ol>\n<p style=\"padding-left: 40px;\">Z wyrazami szacunku, \u017cyczeniami zdrowia dla ca\u0142ych Rodzin, ogromn\u0105 pro\u015bb\u0105 o wzajemne wsparcie i \u017cyczliwo\u015b\u0107 oraz pozytywne wzmacnianie Pa\u0144stwa dzieci a naszych uczni\u00f3w w tej trudnej dla wszystkich rzeczywisto\u015bci,<\/p>\n<p style=\"padding-left: 40px;\">do zobaczenia w szkole<\/p>\n<p style=\"padding-left: 40px;\">Bo\u017cena Ulchurska-Jackowska<\/p>\n","protected":false},"excerpt":{"rendered":"<p>Szanowni Pa\u0144stwo, zgodnie z ROZPORZ\u0104DZENIEM MEN z dnia 20 marca 2020 r. w sprawie szczeg\u00f3lnych rozwi\u0105za\u0144 w okresie czasowego ograniczenia funkcjonowania jednostek systemu o\u015bwiaty w zwi\u0105zku z zapobieganiem, przeciwdzia\u0142aniem i zwalczaniem COVID-19 W VI LO w szczecinie ustala si\u0119 nast\u0119puj\u0105c\u0105 organizacje realizacji zada\u0144 z wykorzystaniem metod i technik kszta\u0142cenia na odleg\u0142o\u015b\u0107: \u00a0od dnia 25 marca&#8230;<\/p>\n","protected":false},"author":4,"featured_media":8905,"comment_status":"closed","ping_status":"closed","sticky":false,"template":"","format":"standard","meta":{"_acf_changed":false,"_s2mail":"","footnotes":""},"categories":[1],"tags":[],"class_list":["post-8904","post","type-post","status-publish","format-standard","has-post-thumbnail","hentry","category-bez-kategorii"],"acf":[],"_links":{"self":[{"href":"https:\/\/lo6.szczecin.pl\/index.php\/wp-json\/wp\/v2\/posts\/8904","targetHints":{"allow":["GET"]}}],"collection":[{"href":"https:\/\/lo6.szczecin.pl\/index.php\/wp-json\/wp\/v2\/posts"}],"about":[{"href":"https:\/\/lo6.szczecin.pl\/index.php\/wp-json\/wp\/v2\/types\/post"}],"author":[{"embeddable":true,"href":"https:\/\/lo6.szczecin.pl\/index.php\/wp-json\/wp\/v2\/users\/4"}],"replies":[{"embeddable":true,"href":"https:\/\/lo6.szczecin.pl\/index.php\/wp-json\/wp\/v2\/comments?post=8904"}],"version-history":[{"count":4,"href":"https:\/\/lo6.szczecin.pl\/index.php\/wp-json\/wp\/v2\/posts\/8904\/revisions"}],"predecessor-version":[{"id":8909,"href":"https:\/\/lo6.szczecin.pl\/index.php\/wp-json\/wp\/v2\/posts\/8904\/revisions\/8909"}],"wp:featuredmedia":[{"embeddable":true,"href":"https:\/\/lo6.szczecin.pl\/index.php\/wp-json\/wp\/v2\/media\/8905"}],"wp:attachment":[{"href":"https:\/\/lo6.szczecin.pl\/index.php\/wp-json\/wp\/v2\/media?parent=8904"}],"wp:term":[{"taxonomy":"category","embeddable":true,"href":"https:\/\/lo6.szczecin.pl\/index.php\/wp-json\/wp\/v2\/categories?post=8904"},{"taxonomy":"post_tag","embeddable":true,"href":"https:\/\/lo6.szczecin.pl\/index.php\/wp-json\/wp\/v2\/tags?post=8904"}],"curies":[{"name":"wp","href":"https:\/\/api.w.org\/{rel}","templated":true}]}}