{"id":8901,"date":"2020-03-25T15:50:24","date_gmt":"2020-03-25T14:50:24","guid":{"rendered":"http:\/\/lo6.szczecin.pl\/?p=8901"},"modified":"2020-03-30T16:09:36","modified_gmt":"2020-03-30T14:09:36","slug":"zdalne-nauczanie","status":"publish","type":"post","link":"https:\/\/lo6.szczecin.pl\/index.php\/2020\/03\/25\/zdalne-nauczanie\/","title":{"rendered":"Zdalne nauczanie"},"content":{"rendered":"<header class=\"entry-header page-header\">\n<div class=\"entry-meta\" style=\"padding-left: 40px;\">Drodzy Uczniowie, od 25.03.2020 r. rusza nauczanie zdalne z realizacj\u0105 na bie\u017c\u0105co podstawy programowej, dlatego prosimy Was:<\/div>\n<\/header>\n<div class=\"entry-content\" style=\"padding-left: 40px;\">\n<ul>\n<li>aby\u015bcie na bie\u017c\u0105co \u015bledzili komynikaty iDziennika oraz inne ustalone z poszczeg\u00f3lnymi nauczycielami,<\/li>\n<li>zagl\u0105dajcie na bie\u017c\u0105co na platform\u0119 edukacyjn\u0105 http:\/\/portal.office.com, tam wi\u0119kszo\u015b\u0107 nauczycieli zamieszcza materia\u0142y do pracy zdalnej oraz prowadzi zaj\u0119cia online,<\/li>\n<li>\u00a0zg\u0142aszajcie trudno\u015bci wynikaj\u0105ce ze zdalnego nauczania, postaramy si\u0119 Wam niezw\u0142ocznie pom\u00f3c.<\/li>\n<\/ul>\n<p style=\"padding-left: 40px;\">W razie pyta\u0144 czy w\u0105tpliwo\u015bci prosimy o kontakt.<\/p>\n<p style=\"padding-left: 40px;\"><strong>Kszta\u0142cenie na odleg\u0142o\u015b\u0107<\/strong> ? <a href=\"http:\/\/www.kuratorium.szczecin.pl\/kuratorium\/aktualnosci\/ksztalcenie-na-odleglosc-nowe-regulacje-prawne\/\">http:\/\/www.kuratorium.szczecin.pl\/kuratorium\/aktualnosci\/ksztalcenie-na-odleglosc-nowe-regulacje-prawne\/<\/a><\/p>\n<\/div>\n","protected":false},"excerpt":{"rendered":"<p>Drodzy Uczniowie, od 25.03.2020 r. rusza nauczanie zdalne z realizacj\u0105 na bie\u017c\u0105co podstawy programowej, dlatego prosimy Was: aby\u015bcie na bie\u017c\u0105co \u015bledzili komynikaty iDziennika oraz inne ustalone z poszczeg\u00f3lnymi nauczycielami, zagl\u0105dajcie na bie\u017c\u0105co na platform\u0119 edukacyjn\u0105 http:\/\/portal.office.com, tam wi\u0119kszo\u015b\u0107 nauczycieli zamieszcza materia\u0142y do pracy zdalnej oraz prowadzi zaj\u0119cia online, \u00a0zg\u0142aszajcie trudno\u015bci wynikaj\u0105ce ze zdalnego nauczania, postaramy&#8230;<\/p>\n","protected":false},"author":4,"featured_media":8902,"comment_status":"closed","ping_status":"closed","sticky":false,"template":"","format":"standard","meta":{"_acf_changed":false,"_s2mail":"","footnotes":""},"categories":[1],"tags":[],"class_list":["post-8901","post","type-post","status-publish","format-standard","has-post-thumbnail","hentry","category-bez-kategorii"],"acf":[],"_links":{"self":[{"href":"https:\/\/lo6.szczecin.pl\/index.php\/wp-json\/wp\/v2\/posts\/8901","targetHints":{"allow":["GET"]}}],"collection":[{"href":"https:\/\/lo6.szczecin.pl\/index.php\/wp-json\/wp\/v2\/posts"}],"about":[{"href":"https:\/\/lo6.szczecin.pl\/index.php\/wp-json\/wp\/v2\/types\/post"}],"author":[{"embeddable":true,"href":"https:\/\/lo6.szczecin.pl\/index.php\/wp-json\/wp\/v2\/users\/4"}],"replies":[{"embeddable":true,"href":"https:\/\/lo6.szczecin.pl\/index.php\/wp-json\/wp\/v2\/comments?post=8901"}],"version-history":[{"count":1,"href":"https:\/\/lo6.szczecin.pl\/index.php\/wp-json\/wp\/v2\/posts\/8901\/revisions"}],"predecessor-version":[{"id":8903,"href":"https:\/\/lo6.szczecin.pl\/index.php\/wp-json\/wp\/v2\/posts\/8901\/revisions\/8903"}],"wp:featuredmedia":[{"embeddable":true,"href":"https:\/\/lo6.szczecin.pl\/index.php\/wp-json\/wp\/v2\/media\/8902"}],"wp:attachment":[{"href":"https:\/\/lo6.szczecin.pl\/index.php\/wp-json\/wp\/v2\/media?parent=8901"}],"wp:term":[{"taxonomy":"category","embeddable":true,"href":"https:\/\/lo6.szczecin.pl\/index.php\/wp-json\/wp\/v2\/categories?post=8901"},{"taxonomy":"post_tag","embeddable":true,"href":"https:\/\/lo6.szczecin.pl\/index.php\/wp-json\/wp\/v2\/tags?post=8901"}],"curies":[{"name":"wp","href":"https:\/\/api.w.org\/{rel}","templated":true}]}}