{"id":8896,"date":"2020-03-11T15:32:27","date_gmt":"2020-03-11T14:32:27","guid":{"rendered":"http:\/\/lo6.szczecin.pl\/?p=8896"},"modified":"2020-03-31T11:12:24","modified_gmt":"2020-03-31T09:12:24","slug":"decyzja-men","status":"publish","type":"post","link":"https:\/\/lo6.szczecin.pl\/index.php\/2020\/03\/11\/decyzja-men\/","title":{"rendered":"Decyzja MEN"},"content":{"rendered":"<p style=\"padding-left: 40px;\"><strong>Decyzj\u0105 Ministra Edukacji Narodowej wynikaj\u0105c\u0105 z konieczno\u015bci zapobiegania rozprzestrzenianiu si\u0119 koronawirusa od 12 do 10 kwietnia br. funkcjonowanie jednostek systemu o\u015bwiaty zostaje czasowo ograniczone.<\/strong><\/p>\n<p style=\"padding-left: 40px;\">Oznacza to, \u017ce w tym okresie przedszkola, szko\u0142y i plac\u00f3wki o\u015bwiatowe zar\u00f3wno publiczne, jak i niepubliczne nie b\u0119d\u0105 prowadzi\u0142y zaj\u0119\u0107 dydaktyczno-wychowawczych.<span class=\"text_exposed_show\"><br \/>\n<\/span><\/p>\n<p style=\"padding-left: 40px;\"><span class=\"text_exposed_show\"><strong>Od 12 marca br. uczniowie szk\u00f3\u0142 ponadpodstawowych nie przychodz\u0105 do szk\u00f3\u0142.<\/strong><br \/>\n<\/span><\/p>\n<p style=\"padding-left: 40px;\"><strong><span class=\"text_exposed_show\">Z uwagi na ograniczenie funkcjonowania plac\u00f3wki, cz\u0119\u015b\u0107 nauczycieli VI LO przygotuje materia\u0142y dydaktyczne do samodzielnej pracy uczni\u00f3w w domu i prze\u015ble je za po\u015brednictwem komunikatora iDziennika lub innych dost\u0119pnych narz\u0119dzi teleinformatycznych.<\/span><\/strong><\/p>\n<div class=\"text_exposed_show\" style=\"padding-left: 40px;\">\n<p style=\"padding-left: 40px;\">\n<p style=\"padding-left: 40px;\"><strong>Rodzicu,<\/strong><\/p>\n<ul>\n<li style=\"list-style-type: none;\">\n<ul>\n<li>zach\u0119caj dziecko do samodzielnej nauki w czasie gdy nie b\u0119dzie lekcji w szkole. Ministerstwo Edukacji Narodowej na platformie epodr\u0119czniki.pl. udost\u0119pnia szereg materia\u0142\u00f3w edukacyjnych, kt\u00f3re pozwalaj\u0105 uzupe\u0142ni\u0107, ugruntowa\u0107 i poszerzy\u0107 wiedz\u0119. Dost\u0119p do tych zasob\u00f3w jest bezp\u0142atny;<\/li>\n<li>je\u015bli masz dziecko w wieku do 8 lat, przys\u0142uguje Ci zasi\u0142ek opieku\u0144czy do 14 dni. Szczeg\u00f3\u0142owe informacje znajdziesz na stronie internetowej ZUS;<\/li>\n<li>przeka\u017c osobom, kt\u00f3re b\u0119d\u0105 opiekowa\u0107 si\u0119 Twoim dzieckiem, podstawowe informacje dotycz\u0105ce bezpiecze\u0144stwa i higieny;<\/li>\n<li>rygorystycznie przestrzegaj w domu zasad higieny i czysto\u015bci pomieszcze\u0144, w kt\u00f3rych przebywasz;<\/li>\n<li>\u015bled\u017a na bie\u017c\u0105co komunikaty GIS, MZ i MEN o sytuacji epidemiologicznej w kraju oraz informacje przesy\u0142ane przez dyrektora szko\u0142y.<\/li>\n<\/ul>\n<\/li>\n<\/ul>\n<p style=\"padding-left: 40px;\">\n<p style=\"padding-left: 40px;\"><strong>Uczniu,<\/strong><\/p>\n<ul>\n<li style=\"list-style-type: none;\">\n<ul>\n<li>pami\u0119taj o swoim bezpiecze\u0144stwie w domu. Unikaj miejsc, gdzie s\u0105 du\u017ce skupiska ludzi (np. komunikacja publiczna, kino, teatr, centra handlowe);<\/li>\n<li>przerwa w funkcjonowaniu Twojej szko\u0142y nie powinna oznacza\u0107 dni wolnych od nauki;<\/li>\n<li>odpowiedzialnie wykorzystaj czas zawieszenia zaj\u0119\u0107 w Twojej szkole. Przeczytaj ulubion\u0105 ksi\u0105\u017ck\u0119, spr\u00f3buj uzupe\u0142ni\u0107 swoje wiadomo\u015bci lub rozwijaj kompetencje. Skorzystaj przy tym z darmowej platformy epodreczniki.pl i materia\u0142\u00f3w rekomendowanych przez Twojego nauczyciela;<\/li>\n<li>przestrzegaj w domu zasad higieny i czysto\u015bci pomieszcze\u0144, w kt\u00f3rych przebywasz.<\/li>\n<\/ul>\n<\/li>\n<\/ul>\n<p style=\"padding-left: 40px;\"><strong>Wszystkie bie\u017c\u0105ce informacje dotycz\u0105ce funkcjonowania szko\u0142y b\u0119d\u0105 przesy\u0142ane za po\u015brednictwem Dziennika.<\/strong><\/p>\n<\/div>\n<p style=\"padding-left: 40px;\">\n<p style=\"padding-left: 80px;\">Wi\u0119cej informacji na stronie: <a href=\"https:\/\/www.gov.pl\/web\/edukacja\/zawieszenie-zajec-w-szkolach\">MEN<\/a><\/p>\n","protected":false},"excerpt":{"rendered":"<p>Decyzj\u0105 Ministra Edukacji Narodowej wynikaj\u0105c\u0105 z konieczno\u015bci zapobiegania rozprzestrzenianiu si\u0119 koronawirusa od 12 do 10 kwietnia br. funkcjonowanie jednostek systemu o\u015bwiaty zostaje czasowo ograniczone. Oznacza to, \u017ce w tym okresie przedszkola, szko\u0142y i plac\u00f3wki o\u015bwiatowe zar\u00f3wno publiczne, jak i niepubliczne nie b\u0119d\u0105 prowadzi\u0142y zaj\u0119\u0107 dydaktyczno-wychowawczych. Od 12 marca br. uczniowie szk\u00f3\u0142 ponadpodstawowych nie przychodz\u0105 do&#8230;<\/p>\n","protected":false},"author":4,"featured_media":8898,"comment_status":"closed","ping_status":"closed","sticky":false,"template":"","format":"standard","meta":{"_acf_changed":false,"_s2mail":"","footnotes":""},"categories":[1],"tags":[],"class_list":["post-8896","post","type-post","status-publish","format-standard","has-post-thumbnail","hentry","category-bez-kategorii"],"acf":[],"_links":{"self":[{"href":"https:\/\/lo6.szczecin.pl\/index.php\/wp-json\/wp\/v2\/posts\/8896","targetHints":{"allow":["GET"]}}],"collection":[{"href":"https:\/\/lo6.szczecin.pl\/index.php\/wp-json\/wp\/v2\/posts"}],"about":[{"href":"https:\/\/lo6.szczecin.pl\/index.php\/wp-json\/wp\/v2\/types\/post"}],"author":[{"embeddable":true,"href":"https:\/\/lo6.szczecin.pl\/index.php\/wp-json\/wp\/v2\/users\/4"}],"replies":[{"embeddable":true,"href":"https:\/\/lo6.szczecin.pl\/index.php\/wp-json\/wp\/v2\/comments?post=8896"}],"version-history":[{"count":5,"href":"https:\/\/lo6.szczecin.pl\/index.php\/wp-json\/wp\/v2\/posts\/8896\/revisions"}],"predecessor-version":[{"id":8929,"href":"https:\/\/lo6.szczecin.pl\/index.php\/wp-json\/wp\/v2\/posts\/8896\/revisions\/8929"}],"wp:featuredmedia":[{"embeddable":true,"href":"https:\/\/lo6.szczecin.pl\/index.php\/wp-json\/wp\/v2\/media\/8898"}],"wp:attachment":[{"href":"https:\/\/lo6.szczecin.pl\/index.php\/wp-json\/wp\/v2\/media?parent=8896"}],"wp:term":[{"taxonomy":"category","embeddable":true,"href":"https:\/\/lo6.szczecin.pl\/index.php\/wp-json\/wp\/v2\/categories?post=8896"},{"taxonomy":"post_tag","embeddable":true,"href":"https:\/\/lo6.szczecin.pl\/index.php\/wp-json\/wp\/v2\/tags?post=8896"}],"curies":[{"name":"wp","href":"https:\/\/api.w.org\/{rel}","templated":true}]}}