{"id":8890,"date":"2020-03-17T15:22:57","date_gmt":"2020-03-17T14:22:57","guid":{"rendered":"http:\/\/lo6.szczecin.pl\/?p=8890"},"modified":"2020-03-30T15:31:48","modified_gmt":"2020-03-30T13:31:48","slug":"8890","status":"publish","type":"post","link":"https:\/\/lo6.szczecin.pl\/index.php\/2020\/03\/17\/8890\/","title":{"rendered":"Komunikacja zdalna"},"content":{"rendered":"<p style=\"padding-left: 40px;\">W zwi\u0105zku z bardzo spowolnionym dzia\u0142anie iDziennika, mo\u017cliwo\u015bci\u0105 wyd\u0142u\u017cenia ograniczenia czasowego funkcjonowania szko\u0142y oraz <span style=\"font-family: georgia,palatino,serif;\">konieczno\u015bci\u0105 pracy zdalnej ze wszystkimi uczniami, a zw\u0142aszcza tymi z klas III, wszystkim nauczycielom, uczniom i pracownikom administracji zosta\u0142y za\u0142o\u017cone konta na Office 365, co umo\u017cliwi nam prost\u0105 prac\u0119 zdaln\u0105. <\/span><br \/>\n<span style=\"color: #000000; font-family: georgia,palatino,serif;\"><span style=\"text-align: left; text-transform: none; text-indent: 0px; letter-spacing: normal; font-size: 16px; font-style: normal; font-variant: normal; font-weight: 300; text-decoration: none; word-spacing: 0px; display: inline !important; white-space: normal; orphans: 2; float: none; -webkit-text-stroke-width: 0px; background-color: #ffffff;\">Proces rozsy\u0142ania danych do logowania jeszcze trwa. Prosimy o cierpliwo\u015b\u0107.<\/span> <\/span><\/p>\n<p style=\"padding-left: 40px;\"><span style=\"font-family: georgia,palatino,serif;\"><span style=\"text-align: left; color: #555555; text-transform: none; text-indent: 0px; letter-spacing: normal; font-size: 16px; font-style: normal; font-variant: normal; font-weight: 300; text-decoration: none; word-spacing: 0px; display: inline !important; white-space: normal; orphans: 2; float: none; -webkit-text-stroke-width: 0px; background-color: #ffffff;\"><span style=\"color: #000000;\">Od tej chwili rozpoczynamy faz\u0119 testow\u0105. Rekomendujemy instalacj\u0119 TEAMS\u00a0 i<\/span> <span style=\"color: #001000; font-family: Georgia,'Times New Roman','Bitstream Charter',Times,serif;\">z<\/span><\/span>apraszamy do korzystania z wersji pr\u00f3bnej us\u0142ugi Office 365<\/span><\/p>\n<p style=\"padding-left: 40px;\"><span style=\"font-family: georgia,palatino,serif;\">https:\/\/click.email.microsoftonline.com\/?qs=8ca4021d5d70a98a5524eb4a02c040def1c91365aa407d29205be0281ee930018a89735426978fdd3feb475bceb33ee5d2751eebba246b3d2773d9e5fdb5a708 <\/span><\/p>\n<p style=\"padding-left: 40px;\"><span style=\"font-family: georgia,palatino,serif;\">Us\u0142uga:<\/span><br \/>\n<span style=\"font-family: georgia,palatino,serif;\">Office 365 A1 dla nauczycieli lub wyk\u0142adowc\u00f3w ? wersja pr\u00f3bna<\/span><br \/>\n<span style=\"font-family: georgia,palatino,serif;\">Data rozpocz\u0119cia okresu pr\u00f3bnego: 2020-03-14<\/span><br \/>\n<span style=\"font-family: georgia,palatino,serif;\">Data zako\u0144czenia okresu pr\u00f3bnego: 2020-09-13<\/span><\/p>\n<p style=\"padding-left: 40px;\"><span style=\"font-family: georgia,palatino,serif;\">Przydatne zasoby<\/span><br \/>\n<span style=\"font-family: georgia,palatino,serif;\">Je\u015bli korzystasz z us\u0142ug partnera, mo\u017ce on udzieli\u0107 Ci pomocy. Je\u015bli szukasz partnera, mo\u017cesz znale\u017a\u0107 go<\/span><br \/>\n<span style=\"font-family: georgia,palatino,serif;\">https:\/\/click.email.microsoftonline.com\/?qs=f103a80ead9bd33e88be07d6e926997f95c15f440002e934ef0bce93477618c0b9f562e275c5b46b8a08bad0bba69f119d730e39e0a778d290b0b7bda46d47a3 <\/span><br \/>\n<span style=\"font-family: georgia,palatino,serif;\">tutaj .<\/span><\/p>\n","protected":false},"excerpt":{"rendered":"<p>W zwi\u0105zku z bardzo spowolnionym dzia\u0142anie iDziennika, mo\u017cliwo\u015bci\u0105 wyd\u0142u\u017cenia ograniczenia czasowego funkcjonowania szko\u0142y oraz konieczno\u015bci\u0105 pracy zdalnej ze wszystkimi uczniami, a zw\u0142aszcza tymi z klas III, wszystkim nauczycielom, uczniom i pracownikom administracji zosta\u0142y za\u0142o\u017cone konta na Office 365, co umo\u017cliwi nam prost\u0105 prac\u0119 zdaln\u0105. Proces rozsy\u0142ania danych do logowania jeszcze trwa. Prosimy o cierpliwo\u015b\u0107. Od&#8230;<\/p>\n","protected":false},"author":4,"featured_media":8891,"comment_status":"closed","ping_status":"closed","sticky":false,"template":"","format":"standard","meta":{"_acf_changed":false,"_s2mail":"","footnotes":""},"categories":[1],"tags":[],"class_list":["post-8890","post","type-post","status-publish","format-standard","has-post-thumbnail","hentry","category-bez-kategorii"],"acf":[],"_links":{"self":[{"href":"https:\/\/lo6.szczecin.pl\/index.php\/wp-json\/wp\/v2\/posts\/8890","targetHints":{"allow":["GET"]}}],"collection":[{"href":"https:\/\/lo6.szczecin.pl\/index.php\/wp-json\/wp\/v2\/posts"}],"about":[{"href":"https:\/\/lo6.szczecin.pl\/index.php\/wp-json\/wp\/v2\/types\/post"}],"author":[{"embeddable":true,"href":"https:\/\/lo6.szczecin.pl\/index.php\/wp-json\/wp\/v2\/users\/4"}],"replies":[{"embeddable":true,"href":"https:\/\/lo6.szczecin.pl\/index.php\/wp-json\/wp\/v2\/comments?post=8890"}],"version-history":[{"count":4,"href":"https:\/\/lo6.szczecin.pl\/index.php\/wp-json\/wp\/v2\/posts\/8890\/revisions"}],"predecessor-version":[{"id":8895,"href":"https:\/\/lo6.szczecin.pl\/index.php\/wp-json\/wp\/v2\/posts\/8890\/revisions\/8895"}],"wp:featuredmedia":[{"embeddable":true,"href":"https:\/\/lo6.szczecin.pl\/index.php\/wp-json\/wp\/v2\/media\/8891"}],"wp:attachment":[{"href":"https:\/\/lo6.szczecin.pl\/index.php\/wp-json\/wp\/v2\/media?parent=8890"}],"wp:term":[{"taxonomy":"category","embeddable":true,"href":"https:\/\/lo6.szczecin.pl\/index.php\/wp-json\/wp\/v2\/categories?post=8890"},{"taxonomy":"post_tag","embeddable":true,"href":"https:\/\/lo6.szczecin.pl\/index.php\/wp-json\/wp\/v2\/tags?post=8890"}],"curies":[{"name":"wp","href":"https:\/\/api.w.org\/{rel}","templated":true}]}}