{"id":8802,"date":"2020-01-20T08:09:20","date_gmt":"2020-01-20T07:09:20","guid":{"rendered":"http:\/\/lo6.szczecin.pl\/?p=8802"},"modified":"2020-01-23T08:21:34","modified_gmt":"2020-01-23T07:21:34","slug":"uwaga-zakaz-wjazdu","status":"publish","type":"post","link":"https:\/\/lo6.szczecin.pl\/index.php\/2020\/01\/20\/uwaga-zakaz-wjazdu\/","title":{"rendered":"Uwaga &#8211; Zakaz wjazdu"},"content":{"rendered":"<p style=\"padding-left: 40px;\"><span style=\"font-size: 14pt;\">Z uwagi na rozpoczynaj\u0105ce si\u0119 prace remontowe terenu przyszkolnego, od dnia 20.01.2020 r. ilo\u015b\u0107 miejsc parkingowych zosta\u0142a ograniczona do minimum.<\/span><\/p>\n<p style=\"padding-left: 40px;\"><span style=\"font-size: 14pt;\">Przypominamy r\u00f3wnie\u017c o obowi\u0105zuj\u0105cym zakazie wjazdu dla uczni\u00f3w.<\/span><\/p>\n","protected":false},"excerpt":{"rendered":"<p>Z uwagi na rozpoczynaj\u0105ce si\u0119 prace remontowe terenu przyszkolnego, od dnia 20.01.2020 r. ilo\u015b\u0107 miejsc parkingowych zosta\u0142a ograniczona do minimum. Przypominamy r\u00f3wnie\u017c o obowi\u0105zuj\u0105cym zakazie wjazdu dla uczni\u00f3w.<\/p>\n","protected":false},"author":3,"featured_media":0,"comment_status":"closed","ping_status":"closed","sticky":false,"template":"","format":"standard","meta":{"_acf_changed":false,"_s2mail":"","footnotes":""},"categories":[1],"tags":[],"class_list":["post-8802","post","type-post","status-publish","format-standard","hentry","category-bez-kategorii"],"acf":[],"_links":{"self":[{"href":"https:\/\/lo6.szczecin.pl\/index.php\/wp-json\/wp\/v2\/posts\/8802","targetHints":{"allow":["GET"]}}],"collection":[{"href":"https:\/\/lo6.szczecin.pl\/index.php\/wp-json\/wp\/v2\/posts"}],"about":[{"href":"https:\/\/lo6.szczecin.pl\/index.php\/wp-json\/wp\/v2\/types\/post"}],"author":[{"embeddable":true,"href":"https:\/\/lo6.szczecin.pl\/index.php\/wp-json\/wp\/v2\/users\/3"}],"replies":[{"embeddable":true,"href":"https:\/\/lo6.szczecin.pl\/index.php\/wp-json\/wp\/v2\/comments?post=8802"}],"version-history":[{"count":3,"href":"https:\/\/lo6.szczecin.pl\/index.php\/wp-json\/wp\/v2\/posts\/8802\/revisions"}],"predecessor-version":[{"id":8808,"href":"https:\/\/lo6.szczecin.pl\/index.php\/wp-json\/wp\/v2\/posts\/8802\/revisions\/8808"}],"wp:attachment":[{"href":"https:\/\/lo6.szczecin.pl\/index.php\/wp-json\/wp\/v2\/media?parent=8802"}],"wp:term":[{"taxonomy":"category","embeddable":true,"href":"https:\/\/lo6.szczecin.pl\/index.php\/wp-json\/wp\/v2\/categories?post=8802"},{"taxonomy":"post_tag","embeddable":true,"href":"https:\/\/lo6.szczecin.pl\/index.php\/wp-json\/wp\/v2\/tags?post=8802"}],"curies":[{"name":"wp","href":"https:\/\/api.w.org\/{rel}","templated":true}]}}