{"id":8796,"date":"2020-01-17T10:56:09","date_gmt":"2020-01-17T09:56:09","guid":{"rendered":"http:\/\/lo6.szczecin.pl\/?p=8796"},"modified":"2020-01-20T10:59:11","modified_gmt":"2020-01-20T09:59:11","slug":"zabrania-z-rodzicami","status":"publish","type":"post","link":"https:\/\/lo6.szczecin.pl\/index.php\/2020\/01\/17\/zabrania-z-rodzicami\/","title":{"rendered":"Zabrania z Rodzicami"},"content":{"rendered":"<div class=\"\" data-block=\"true\" data-editor=\"aies\" data-offset-key=\"34hek-0-0\">\n<div class=\"_1mf _1mj\" style=\"padding-left: 40px;\" data-offset-key=\"34hek-0-0\"><span data-offset-key=\"34hek-0-0\">Dnia 23 stycznia 2020 r. o godzinie 17:00 odb\u0119d\u0105 si\u0119 Zebrania z Rodzicami.<\/span><\/div>\n<\/div>\n<div class=\"\" style=\"padding-left: 40px;\" data-block=\"true\" data-editor=\"aies\" data-offset-key=\"73h4s-0-0\">\n<div class=\"_1mf _1mj\" style=\"padding-left: 40px;\" data-offset-key=\"73h4s-0-0\"><span data-offset-key=\"73h4s-0-0\">\u00a0<\/span><\/div>\n<\/div>\n<div style=\"padding-left: 40px;\" data-offset-key=\"1hn7g-0-0\">\n<table style=\"margin-left: 40px;\">\n<tbody style=\"padding-left: 40px;\">\n<tr style=\"padding-left: 40px;\">\n<td style=\"padding-left: 40px;\"><strong>Klasa<\/strong><\/td>\n<td style=\"padding-left: 40px;\"><strong>Wychowawca <\/strong>(nauczany przedmiot)<\/td>\n<td style=\"padding-left: 40px;\"><strong>Miejsce spotkania<\/strong><\/td>\n<\/tr>\n<tr style=\"padding-left: 40px;\">\n<td style=\"padding-left: 40px;\">1 A<\/td>\n<td style=\"padding-left: 40px;\">Beata Przybylska-Jankowska (j\u0119z. polski)<\/td>\n<td style=\"padding-left: 40px;\">sala nr 21, II pi\u0119tro<\/td>\n<\/tr>\n<tr style=\"padding-left: 40px;\">\n<td style=\"padding-left: 40px;\">1 B1<\/td>\n<td style=\"padding-left: 40px;\">Agnieszka Andrzejuk (j\u0119z. angielski)<\/td>\n<td style=\"padding-left: 40px;\">sala nr 3, parter<\/td>\n<\/tr>\n<tr style=\"padding-left: 40px;\">\n<td style=\"padding-left: 40px;\">1 B2<\/td>\n<td style=\"padding-left: 40px;\">Monika \u0141uczak (biologia, Wd\u017bwR)<\/td>\n<td style=\"padding-left: 40px;\">sala nr 4, parter<\/td>\n<\/tr>\n<tr style=\"padding-left: 40px;\">\n<td style=\"padding-left: 40px;\">1 C<\/td>\n<td style=\"padding-left: 40px;\">Jolanta Rosiak (matematyka)<\/td>\n<td style=\"padding-left: 40px;\">sala nr 14, I pi\u0119tro<\/td>\n<\/tr>\n<tr style=\"padding-left: 40px;\">\n<td style=\"padding-left: 40px;\">1 G_A<\/td>\n<td style=\"padding-left: 40px;\">Agnieszka \u017begli\u0144ska (historia, wos)<\/td>\n<td style=\"padding-left: 40px;\">sala nr 7, parter<\/td>\n<\/tr>\n<tr style=\"padding-left: 40px;\">\n<td style=\"padding-left: 40px;\">1 G_B1<\/td>\n<td style=\"padding-left: 40px;\">Anna Kokot (j\u0119z. angielski)<\/td>\n<td style=\"padding-left: 40px;\">sala nr 5, parter<\/td>\n<\/tr>\n<tr style=\"padding-left: 40px;\">\n<td style=\"padding-left: 40px;\">1 G_B2<\/td>\n<td style=\"padding-left: 40px;\">Teresa Witkiewicz (j\u0119z. polski, etyka)<\/td>\n<td style=\"padding-left: 40px;\">sala nr 25, II pi\u0119tro<\/td>\n<\/tr>\n<tr style=\"padding-left: 40px;\">\n<td style=\"padding-left: 40px;\">1 G_C<\/td>\n<td style=\"padding-left: 40px;\">Barbara Kowalska (matematyka)<\/td>\n<td style=\"padding-left: 40px;\">sala nr 22, II pi\u0119tro<\/td>\n<\/tr>\n<tr style=\"padding-left: 40px;\">\n<td style=\"padding-left: 40px;\">2 A<\/td>\n<td style=\"padding-left: 40px;\">Agnieszka Jelonek-Pawlik (wf)<\/td>\n<td style=\"padding-left: 40px;\">sala nr 13, I pi\u0119tro<\/td>\n<\/tr>\n<tr style=\"padding-left: 40px;\">\n<td style=\"padding-left: 40px;\">2 B<\/td>\n<td style=\"padding-left: 40px;\">Monika Kulasiewicz-Drula (j\u0119z. angielski)<\/td>\n<td style=\"padding-left: 40px;\">sala nr 10, I pi\u0119tro<\/td>\n<\/tr>\n<tr style=\"padding-left: 40px;\">\n<td style=\"padding-left: 40px;\">2 C<\/td>\n<td style=\"padding-left: 40px;\">Magdalena Falkowska-Kleszcz (j\u0119z. niemiecki)<\/td>\n<td style=\"padding-left: 40px;\">sala nr 1b, parter (-)<\/td>\n<\/tr>\n<tr style=\"padding-left: 40px;\">\n<td style=\"padding-left: 40px;\">2 D<\/td>\n<td style=\"padding-left: 40px;\">Lilianna Kitzman (j\u0119z. niemiecki)<\/td>\n<td style=\"padding-left: 40px;\">sala nr 6, parter<\/td>\n<\/tr>\n<tr style=\"padding-left: 40px;\">\n<td style=\"padding-left: 40px;\">3 A<\/td>\n<td style=\"padding-left: 40px;\">w zast\u0119pstwie Ma\u0142gorzata Sadkowska<\/td>\n<td style=\"padding-left: 40px;\">sala nr 23, II pi\u0119tro<\/td>\n<\/tr>\n<tr style=\"padding-left: 40px;\">\n<td style=\"padding-left: 40px;\">3 B1<\/td>\n<td style=\"padding-left: 40px;\">Anna Roman (j\u0119z. polski, wok)<\/td>\n<td style=\"padding-left: 40px;\">sala nr 20, II pi\u0119tro<\/td>\n<\/tr>\n<tr style=\"padding-left: 40px;\">\n<td style=\"padding-left: 40px;\">3 B2<\/td>\n<td style=\"padding-left: 40px;\">Zbigniew Tarnowski (historia)<\/td>\n<td style=\"padding-left: 40px;\">sala nr 2, parter<\/td>\n<\/tr>\n<tr style=\"padding-left: 40px;\">\n<td style=\"padding-left: 40px;\">3 C<\/td>\n<td style=\"padding-left: 40px;\">Piotr Kula (wf)<\/td>\n<td style=\"padding-left: 40px;\">sala nr 1a, parter (-)<\/td>\n<\/tr>\n<\/tbody>\n<\/table>\n<\/div>\n<div class=\"\" style=\"padding-left: 40px;\" data-block=\"true\" data-editor=\"aies\" data-offset-key=\"61b9n-0-0\">\n<div class=\"_1mf _1mj\" style=\"padding-left: 40px;\" data-offset-key=\"61b9n-0-0\"><span data-offset-key=\"61b9n-0-0\">17:00 &#8211; 19:00 Konsultacje nauczycielskie.<\/span><\/div>\n<\/div>\n<div class=\"\" style=\"padding-left: 40px;\" data-block=\"true\" data-editor=\"aies\" data-offset-key=\"ac497-0-0\">\n<div class=\"_1mf _1mj\" style=\"padding-left: 40px;\" data-offset-key=\"ac497-0-0\"><span data-offset-key=\"ac497-0-0\">\u00a0<\/span><\/div>\n<\/div>\n<div class=\"\" style=\"padding-left: 40px;\" data-block=\"true\" data-editor=\"aies\" data-offset-key=\"4gout-0-0\">\n<div class=\"_1mf _1mj\" style=\"padding-left: 40px;\" data-offset-key=\"4gout-0-0\"><span data-offset-key=\"4gout-0-0\">Obecno\u015b\u0107 na zebraniach jest obowi\u0105zkowa.<\/span><\/div>\n<\/div>\n","protected":false},"excerpt":{"rendered":"<p>Dnia 23 stycznia 2020 r. o godzinie 17:00 odb\u0119d\u0105 si\u0119 Zebrania z Rodzicami. \u00a0 Klasa Wychowawca (nauczany przedmiot) Miejsce spotkania 1 A Beata Przybylska-Jankowska (j\u0119z. polski) sala nr 21, II pi\u0119tro 1 B1 Agnieszka Andrzejuk (j\u0119z. angielski) sala nr 3, parter 1 B2 Monika \u0141uczak (biologia, Wd\u017bwR) sala nr 4, parter 1 C Jolanta Rosiak&#8230;<\/p>\n","protected":false},"author":3,"featured_media":0,"comment_status":"closed","ping_status":"closed","sticky":false,"template":"","format":"standard","meta":{"_acf_changed":false,"_s2mail":"","footnotes":""},"categories":[1],"tags":[],"class_list":["post-8796","post","type-post","status-publish","format-standard","hentry","category-bez-kategorii"],"acf":[],"_links":{"self":[{"href":"https:\/\/lo6.szczecin.pl\/index.php\/wp-json\/wp\/v2\/posts\/8796","targetHints":{"allow":["GET"]}}],"collection":[{"href":"https:\/\/lo6.szczecin.pl\/index.php\/wp-json\/wp\/v2\/posts"}],"about":[{"href":"https:\/\/lo6.szczecin.pl\/index.php\/wp-json\/wp\/v2\/types\/post"}],"author":[{"embeddable":true,"href":"https:\/\/lo6.szczecin.pl\/index.php\/wp-json\/wp\/v2\/users\/3"}],"replies":[{"embeddable":true,"href":"https:\/\/lo6.szczecin.pl\/index.php\/wp-json\/wp\/v2\/comments?post=8796"}],"version-history":[{"count":4,"href":"https:\/\/lo6.szczecin.pl\/index.php\/wp-json\/wp\/v2\/posts\/8796\/revisions"}],"predecessor-version":[{"id":8800,"href":"https:\/\/lo6.szczecin.pl\/index.php\/wp-json\/wp\/v2\/posts\/8796\/revisions\/8800"}],"wp:attachment":[{"href":"https:\/\/lo6.szczecin.pl\/index.php\/wp-json\/wp\/v2\/media?parent=8796"}],"wp:term":[{"taxonomy":"category","embeddable":true,"href":"https:\/\/lo6.szczecin.pl\/index.php\/wp-json\/wp\/v2\/categories?post=8796"},{"taxonomy":"post_tag","embeddable":true,"href":"https:\/\/lo6.szczecin.pl\/index.php\/wp-json\/wp\/v2\/tags?post=8796"}],"curies":[{"name":"wp","href":"https:\/\/api.w.org\/{rel}","templated":true}]}}