{"id":8789,"date":"2020-01-14T10:57:38","date_gmt":"2020-01-14T09:57:38","guid":{"rendered":"http:\/\/lo6.szczecin.pl\/?p=8789"},"modified":"2020-01-17T11:38:44","modified_gmt":"2020-01-17T10:38:44","slug":"dodruk-monografii-vi-lo","status":"publish","type":"post","link":"https:\/\/lo6.szczecin.pl\/index.php\/2020\/01\/14\/dodruk-monografii-vi-lo\/","title":{"rendered":"Dodruk Monografii VI LO"},"content":{"rendered":"<p style=\"padding-left: 40px;\">Wszystkich Pa\u0144stwa. kt\u00f3rzy zam\u00f3wili podczas uroczysto\u015bci jubileuszowych Szko\u0142y, egzemplarz\u00a0 Monografii VI LO, zapraszamy po odbi\u00f3r ksi\u0105\u017cki w godzinach pracy sekretariatu szko\u0142y.<\/p>\n","protected":false},"excerpt":{"rendered":"<p>Wszystkich Pa\u0144stwa. kt\u00f3rzy zam\u00f3wili podczas uroczysto\u015bci jubileuszowych Szko\u0142y, egzemplarz\u00a0 Monografii VI LO, zapraszamy po odbi\u00f3r ksi\u0105\u017cki w godzinach pracy sekretariatu szko\u0142y.<\/p>\n","protected":false},"author":3,"featured_media":8794,"comment_status":"closed","ping_status":"closed","sticky":false,"template":"","format":"standard","meta":{"_acf_changed":false,"_s2mail":"","footnotes":""},"categories":[1],"tags":[],"class_list":["post-8789","post","type-post","status-publish","format-standard","has-post-thumbnail","hentry","category-bez-kategorii"],"acf":[],"_links":{"self":[{"href":"https:\/\/lo6.szczecin.pl\/index.php\/wp-json\/wp\/v2\/posts\/8789","targetHints":{"allow":["GET"]}}],"collection":[{"href":"https:\/\/lo6.szczecin.pl\/index.php\/wp-json\/wp\/v2\/posts"}],"about":[{"href":"https:\/\/lo6.szczecin.pl\/index.php\/wp-json\/wp\/v2\/types\/post"}],"author":[{"embeddable":true,"href":"https:\/\/lo6.szczecin.pl\/index.php\/wp-json\/wp\/v2\/users\/3"}],"replies":[{"embeddable":true,"href":"https:\/\/lo6.szczecin.pl\/index.php\/wp-json\/wp\/v2\/comments?post=8789"}],"version-history":[{"count":3,"href":"https:\/\/lo6.szczecin.pl\/index.php\/wp-json\/wp\/v2\/posts\/8789\/revisions"}],"predecessor-version":[{"id":8793,"href":"https:\/\/lo6.szczecin.pl\/index.php\/wp-json\/wp\/v2\/posts\/8789\/revisions\/8793"}],"wp:featuredmedia":[{"embeddable":true,"href":"https:\/\/lo6.szczecin.pl\/index.php\/wp-json\/wp\/v2\/media\/8794"}],"wp:attachment":[{"href":"https:\/\/lo6.szczecin.pl\/index.php\/wp-json\/wp\/v2\/media?parent=8789"}],"wp:term":[{"taxonomy":"category","embeddable":true,"href":"https:\/\/lo6.szczecin.pl\/index.php\/wp-json\/wp\/v2\/categories?post=8789"},{"taxonomy":"post_tag","embeddable":true,"href":"https:\/\/lo6.szczecin.pl\/index.php\/wp-json\/wp\/v2\/tags?post=8789"}],"curies":[{"name":"wp","href":"https:\/\/api.w.org\/{rel}","templated":true}]}}