{"id":8501,"date":"2019-10-21T10:52:14","date_gmt":"2019-10-21T08:52:14","guid":{"rendered":"http:\/\/lo6.szczecin.pl\/?p=8501"},"modified":"2019-10-21T10:53:53","modified_gmt":"2019-10-21T08:53:53","slug":"zebrania-z-rodzicami-14","status":"publish","type":"post","link":"https:\/\/lo6.szczecin.pl\/index.php\/2019\/10\/21\/zebrania-z-rodzicami-14\/","title":{"rendered":"Zebrania z Rodzicami"},"content":{"rendered":"<div data-contents=\"true\">\n<div class=\"\" data-block=\"true\" data-editor=\"aies\" data-offset-key=\"34hek-0-0\">\n<div class=\"_1mf _1mj\" style=\"padding-left: 40px;\" data-offset-key=\"34hek-0-0\"><span data-offset-key=\"34hek-0-0\">Dnia 24 pa\u017adziernika 2019 r. odb\u0119d\u0105 si\u0119 Zebrania z Rodzicami.<\/span><\/div>\n<\/div>\n<div class=\"\" style=\"padding-left: 40px;\" data-block=\"true\" data-editor=\"aies\" data-offset-key=\"73h4s-0-0\">\n<div class=\"_1mf _1mj\" style=\"padding-left: 40px;\" data-offset-key=\"73h4s-0-0\"><span data-offset-key=\"73h4s-0-0\">\u00a0<\/span><\/div>\n<\/div>\n<div class=\"\" style=\"padding-left: 40px;\" data-block=\"true\" data-editor=\"aies\" data-offset-key=\"afha3-0-0\">\n<div class=\"_1mf _1mj\" style=\"padding-left: 40px;\" data-offset-key=\"afha3-0-0\"><span data-offset-key=\"afha3-0-0\">Harmonogram spotka\u0144:<\/span><\/div>\n<\/div>\n<div class=\"\" style=\"padding-left: 40px;\" data-block=\"true\" data-editor=\"aies\" data-offset-key=\"5l4fh-0-0\">\n<div class=\"_1mf _1mj\" style=\"padding-left: 40px;\" data-offset-key=\"5l4fh-0-0\"><span data-offset-key=\"5l4fh-0-0\">17:00 &#8211; 17:40, Monta\u017c s\u0142owno-muzyczny po\u015bwi\u0119cony 80. rocznicy wybuchu II Wojny \u015awiatowej, w sali 20-21;<\/span><\/div>\n<\/div>\n<div class=\"\" style=\"padding-left: 40px;\" data-block=\"true\" data-editor=\"aies\" data-offset-key=\"1hn7g-0-0\">\n<div class=\"_1mf _1mj\" style=\"padding-left: 40px;\" data-offset-key=\"1hn7g-0-0\"><span data-offset-key=\"1hn7g-0-0\">17:40 &#8211; 18:40, Zebranie wychowawc\u00f3w z Rodzicami uczni\u00f3w klas I, II i III<\/span><\/div>\n<\/div>\n<div style=\"padding-left: 40px;\" data-offset-key=\"1hn7g-0-0\">\n<table style=\"margin-left: 40px; width: 938px;\">\n<tbody style=\"padding-left: 40px;\">\n<tr style=\"padding-left: 40px;\">\n<td style=\"padding-left: 40px; width: 131px;\"><strong>Klasa<\/strong><\/td>\n<td style=\"padding-left: 40px; width: 372px;\">\n<p style=\"padding-left: 40px;\"><strong>Wychowawca <\/strong>(nauczany przedmiot)<\/p>\n<\/td>\n<td style=\"padding-left: 40px; width: 296px;\">\n<p style=\"padding-left: 40px;\"><strong>Miejsce spotkania<\/strong><\/p>\n<\/td>\n<\/tr>\n<tr style=\"padding-left: 40px;\">\n<td style=\"padding-left: 40px; width: 131px;\">\n<p style=\"padding-left: 40px;\">1 A<\/p>\n<\/td>\n<td style=\"padding-left: 40px; width: 372px;\">\n<p style=\"padding-left: 40px;\">Beata Przybylska-Jankowska (j\u0119z. polski)<\/p>\n<\/td>\n<td style=\"padding-left: 40px; width: 296px;\">\n<p style=\"padding-left: 40px;\">sala nr 21, I pi\u0119tro<\/p>\n<\/td>\n<\/tr>\n<tr style=\"padding-left: 40px;\">\n<td style=\"padding-left: 40px; width: 131px;\">\n<p style=\"padding-left: 40px;\">1 B1<\/p>\n<\/td>\n<td style=\"padding-left: 40px; width: 372px;\">\n<p style=\"padding-left: 40px;\">Agnieszka Andrzejuk (j\u0119z. angielski)<\/p>\n<\/td>\n<td style=\"padding-left: 40px; width: 296px;\">\n<p style=\"padding-left: 40px;\">sala nr 2, II pi\u0119tro<\/p>\n<\/td>\n<\/tr>\n<tr style=\"padding-left: 40px;\">\n<td style=\"padding-left: 40px; width: 131px;\">\n<p style=\"padding-left: 40px;\">1 B2<\/p>\n<\/td>\n<td style=\"padding-left: 40px; width: 372px;\">\n<p style=\"padding-left: 40px;\">Monika \u0141uczak (biologia, Wd\u017bwR)<\/p>\n<\/td>\n<td style=\"padding-left: 40px; width: 296px;\">\n<p style=\"padding-left: 40px;\">sala nr 4, parter<\/p>\n<\/td>\n<\/tr>\n<tr style=\"padding-left: 40px;\">\n<td style=\"padding-left: 40px; width: 131px;\">\n<p style=\"padding-left: 40px;\">1 C<\/p>\n<\/td>\n<td style=\"padding-left: 40px; width: 372px;\">\n<p style=\"padding-left: 40px;\">Jolanta Rosiak (matematyka)<\/p>\n<\/td>\n<td style=\"padding-left: 40px; width: 296px;\">\n<p style=\"padding-left: 40px;\">sala nr 14, I pi\u0119tro<\/p>\n<\/td>\n<\/tr>\n<tr style=\"padding-left: 40px;\">\n<td style=\"padding-left: 40px; width: 131px;\">\n<p style=\"padding-left: 40px;\">1 G_A<\/p>\n<\/td>\n<td style=\"padding-left: 40px; width: 372px;\">\n<p style=\"padding-left: 40px;\">Agnieszka \u017begli\u0144ska (historia, wos)<\/p>\n<\/td>\n<td style=\"padding-left: 40px; width: 296px;\">\n<p style=\"padding-left: 40px;\">sala nr 7, parter<\/p>\n<\/td>\n<\/tr>\n<tr style=\"padding-left: 40px;\">\n<td style=\"padding-left: 40px; width: 131px;\">\n<p style=\"padding-left: 40px;\">1 G_B1<\/p>\n<\/td>\n<td style=\"padding-left: 40px; width: 372px;\">\n<p style=\"padding-left: 40px;\">Anna Kokot (j\u0119z. angielski)<\/p>\n<\/td>\n<td style=\"padding-left: 40px; width: 296px;\">\n<p style=\"padding-left: 40px;\">sala nr 5, I pi\u0119tro<\/p>\n<\/td>\n<\/tr>\n<tr style=\"padding-left: 40px;\">\n<td style=\"padding-left: 40px; width: 131px;\">\n<p style=\"padding-left: 40px;\">1 G_B2<\/p>\n<\/td>\n<td style=\"padding-left: 40px; width: 372px;\">\n<p style=\"padding-left: 40px;\">Teresa Witkiewicz (j\u0119z. polski, etyka)<\/p>\n<\/td>\n<td style=\"padding-left: 40px; width: 296px;\">\n<p style=\"padding-left: 40px;\">sala nr 25, II pi\u0119tro<\/p>\n<\/td>\n<\/tr>\n<tr style=\"padding-left: 40px;\">\n<td style=\"padding-left: 40px; width: 131px;\">\n<p style=\"padding-left: 40px;\">1 G_C<\/p>\n<\/td>\n<td style=\"padding-left: 40px; width: 372px;\">\n<p style=\"padding-left: 40px;\">Barbara Kowalska (matematyka)<\/p>\n<\/td>\n<td style=\"padding-left: 40px; width: 296px;\">\n<p style=\"padding-left: 40px;\">sala nr 22, II pi\u0119tro<\/p>\n<\/td>\n<\/tr>\n<tr style=\"padding-left: 40px;\">\n<td style=\"padding-left: 40px; width: 131px;\">\n<p style=\"padding-left: 40px;\">2 A<\/p>\n<\/td>\n<td style=\"padding-left: 40px; width: 372px;\">\n<p style=\"padding-left: 40px;\">Agnieszka Jelonek-Pawlik (wf)<\/p>\n<\/td>\n<td style=\"padding-left: 40px; width: 296px;\">\n<p style=\"padding-left: 40px;\">sala nr 13, I pi\u0119tro<\/p>\n<\/td>\n<\/tr>\n<tr style=\"padding-left: 40px;\">\n<td style=\"padding-left: 40px; width: 131px;\">\n<p style=\"padding-left: 40px;\">2 B<\/p>\n<\/td>\n<td style=\"padding-left: 40px; width: 372px;\">\n<p style=\"padding-left: 40px;\">Monika Kulasiewicz-Drula (j\u0119z. angielski)<\/p>\n<\/td>\n<td style=\"padding-left: 40px; width: 296px;\">\n<p style=\"padding-left: 40px;\">sala nr 10, I pi\u0119tro<\/p>\n<\/td>\n<\/tr>\n<tr style=\"padding-left: 40px;\">\n<td style=\"padding-left: 40px; width: 131px;\">\n<p style=\"padding-left: 40px;\">2 C<\/p>\n<\/td>\n<td style=\"padding-left: 40px; width: 372px;\">\n<p style=\"padding-left: 40px;\">Magdalena Falkowska-Kleszcz (j\u0119z. niemiecki)<\/p>\n<\/td>\n<td style=\"padding-left: 40px; width: 296px;\">\n<p style=\"padding-left: 40px;\">sala nr 1b, parter (-)<\/p>\n<\/td>\n<\/tr>\n<tr style=\"padding-left: 40px;\">\n<td style=\"padding-left: 40px; width: 131px;\">\n<p style=\"padding-left: 40px;\">2 D<\/p>\n<\/td>\n<td style=\"padding-left: 40px; width: 372px;\">\n<p style=\"padding-left: 40px;\">Lilianna Kitzman (j\u0119z. niemiecki)<\/p>\n<\/td>\n<td style=\"padding-left: 40px; width: 296px;\">\n<p style=\"padding-left: 40px;\">sala nr 6, parter<\/p>\n<\/td>\n<\/tr>\n<tr style=\"padding-left: 40px;\">\n<td style=\"padding-left: 40px; width: 131px;\">\n<p style=\"padding-left: 40px;\">3 A<\/p>\n<\/td>\n<td style=\"padding-left: 40px; width: 372px;\">\n<p style=\"padding-left: 40px;\">Dariusz Oko\u0144 (historia, wos)<\/p>\n<\/td>\n<td style=\"padding-left: 40px; width: 296px;\">\n<p style=\"padding-left: 40px;\">sala nr 23, II pi\u0119tro<\/p>\n<\/td>\n<\/tr>\n<tr style=\"padding-left: 40px;\">\n<td style=\"padding-left: 40px; width: 131px;\">\n<p style=\"padding-left: 40px;\">3 B1<\/p>\n<\/td>\n<td style=\"padding-left: 40px; width: 372px;\">\n<p style=\"padding-left: 40px;\">Anna Roman (j\u0119z. polski, wok)<\/p>\n<\/td>\n<td style=\"padding-left: 40px; width: 296px;\">\n<p style=\"padding-left: 40px;\">sala nr 30, III pi\u0119tro<\/p>\n<\/td>\n<\/tr>\n<tr style=\"padding-left: 40px;\">\n<td style=\"padding-left: 40px; width: 131px;\">\n<p style=\"padding-left: 40px;\">3 B2<\/p>\n<\/td>\n<td style=\"padding-left: 40px; width: 372px;\">\n<p style=\"padding-left: 40px;\">Zbigniew Tarnowski (historia)<\/p>\n<\/td>\n<td style=\"padding-left: 40px; width: 296px;\">\n<p style=\"padding-left: 40px;\">sala nr 3, parter<\/p>\n<\/td>\n<\/tr>\n<tr style=\"padding-left: 40px;\">\n<td style=\"padding-left: 40px; width: 131px;\">\n<p style=\"padding-left: 40px;\">3 C<\/p>\n<\/td>\n<td style=\"padding-left: 40px; width: 372px;\">\n<p style=\"padding-left: 40px;\">Piotr Kula (wf)<\/p>\n<\/td>\n<td style=\"padding-left: 40px; width: 296px;\">\n<p style=\"padding-left: 40px;\">sala nr 1a, parter (-)<\/p>\n<\/td>\n<\/tr>\n<\/tbody>\n<\/table>\n<\/div>\n<div class=\"\" style=\"padding-left: 40px;\" data-block=\"true\" data-editor=\"aies\" data-offset-key=\"61b9n-0-0\">\n<div class=\"_1mf _1mj\" style=\"padding-left: 40px;\" data-offset-key=\"61b9n-0-0\"><span data-offset-key=\"61b9n-0-0\">17:00 &#8211; 19:00 Konsultacje nauczycielskie.<\/span><\/div>\n<\/div>\n<div class=\"\" style=\"padding-left: 40px;\" data-block=\"true\" data-editor=\"aies\" data-offset-key=\"ac497-0-0\">\n<div class=\"_1mf _1mj\" style=\"padding-left: 40px;\" data-offset-key=\"ac497-0-0\"><span data-offset-key=\"ac497-0-0\">\u00a0<\/span><\/div>\n<\/div>\n<div class=\"\" style=\"padding-left: 40px;\" data-block=\"true\" data-editor=\"aies\" data-offset-key=\"4gout-0-0\">\n<div class=\"_1mf _1mj\" style=\"padding-left: 40px;\" data-offset-key=\"4gout-0-0\"><span data-offset-key=\"4gout-0-0\">Obecno\u015b\u0107 na zebraniach jest obowi\u0105zkowa.<\/span><\/div>\n<\/div>\n<\/div>\n","protected":false},"excerpt":{"rendered":"<p>Dnia 24 pa\u017adziernika 2019 r. odb\u0119d\u0105 si\u0119 Zebrania z Rodzicami. \u00a0 Harmonogram spotka\u0144: 17:00 &#8211; 17:40, Monta\u017c s\u0142owno-muzyczny po\u015bwi\u0119cony 80. rocznicy wybuchu II Wojny \u015awiatowej, w sali 20-21; 17:40 &#8211; 18:40, Zebranie wychowawc\u00f3w z Rodzicami uczni\u00f3w klas I, II i III Klasa Wychowawca (nauczany przedmiot) Miejsce spotkania 1 A Beata Przybylska-Jankowska (j\u0119z. polski) sala nr&#8230;<\/p>\n","protected":false},"author":3,"featured_media":0,"comment_status":"closed","ping_status":"closed","sticky":false,"template":"","format":"standard","meta":{"_acf_changed":false,"_s2mail":"","footnotes":""},"categories":[1],"tags":[],"class_list":["post-8501","post","type-post","status-publish","format-standard","hentry","category-bez-kategorii"],"acf":[],"_links":{"self":[{"href":"https:\/\/lo6.szczecin.pl\/index.php\/wp-json\/wp\/v2\/posts\/8501","targetHints":{"allow":["GET"]}}],"collection":[{"href":"https:\/\/lo6.szczecin.pl\/index.php\/wp-json\/wp\/v2\/posts"}],"about":[{"href":"https:\/\/lo6.szczecin.pl\/index.php\/wp-json\/wp\/v2\/types\/post"}],"author":[{"embeddable":true,"href":"https:\/\/lo6.szczecin.pl\/index.php\/wp-json\/wp\/v2\/users\/3"}],"replies":[{"embeddable":true,"href":"https:\/\/lo6.szczecin.pl\/index.php\/wp-json\/wp\/v2\/comments?post=8501"}],"version-history":[{"count":4,"href":"https:\/\/lo6.szczecin.pl\/index.php\/wp-json\/wp\/v2\/posts\/8501\/revisions"}],"predecessor-version":[{"id":8506,"href":"https:\/\/lo6.szczecin.pl\/index.php\/wp-json\/wp\/v2\/posts\/8501\/revisions\/8506"}],"wp:attachment":[{"href":"https:\/\/lo6.szczecin.pl\/index.php\/wp-json\/wp\/v2\/media?parent=8501"}],"wp:term":[{"taxonomy":"category","embeddable":true,"href":"https:\/\/lo6.szczecin.pl\/index.php\/wp-json\/wp\/v2\/categories?post=8501"},{"taxonomy":"post_tag","embeddable":true,"href":"https:\/\/lo6.szczecin.pl\/index.php\/wp-json\/wp\/v2\/tags?post=8501"}],"curies":[{"name":"wp","href":"https:\/\/api.w.org\/{rel}","templated":true}]}}