{"id":8444,"date":"2019-09-25T15:05:29","date_gmt":"2019-09-25T13:05:29","guid":{"rendered":"http:\/\/lo6.szczecin.pl\/?p=8444"},"modified":"2019-09-26T17:44:40","modified_gmt":"2019-09-26T15:44:40","slug":"rejs-70-lecia-vi-lo","status":"publish","type":"post","link":"https:\/\/lo6.szczecin.pl\/index.php\/2019\/09\/25\/rejs-70-lecia-vi-lo\/","title":{"rendered":"Rejs 70-lecia VI LO"},"content":{"rendered":"<p style=\"padding-left: 40px;\">Uwaga Rejs 70-lecia VI LO!<\/p>\n<p style=\"padding-left: 40px;\">Wszystkie osoby zainteresowane &#8220;Rejsem 70-lecia VI LO?&#8221; proszone s\u0105 o kontakt z Panem Piotrem Kulczyckim w dniu 28.09.2019 r. o godz. 12:00 w sali 13, podczas uroczysto\u015bci jubileuszowych w VI LO.<br \/>\nRejs odb\u0119dzie si\u0119 w terminie 11-18 pa\u017adziernika 2019 r. na trasie Alicante &#8211; wyspy Morza Balearskiego &#8211; Alicante. Koszty wy\u017cywienia 350 z\u0142 na osob\u0119. Dolot z Berlina do Walencji Lufthans\u0105 ok. 800 z\u0142 (w dwie strony). Rejs nie wymaga \u017cadnego przygotowania \u017ceglarskiego.<\/p>\n<div class=\"text_exposed_show\" style=\"padding-left: 40px;\">\n<p style=\"padding-left: 40px;\"><a class=\"profileLink\" href=\"https:\/\/www.facebook.com\/STS.Fryderyk.Chopin\/?__tn__=K-R&amp;eid=ARDrnITViijZZ2Cz-W3-Y0Wbn2jOJa5n80Dar9YrbDztm7QiheiRNAgYLY5MmtyRxkByesW4fxeaTOTm&amp;fref=mentions&amp;__xts__%5B0%5D=68.ARCuoqoPq5EgmYvKq4PUoJGxzcKo26f3aHrnLWLYHt5pYB4m2k2BVI5LV_bx5U7y-rHOYq10NdjxOFSSgqc7urs7tXn5LpokaEb1zhUu9ZgbdTiDCiQe-PUQdZYhJExSM7VF6Yl4ecql5IV6RoiEN8JD-R-50ew1hEDZa8wSakbXulbzWQqBDh-GeXKg5ZSsENm0qIc79JsQugDFb_FbOmwGuqB_MlLBRB6qx7OjZpVnxR_u54wSZGsWjhuV06qMnXfgSiNtf2i_Jcq0w6-9qMguUzr-iuMrYZyIl1FRyImQgHi9OIYliNlqyndsV0YuwVKonFbcWqnRPqfZn80OZ2VdC8M\" data-hovercard-prefer-more-content-show=\"1\" data-hovercard=\"\/ajax\/hovercard\/page.php?id=146660922053112&amp;extragetparams=%7B%22__tn__%22%3A%22%2CdK-R-R%22%2C%22eid%22%3A%22ARDrnITViijZZ2Cz-W3-Y0Wbn2jOJa5n80Dar9YrbDztm7QiheiRNAgYLY5MmtyRxkByesW4fxeaTOTm%22%2C%22fref%22%3A%22mentions%22%7D&amp;av=293726674064298&amp;eav=Afa8fsj2MlV7g9CmYLJweTVl1iXrI3ppgO1XxtGEWYE41aYkogTMX_FrxrbIWZBnrGk\">https:\/\/www.facebook.com\/STS.Fryderyk.Chopin\/<\/a><\/p>\n<\/div>\n","protected":false},"excerpt":{"rendered":"<p>Uwaga Rejs 70-lecia VI LO! Wszystkie osoby zainteresowane &#8220;Rejsem 70-lecia VI LO?&#8221; proszone s\u0105 o kontakt z Panem Piotrem Kulczyckim w dniu 28.09.2019 r. o godz. 12:00 w sali 13, podczas uroczysto\u015bci jubileuszowych w VI LO. Rejs odb\u0119dzie si\u0119 w terminie 11-18 pa\u017adziernika 2019 r. na trasie Alicante &#8211; wyspy Morza Balearskiego &#8211; Alicante. Koszty&#8230;<\/p>\n","protected":false},"author":3,"featured_media":8217,"comment_status":"closed","ping_status":"closed","sticky":false,"template":"","format":"standard","meta":{"_acf_changed":false,"_s2mail":"","footnotes":""},"categories":[1],"tags":[],"class_list":["post-8444","post","type-post","status-publish","format-standard","has-post-thumbnail","hentry","category-bez-kategorii"],"acf":[],"_links":{"self":[{"href":"https:\/\/lo6.szczecin.pl\/index.php\/wp-json\/wp\/v2\/posts\/8444","targetHints":{"allow":["GET"]}}],"collection":[{"href":"https:\/\/lo6.szczecin.pl\/index.php\/wp-json\/wp\/v2\/posts"}],"about":[{"href":"https:\/\/lo6.szczecin.pl\/index.php\/wp-json\/wp\/v2\/types\/post"}],"author":[{"embeddable":true,"href":"https:\/\/lo6.szczecin.pl\/index.php\/wp-json\/wp\/v2\/users\/3"}],"replies":[{"embeddable":true,"href":"https:\/\/lo6.szczecin.pl\/index.php\/wp-json\/wp\/v2\/comments?post=8444"}],"version-history":[{"count":2,"href":"https:\/\/lo6.szczecin.pl\/index.php\/wp-json\/wp\/v2\/posts\/8444\/revisions"}],"predecessor-version":[{"id":8447,"href":"https:\/\/lo6.szczecin.pl\/index.php\/wp-json\/wp\/v2\/posts\/8444\/revisions\/8447"}],"wp:featuredmedia":[{"embeddable":true,"href":"https:\/\/lo6.szczecin.pl\/index.php\/wp-json\/wp\/v2\/media\/8217"}],"wp:attachment":[{"href":"https:\/\/lo6.szczecin.pl\/index.php\/wp-json\/wp\/v2\/media?parent=8444"}],"wp:term":[{"taxonomy":"category","embeddable":true,"href":"https:\/\/lo6.szczecin.pl\/index.php\/wp-json\/wp\/v2\/categories?post=8444"},{"taxonomy":"post_tag","embeddable":true,"href":"https:\/\/lo6.szczecin.pl\/index.php\/wp-json\/wp\/v2\/tags?post=8444"}],"curies":[{"name":"wp","href":"https:\/\/api.w.org\/{rel}","templated":true}]}}