{"id":8431,"date":"2019-09-17T10:45:24","date_gmt":"2019-09-17T08:45:24","guid":{"rendered":"http:\/\/lo6.szczecin.pl\/?p=8431"},"modified":"2020-12-02T22:54:12","modified_gmt":"2020-12-02T21:54:12","slug":"rada-rodzicow-vi-lo","status":"publish","type":"post","link":"https:\/\/lo6.szczecin.pl\/index.php\/2019\/09\/17\/rada-rodzicow-vi-lo\/","title":{"rendered":"Rada Rodzic\u00f3w VI LO"},"content":{"rendered":"<p style=\"padding-left: 40px;\"><strong>Informacje na rok szkolny 2019\/2020<\/strong><\/p>\n<p style=\"padding-left: 40px;\"><strong>Rada Rodzic\u00f3w VI LO w Szczecinie<\/strong> uprzejmie informuje, \u017ce zgodnie z uchwa\u0142\u0105 nr 7\/2017\/2018 z dnia 17 maja 2018 r. <strong>roczna sk\u0142adka na RR VI LO w roku szkolnym 2019\/2020 wynosi 150 z\u0142<\/strong> (wp\u0142ata jednorazowa lub w dw\u00f3ch ratach). W przypadku rodze\u0144stwa ucz\u0119szczaj\u0105cego do VI LO sk\u0142adka rozdzielana jest proporcjonalnie.<\/p>\n<p style=\"padding-left: 40px;\">Szczeg\u00f3lne sytuacje materialne naszych uczni\u00f3w rozpatrywane b\u0119d\u0105 indywidualnie.<\/p>\n<p style=\"padding-left: 40px;\">Uwaga!<\/p>\n<p style=\"padding-left: 40px;\">Termin wp\u0142at dla klas I i II &#8211; maksymalnie do 30 kwietnia 2020 r.<\/p>\n<p style=\"padding-left: 40px;\">Termin wp\u0142at dla klas III &#8211; maksymalnie do 31 marca 2020 r.<\/p>\n<p style=\"padding-left: 40px;\">W zwi\u0105zku z konieczno\u015bci\u0105 przygotowania preliminarza wydatk\u00f3w na rok szkolny 2019\/2020 Rada Rodzic\u00f3w VI LO bardzo prosi Rodzic\u00f3w dokonuj\u0105cych wp\u0142at w ratach, \u017ceby wp\u0142yn\u0119\u0142y one do 30 wrze\u015bnia 2019 r.<\/p>\n<p style=\"padding-left: 40px;\"><strong>Rada Rodzic\u00f3w przy VI LO PKO SA IIO\/ Szczecin<\/strong><\/p>\n<p style=\"padding-left: 40px;\"><strong>BANK PKO S.A. numer konta 80 1240 3927 1111 0010 5556 6802<\/strong><\/p>\n<p style=\"padding-left: 40px;\"><strong>(na przelewie nale\u017cy poda\u0107 imi\u0119 i nazwisko ucznia oraz klas\u0119)<\/strong><\/p>\n<p style=\"padding-left: 40px;\">Dobrowolne ubezpieczenie uczni\u00f3w &#8211; sk\u0142adka 35 z\u0142, b\u0119dzie przyjmowane do 27 wrze\u015bnia 2019 r.<\/p>\n<p style=\"padding-left: 40px;\">Mo\u017cna wp\u0142aca\u0107 na konto RR z dopiskiem ubezpieczenie, imi\u0119, nazwisko i klasa lub zbiera\u0107 w klasie i przekazywa\u0107 pieni\u0105dze z list\u0105 do sekretariatu.<\/p>\n<p style=\"padding-left: 40px;\"><strong>Rada Rodzic\u00f3w przy VI LO PKO SA IIO\/ Szczecin<\/strong><\/p>\n<p style=\"padding-left: 40px;\"><strong>BANK PKO S.A. numer konta 80 1240 3927 1111 0010 5556 6802<\/strong><\/p>\n<p style=\"padding-left: 40px;\"><strong>(na przelewie nale\u017cy poda\u0107 imi\u0119 i nazwisko ucznia, klas\u0119 oraz dopisek &#8220;ubezpieczenie&#8221;)<\/strong><\/p>\n","protected":false},"excerpt":{"rendered":"<p>Informacje na rok szkolny 2019\/2020 Rada Rodzic\u00f3w VI LO w Szczecinie uprzejmie informuje, \u017ce zgodnie z uchwa\u0142\u0105 nr 7\/2017\/2018 z dnia 17 maja 2018 r. roczna sk\u0142adka na RR VI LO w roku szkolnym 2019\/2020 wynosi 150 z\u0142 (wp\u0142ata jednorazowa lub w dw\u00f3ch ratach). W przypadku rodze\u0144stwa ucz\u0119szczaj\u0105cego do VI LO sk\u0142adka rozdzielana jest proporcjonalnie&#8230;.<\/p>\n","protected":false},"author":3,"featured_media":8435,"comment_status":"closed","ping_status":"closed","sticky":false,"template":"","format":"standard","meta":{"_acf_changed":false,"_s2mail":"","footnotes":""},"categories":[1],"tags":[],"class_list":["post-8431","post","type-post","status-publish","format-standard","has-post-thumbnail","hentry","category-bez-kategorii"],"acf":[],"_links":{"self":[{"href":"https:\/\/lo6.szczecin.pl\/index.php\/wp-json\/wp\/v2\/posts\/8431","targetHints":{"allow":["GET"]}}],"collection":[{"href":"https:\/\/lo6.szczecin.pl\/index.php\/wp-json\/wp\/v2\/posts"}],"about":[{"href":"https:\/\/lo6.szczecin.pl\/index.php\/wp-json\/wp\/v2\/types\/post"}],"author":[{"embeddable":true,"href":"https:\/\/lo6.szczecin.pl\/index.php\/wp-json\/wp\/v2\/users\/3"}],"replies":[{"embeddable":true,"href":"https:\/\/lo6.szczecin.pl\/index.php\/wp-json\/wp\/v2\/comments?post=8431"}],"version-history":[{"count":3,"href":"https:\/\/lo6.szczecin.pl\/index.php\/wp-json\/wp\/v2\/posts\/8431\/revisions"}],"predecessor-version":[{"id":8436,"href":"https:\/\/lo6.szczecin.pl\/index.php\/wp-json\/wp\/v2\/posts\/8431\/revisions\/8436"}],"wp:featuredmedia":[{"embeddable":true,"href":"https:\/\/lo6.szczecin.pl\/index.php\/wp-json\/wp\/v2\/media\/8435"}],"wp:attachment":[{"href":"https:\/\/lo6.szczecin.pl\/index.php\/wp-json\/wp\/v2\/media?parent=8431"}],"wp:term":[{"taxonomy":"category","embeddable":true,"href":"https:\/\/lo6.szczecin.pl\/index.php\/wp-json\/wp\/v2\/categories?post=8431"},{"taxonomy":"post_tag","embeddable":true,"href":"https:\/\/lo6.szczecin.pl\/index.php\/wp-json\/wp\/v2\/tags?post=8431"}],"curies":[{"name":"wp","href":"https:\/\/api.w.org\/{rel}","templated":true}]}}