{"id":8401,"date":"2019-09-06T11:31:22","date_gmt":"2019-09-06T09:31:22","guid":{"rendered":"http:\/\/lo6.szczecin.pl\/?p=8401"},"modified":"2019-09-06T13:01:01","modified_gmt":"2019-09-06T11:01:01","slug":"kiermasz-podrecznikow-dla-klas-po-gimnazjum","status":"publish","type":"post","link":"https:\/\/lo6.szczecin.pl\/index.php\/2019\/09\/06\/kiermasz-podrecznikow-dla-klas-po-gimnazjum\/","title":{"rendered":"Kiermasz podr\u0119cznik\u00f3w dla klas po gimnazjum"},"content":{"rendered":"<p style=\"text-align: center; padding-left: 40px;\">UWAGA!<br \/>\nW PONIEDZIA\u0141EK 09 WRZE\u015aNIA 2019 R. ORGANIZUJEMY SPRZEDA\u017b KSI\u0104\u017bEK.<br \/>\nWSZYSCY UCZNIOWIE STARSZYCH KLAS, KT\u00d3RZY CHCIELIBY SPRZEDA\u0106 SWOJE PODR\u0118CZNIKI UCZNIOM KLAS M\u0141ODSZYCH, MOG\u0104 TO ZROBI\u0106 W GODZINACH 9.00-11.30, NA KORYTARZU PRZY DY\u017bURCE.<\/p>\n<p style=\"text-align: center; padding-left: 40px;\">ISTOTNA UWAGA! KSI\u0104\u017bKI PO KLASIE PIERWSZEJ MOG\u0104 NABY\u0106 TYLKO UCZNIOWIE KLAS PIERWSZYCH PO GIMNAZJUM!<\/p>\n","protected":false},"excerpt":{"rendered":"<p>UWAGA! W PONIEDZIA\u0141EK 09 WRZE\u015aNIA 2019 R. ORGANIZUJEMY SPRZEDA\u017b KSI\u0104\u017bEK. WSZYSCY UCZNIOWIE STARSZYCH KLAS, KT\u00d3RZY CHCIELIBY SPRZEDA\u0106 SWOJE PODR\u0118CZNIKI UCZNIOM KLAS M\u0141ODSZYCH, MOG\u0104 TO ZROBI\u0106 W GODZINACH 9.00-11.30, NA KORYTARZU PRZY DY\u017bURCE. ISTOTNA UWAGA! KSI\u0104\u017bKI PO KLASIE PIERWSZEJ MOG\u0104 NABY\u0106 TYLKO UCZNIOWIE KLAS PIERWSZYCH PO GIMNAZJUM!<\/p>\n","protected":false},"author":4,"featured_media":8063,"comment_status":"closed","ping_status":"closed","sticky":false,"template":"","format":"standard","meta":{"_acf_changed":false,"_s2mail":"","footnotes":""},"categories":[1],"tags":[],"class_list":["post-8401","post","type-post","status-publish","format-standard","has-post-thumbnail","hentry","category-bez-kategorii"],"acf":[],"_links":{"self":[{"href":"https:\/\/lo6.szczecin.pl\/index.php\/wp-json\/wp\/v2\/posts\/8401","targetHints":{"allow":["GET"]}}],"collection":[{"href":"https:\/\/lo6.szczecin.pl\/index.php\/wp-json\/wp\/v2\/posts"}],"about":[{"href":"https:\/\/lo6.szczecin.pl\/index.php\/wp-json\/wp\/v2\/types\/post"}],"author":[{"embeddable":true,"href":"https:\/\/lo6.szczecin.pl\/index.php\/wp-json\/wp\/v2\/users\/4"}],"replies":[{"embeddable":true,"href":"https:\/\/lo6.szczecin.pl\/index.php\/wp-json\/wp\/v2\/comments?post=8401"}],"version-history":[{"count":3,"href":"https:\/\/lo6.szczecin.pl\/index.php\/wp-json\/wp\/v2\/posts\/8401\/revisions"}],"predecessor-version":[{"id":8408,"href":"https:\/\/lo6.szczecin.pl\/index.php\/wp-json\/wp\/v2\/posts\/8401\/revisions\/8408"}],"wp:featuredmedia":[{"embeddable":true,"href":"https:\/\/lo6.szczecin.pl\/index.php\/wp-json\/wp\/v2\/media\/8063"}],"wp:attachment":[{"href":"https:\/\/lo6.szczecin.pl\/index.php\/wp-json\/wp\/v2\/media?parent=8401"}],"wp:term":[{"taxonomy":"category","embeddable":true,"href":"https:\/\/lo6.szczecin.pl\/index.php\/wp-json\/wp\/v2\/categories?post=8401"},{"taxonomy":"post_tag","embeddable":true,"href":"https:\/\/lo6.szczecin.pl\/index.php\/wp-json\/wp\/v2\/tags?post=8401"}],"curies":[{"name":"wp","href":"https:\/\/api.w.org\/{rel}","templated":true}]}}