{"id":8361,"date":"2019-08-21T13:06:02","date_gmt":"2019-08-21T11:06:02","guid":{"rendered":"http:\/\/lo6.szczecin.pl\/?p=8361"},"modified":"2019-08-30T13:27:36","modified_gmt":"2019-08-30T11:27:36","slug":"uroczyste-rozpoczecie-roku-szkolnego-2019-2020","status":"publish","type":"post","link":"https:\/\/lo6.szczecin.pl\/index.php\/2019\/08\/21\/uroczyste-rozpoczecie-roku-szkolnego-2019-2020\/","title":{"rendered":"Uroczyste Rozpocz\u0119cie Roku Szkolnego 2019\/2020"},"content":{"rendered":"<p style=\"padding-left: 40px;\">2 wrze\u015bnia 2019 r.<\/p>\n<p style=\"padding-left: 40px;\"><strong>9:00<\/strong> &#8211; spotkanie uczni\u00f3w klas I z wychowawcami<\/p>\n<table style=\"margin-left: 40px;\">\n<tbody style=\"padding-left: 40px;\">\n<tr style=\"padding-left: 40px;\">\n<td style=\"padding-left: 40px;\" width=\"92\"><strong>Klasa<\/strong><\/td>\n<td style=\"padding-left: 40px;\" width=\"350\"><strong>Wychowawca <\/strong>(nauczany przedmiot)<\/td>\n<td style=\"padding-left: 40px;\" width=\"172\"><strong>Miejsce spotkania<\/strong><\/td>\n<\/tr>\n<tr style=\"padding-left: 40px;\">\n<td style=\"padding-left: 40px;\" width=\"92\">1 A<\/td>\n<td style=\"padding-left: 40px;\" width=\"350\">Beata Przybylska-Jankowska (j\u0119z. polski)<\/td>\n<td style=\"padding-left: 40px;\" width=\"172\">sala nr 21, I pi\u0119tro<\/td>\n<\/tr>\n<tr style=\"padding-left: 40px;\">\n<td style=\"padding-left: 40px;\" width=\"92\">1 B1<\/td>\n<td style=\"padding-left: 40px;\" width=\"350\">Agnieszka Andrzejuk (j\u0119z. angielski)<\/td>\n<td style=\"padding-left: 40px;\" width=\"172\">sala nr 24, II pi\u0119tro<\/td>\n<\/tr>\n<tr style=\"padding-left: 40px;\">\n<td style=\"padding-left: 40px;\" width=\"92\">1 B2<\/td>\n<td style=\"padding-left: 40px;\" width=\"350\">Monika \u0141uczak (biologia, Wd\u017bwR)<\/td>\n<td style=\"padding-left: 40px;\" width=\"172\">sala nr 4, parter<\/td>\n<\/tr>\n<tr style=\"padding-left: 40px;\">\n<td style=\"padding-left: 40px;\" width=\"92\">1 C<\/td>\n<td style=\"padding-left: 40px;\" width=\"350\">Jolanta Rosiak (matematyka)<\/td>\n<td style=\"padding-left: 40px;\" width=\"172\">sala nr 6, parter<\/td>\n<\/tr>\n<tr style=\"padding-left: 40px;\">\n<td style=\"padding-left: 40px;\" width=\"92\">1 G_A<\/td>\n<td style=\"padding-left: 40px;\" width=\"350\">Agnieszka \u017begli\u0144ska (historia, wos)<\/td>\n<td style=\"padding-left: 40px;\" width=\"172\">sala nr 7, parter<\/td>\n<\/tr>\n<tr style=\"padding-left: 40px;\">\n<td style=\"padding-left: 40px;\" width=\"92\">1 G_B1<\/td>\n<td style=\"padding-left: 40px;\" width=\"350\">Anna Kokot (j\u0119z. angielski)<\/td>\n<td style=\"padding-left: 40px;\" width=\"172\">sala nr 23, II pi\u0119tro<\/td>\n<\/tr>\n<tr style=\"padding-left: 40px;\">\n<td style=\"padding-left: 40px;\" width=\"92\">1 G_B2<\/td>\n<td style=\"padding-left: 40px;\" width=\"350\">Teresa Witkiewicz (j\u0119z. polski, etyka)<\/td>\n<td style=\"padding-left: 40px;\" width=\"172\">sala nr 5, parter<\/td>\n<\/tr>\n<tr style=\"padding-left: 40px;\">\n<td style=\"padding-left: 40px;\" width=\"92\">1 G_C<\/td>\n<td style=\"padding-left: 40px;\" width=\"350\">Barbara Kowalska (matematyka)<\/td>\n<td style=\"padding-left: 40px;\" width=\"172\">sala nr 22, II pi\u0119tro<\/td>\n<\/tr>\n<\/tbody>\n<\/table>\n<p style=\"padding-left: 40px;\"><strong>9:30<\/strong> &#8211; Inauguracja Roku Szkolnego 2019\/2020 (teren przed g\u0142\u00f3wnym wej\u015bciem do budynku szko\u0142y) dla uczni\u00f3w klas I, II, i III<\/p>\n<p style=\"padding-left: 40px;\"><strong>Zebrania z Rodzicami <\/strong>uczni\u00f3w klas I<br \/>\norganizacja roku szkolnego 2019\/2020 i informacje dotycz\u0105ce obozu, (sala gimnastyczna VI LO ul.\u00a0Jagiello\u0144ska 62 i spotkania z\u00a0wychowawcami w budynku szko\u0142y ul. Jagiello\u0144ska 41)<strong><br \/>\ngodzina 17:00 &#8211; Zebrania z Rodzicami uczni\u00f3w po GM<br \/>\ngodzina 18:00 &#8211; Zebrania z Rodzicami uczni\u00f3w po SP<\/strong><\/p>\n<p style=\"padding-left: 40px;\"><span style=\"color: #993300;\"><strong>03.09.2019 r. wtorek<\/strong><\/span><\/p>\n<p style=\"padding-left: 40px;\"><strong>godzina 8:00 &#8211; 13:00 Zaj\u0119cia organizacyjne<\/strong> dla uczni\u00f3w klas I,<br \/>\n(zapoznanie z dokumentacj\u0105 szkoln\u0105 VI Liceum Og\u00f3lnokszta\u0142c\u0105cego oraz regulaminem wyjazdu, dostarczenie pisemnej zgody na wycieczk\u0119; lekcje w\u00a0bibliotece; spotkanie z p. piel\u0119gniark\u0105 i pedagogiem szko\u0142y; zaj\u0119cia z\u00a0wychowawc\u0105, nauka hymnu szko\u0142y),<\/p>\n<p style=\"padding-left: 40px;\"><span style=\"color: #993300;\"><strong>04.09.2019 r. \u015broda\u00a0\u00a0\u00a0\u00a0\u00a0\u00a0\u00a0\u00a0\u00a0\u00a0\u00a0\u00a0<\/strong> <\/span><\/p>\n<p style=\"padding-left: 40px;\"><strong>Wyjazd integracyjny<\/strong> do\u00a0o\u015brodka wypoczynkowego <em>Wrzos<\/em> w \u0141uk\u0119cinie. Szacunkowy koszt obozu 320 z\u0142 (szczeg\u00f3\u0142owe rozliczenie koszt\u00f3w po powrocie z obozu). Wyjazd integracyjny jest obowi\u0105zkowy.<\/p>\n<p style=\"padding-left: 40px;\"><strong>godzina 6:45 &#8211; zbi\u00f3rka uczni\u00f3w klas I po GM<br \/>\ngodzina 7:30 &#8211; zbi\u00f3rka uczni\u00f3w klas I po SP<br \/>\n<\/strong>Czas trwania wyjazdu integracyjnego: 04-06.09.2019 r.<\/p>\n<p style=\"padding-left: 40px;\"><span style=\"color: #993300;\"><strong>06.09.2019 r. pi\u0105tek\u00a0<\/strong><\/span><\/p>\n<p style=\"padding-left: 40px;\"><strong>godzina 15:00 wyjazd z \u0141uk\u0119cina<\/strong> i powr\u00f3t do Szczecina<\/p>\n","protected":false},"excerpt":{"rendered":"<p>2 wrze\u015bnia 2019 r. 9:00 &#8211; spotkanie uczni\u00f3w klas I z wychowawcami Klasa Wychowawca (nauczany przedmiot) Miejsce spotkania 1 A Beata Przybylska-Jankowska (j\u0119z. polski) sala nr 21, I pi\u0119tro 1 B1 Agnieszka Andrzejuk (j\u0119z. angielski) sala nr 24, II pi\u0119tro 1 B2 Monika \u0141uczak (biologia, Wd\u017bwR) sala nr 4, parter 1 C Jolanta Rosiak (matematyka)&#8230;<\/p>\n","protected":false},"author":3,"featured_media":6817,"comment_status":"closed","ping_status":"closed","sticky":false,"template":"","format":"gallery","meta":{"_acf_changed":false,"_s2mail":"","footnotes":""},"categories":[1],"tags":[],"class_list":["post-8361","post","type-post","status-publish","format-gallery","has-post-thumbnail","hentry","category-bez-kategorii","post_format-post-format-gallery"],"acf":[],"_links":{"self":[{"href":"https:\/\/lo6.szczecin.pl\/index.php\/wp-json\/wp\/v2\/posts\/8361","targetHints":{"allow":["GET"]}}],"collection":[{"href":"https:\/\/lo6.szczecin.pl\/index.php\/wp-json\/wp\/v2\/posts"}],"about":[{"href":"https:\/\/lo6.szczecin.pl\/index.php\/wp-json\/wp\/v2\/types\/post"}],"author":[{"embeddable":true,"href":"https:\/\/lo6.szczecin.pl\/index.php\/wp-json\/wp\/v2\/users\/3"}],"replies":[{"embeddable":true,"href":"https:\/\/lo6.szczecin.pl\/index.php\/wp-json\/wp\/v2\/comments?post=8361"}],"version-history":[{"count":8,"href":"https:\/\/lo6.szczecin.pl\/index.php\/wp-json\/wp\/v2\/posts\/8361\/revisions"}],"predecessor-version":[{"id":8391,"href":"https:\/\/lo6.szczecin.pl\/index.php\/wp-json\/wp\/v2\/posts\/8361\/revisions\/8391"}],"wp:featuredmedia":[{"embeddable":true,"href":"https:\/\/lo6.szczecin.pl\/index.php\/wp-json\/wp\/v2\/media\/6817"}],"wp:attachment":[{"href":"https:\/\/lo6.szczecin.pl\/index.php\/wp-json\/wp\/v2\/media?parent=8361"}],"wp:term":[{"taxonomy":"category","embeddable":true,"href":"https:\/\/lo6.szczecin.pl\/index.php\/wp-json\/wp\/v2\/categories?post=8361"},{"taxonomy":"post_tag","embeddable":true,"href":"https:\/\/lo6.szczecin.pl\/index.php\/wp-json\/wp\/v2\/tags?post=8361"}],"curies":[{"name":"wp","href":"https:\/\/api.w.org\/{rel}","templated":true}]}}