{"id":8302,"date":"2019-07-05T09:00:33","date_gmt":"2019-07-05T07:00:33","guid":{"rendered":"http:\/\/lo6.szczecin.pl\/?p=8302"},"modified":"2019-07-05T11:48:23","modified_gmt":"2019-07-05T09:48:23","slug":"egzaminy-poprawkowe-2019","status":"publish","type":"post","link":"https:\/\/lo6.szczecin.pl\/index.php\/2019\/07\/05\/egzaminy-poprawkowe-2019\/","title":{"rendered":"Egzaminy poprawkowe 2019"},"content":{"rendered":"<p style=\"padding-left: 40px;\">W dniu 28.08.2019 r. odb\u0119d\u0105 si\u0119 egzaminy poprawkowe z matematyki, j\u0119zyka polskiego, j\u0119zyka angielskiego i biologii.\u00a0 Cz\u0119\u015b\u0107 pisemna egzaminu rozpocznie si\u0119 o godzinie 8:30, a cz\u0119\u015b\u0107 ustna o godzinie 10:30.<\/p>\n<p style=\"padding-left: 40px;\">We wtorek przed egzaminami poprawkowymi tj. 27.08.2019 r. w godzinach 9:00 &#8211; 11:00 odb\u0119d\u0105 si\u0119 konsultacje przedegzaminacyjne.<\/p>\n<p style=\"padding-left: 40px;\">\n<p style=\"padding-left: 40px;\">\n<p style=\"padding-left: 40px;\">HARMONOGRAM EGZAMINU MATURALNEGO W TERMINIE POPRAWKOWYM<\/p>\n<p style=\"padding-left: 40px;\">*dla zdaj\u0105cych (absolwent\u00f3w wszystkich typ\u00f3w szk\u00f3\u0142), kt\u00f3rzy przyst\u0105pili do egzaminu maturalnego ze wszystkich przedmiot\u00f3w obowi\u0105zkowych i nie zdali egzaminu tylko z jednego przedmiotu w cz\u0119\u015bci ustnej albo w cz\u0119\u015bci pisemnej:<\/p>\n<p style=\"padding-left: 40px;\">1. Cz\u0119\u015b\u0107 pisemna &#8211; 20 sierpnia 2019r.(wtorek), godz. 9:00<\/p>\n","protected":false},"excerpt":{"rendered":"<p>W dniu 28.08.2019 r. odb\u0119d\u0105 si\u0119 egzaminy poprawkowe z matematyki, j\u0119zyka polskiego, j\u0119zyka angielskiego i biologii.\u00a0 Cz\u0119\u015b\u0107 pisemna egzaminu rozpocznie si\u0119 o godzinie 8:30, a cz\u0119\u015b\u0107 ustna o godzinie 10:30. We wtorek przed egzaminami poprawkowymi tj. 27.08.2019 r. w godzinach 9:00 &#8211; 11:00 odb\u0119d\u0105 si\u0119 konsultacje przedegzaminacyjne. HARMONOGRAM EGZAMINU MATURALNEGO W TERMINIE POPRAWKOWYM *dla zdaj\u0105cych&#8230;<\/p>\n","protected":false},"author":3,"featured_media":0,"comment_status":"closed","ping_status":"closed","sticky":false,"template":"","format":"standard","meta":{"_acf_changed":false,"_s2mail":"","footnotes":""},"categories":[1],"tags":[],"class_list":["post-8302","post","type-post","status-publish","format-standard","hentry","category-bez-kategorii"],"acf":[],"_links":{"self":[{"href":"https:\/\/lo6.szczecin.pl\/index.php\/wp-json\/wp\/v2\/posts\/8302","targetHints":{"allow":["GET"]}}],"collection":[{"href":"https:\/\/lo6.szczecin.pl\/index.php\/wp-json\/wp\/v2\/posts"}],"about":[{"href":"https:\/\/lo6.szczecin.pl\/index.php\/wp-json\/wp\/v2\/types\/post"}],"author":[{"embeddable":true,"href":"https:\/\/lo6.szczecin.pl\/index.php\/wp-json\/wp\/v2\/users\/3"}],"replies":[{"embeddable":true,"href":"https:\/\/lo6.szczecin.pl\/index.php\/wp-json\/wp\/v2\/comments?post=8302"}],"version-history":[{"count":2,"href":"https:\/\/lo6.szczecin.pl\/index.php\/wp-json\/wp\/v2\/posts\/8302\/revisions"}],"predecessor-version":[{"id":8304,"href":"https:\/\/lo6.szczecin.pl\/index.php\/wp-json\/wp\/v2\/posts\/8302\/revisions\/8304"}],"wp:attachment":[{"href":"https:\/\/lo6.szczecin.pl\/index.php\/wp-json\/wp\/v2\/media?parent=8302"}],"wp:term":[{"taxonomy":"category","embeddable":true,"href":"https:\/\/lo6.szczecin.pl\/index.php\/wp-json\/wp\/v2\/categories?post=8302"},{"taxonomy":"post_tag","embeddable":true,"href":"https:\/\/lo6.szczecin.pl\/index.php\/wp-json\/wp\/v2\/tags?post=8302"}],"curies":[{"name":"wp","href":"https:\/\/api.w.org\/{rel}","templated":true}]}}