{"id":8292,"date":"2019-06-28T12:19:31","date_gmt":"2019-06-28T10:19:31","guid":{"rendered":"http:\/\/lo6.szczecin.pl\/?p=8292"},"modified":"2019-06-28T12:23:28","modified_gmt":"2019-06-28T10:23:28","slug":"swiadectwa-dojrzalosci-2","status":"publish","type":"post","link":"https:\/\/lo6.szczecin.pl\/index.php\/2019\/06\/28\/swiadectwa-dojrzalosci-2\/","title":{"rendered":"\u015awiadectwa dojrza\u0142o\u015bci"},"content":{"rendered":"<p>W czwartek 04.07.2019 r. o godzinie 12:00 zapraszamy tegorocznych absolwent\u00f3w VI LO\u00a0 do odbioru swoich \u015awiadectw dojrza\u0142o\u015bci, podczas spotka\u0144 z wychowawcami. Absolwenci poprawiaj\u0105cy wynik egzaminu z lat ubieg\u0142ych, mog\u0119 odebra\u0107 w\u0142a\u015bciwe dokumenty w sekretariacie szko\u0142y.<\/p>\n","protected":false},"excerpt":{"rendered":"<p>W czwartek 04.07.2019 r. o godzinie 12:00 zapraszamy tegorocznych absolwent\u00f3w VI LO\u00a0 do odbioru swoich \u015awiadectw dojrza\u0142o\u015bci, podczas spotka\u0144 z wychowawcami. Absolwenci poprawiaj\u0105cy wynik egzaminu z lat ubieg\u0142ych, mog\u0119 odebra\u0107 w\u0142a\u015bciwe dokumenty w sekretariacie szko\u0142y.<\/p>\n","protected":false},"author":3,"featured_media":6770,"comment_status":"closed","ping_status":"closed","sticky":false,"template":"","format":"standard","meta":{"_acf_changed":false,"_s2mail":"","footnotes":""},"categories":[1],"tags":[],"class_list":["post-8292","post","type-post","status-publish","format-standard","has-post-thumbnail","hentry","category-bez-kategorii"],"acf":[],"_links":{"self":[{"href":"https:\/\/lo6.szczecin.pl\/index.php\/wp-json\/wp\/v2\/posts\/8292","targetHints":{"allow":["GET"]}}],"collection":[{"href":"https:\/\/lo6.szczecin.pl\/index.php\/wp-json\/wp\/v2\/posts"}],"about":[{"href":"https:\/\/lo6.szczecin.pl\/index.php\/wp-json\/wp\/v2\/types\/post"}],"author":[{"embeddable":true,"href":"https:\/\/lo6.szczecin.pl\/index.php\/wp-json\/wp\/v2\/users\/3"}],"replies":[{"embeddable":true,"href":"https:\/\/lo6.szczecin.pl\/index.php\/wp-json\/wp\/v2\/comments?post=8292"}],"version-history":[{"count":5,"href":"https:\/\/lo6.szczecin.pl\/index.php\/wp-json\/wp\/v2\/posts\/8292\/revisions"}],"predecessor-version":[{"id":8297,"href":"https:\/\/lo6.szczecin.pl\/index.php\/wp-json\/wp\/v2\/posts\/8292\/revisions\/8297"}],"wp:featuredmedia":[{"embeddable":true,"href":"https:\/\/lo6.szczecin.pl\/index.php\/wp-json\/wp\/v2\/media\/6770"}],"wp:attachment":[{"href":"https:\/\/lo6.szczecin.pl\/index.php\/wp-json\/wp\/v2\/media?parent=8292"}],"wp:term":[{"taxonomy":"category","embeddable":true,"href":"https:\/\/lo6.szczecin.pl\/index.php\/wp-json\/wp\/v2\/categories?post=8292"},{"taxonomy":"post_tag","embeddable":true,"href":"https:\/\/lo6.szczecin.pl\/index.php\/wp-json\/wp\/v2\/tags?post=8292"}],"curies":[{"name":"wp","href":"https:\/\/api.w.org\/{rel}","templated":true}]}}