{"id":8273,"date":"2019-06-18T13:50:17","date_gmt":"2019-06-18T11:50:17","guid":{"rendered":"http:\/\/lo6.szczecin.pl\/?p=8273"},"modified":"2019-06-19T14:52:00","modified_gmt":"2019-06-19T12:52:00","slug":"stypendium-prezydenta-miasta-szczecin","status":"publish","type":"post","link":"https:\/\/lo6.szczecin.pl\/index.php\/2019\/06\/18\/stypendium-prezydenta-miasta-szczecin\/","title":{"rendered":"Stypendium Prezydenta Miasta Szczecin"},"content":{"rendered":"<p style=\"padding-left: 40px;\">Dnia 18 czerwca 2019 r. w auli I LO w Szczecinie odby\u0142a si\u0119 uroczysto\u015b\u0107 wr\u0119czenia Stypendium Prezydenta Miasta Szczecin.<\/p>\n<p style=\"padding-left: 40px;\">Stypendium otrzymali uczniowie:<\/p>\n<p style=\"padding-left: 40px;\">Izabela Mazur, klasa 2a<\/p>\n<p style=\"padding-left: 40px;\">Natalia Raczykowska, klasa 2a<\/p>\n<p style=\"padding-left: 40px;\">Micha\u0142 Lachowicz, klasa 2c<\/p>\n<p style=\"padding-left: 40px;\">Aleksandra Dr\u0105\u017ckowska, klasa 3c<\/p>\n<p style=\"padding-left: 40px;\">Magdalena Kogut, klasa 3c<\/p>\n<p style=\"padding-left: 40px;\">\n<p style=\"padding-left: 40px;\">Gratulujemy i \u017cyczymy dalszych sukces\u00f3w!<\/p>\n<p>&nbsp;<\/p>\n","protected":false},"excerpt":{"rendered":"<p>Dnia 18 czerwca 2019 r. w auli I LO w Szczecinie odby\u0142a si\u0119 uroczysto\u015b\u0107 wr\u0119czenia Stypendium Prezydenta Miasta Szczecin. Stypendium otrzymali uczniowie: Izabela Mazur, klasa 2a Natalia Raczykowska, klasa 2a Micha\u0142 Lachowicz, klasa 2c Aleksandra Dr\u0105\u017ckowska, klasa 3c Magdalena Kogut, klasa 3c Gratulujemy i \u017cyczymy dalszych sukces\u00f3w! &nbsp;<\/p>\n","protected":false},"author":3,"featured_media":8284,"comment_status":"closed","ping_status":"closed","sticky":false,"template":"","format":"gallery","meta":{"_acf_changed":false,"_s2mail":"","footnotes":""},"categories":[1],"tags":[],"class_list":["post-8273","post","type-post","status-publish","format-gallery","has-post-thumbnail","hentry","category-bez-kategorii","post_format-post-format-gallery"],"acf":[],"_links":{"self":[{"href":"https:\/\/lo6.szczecin.pl\/index.php\/wp-json\/wp\/v2\/posts\/8273","targetHints":{"allow":["GET"]}}],"collection":[{"href":"https:\/\/lo6.szczecin.pl\/index.php\/wp-json\/wp\/v2\/posts"}],"about":[{"href":"https:\/\/lo6.szczecin.pl\/index.php\/wp-json\/wp\/v2\/types\/post"}],"author":[{"embeddable":true,"href":"https:\/\/lo6.szczecin.pl\/index.php\/wp-json\/wp\/v2\/users\/3"}],"replies":[{"embeddable":true,"href":"https:\/\/lo6.szczecin.pl\/index.php\/wp-json\/wp\/v2\/comments?post=8273"}],"version-history":[{"count":3,"href":"https:\/\/lo6.szczecin.pl\/index.php\/wp-json\/wp\/v2\/posts\/8273\/revisions"}],"predecessor-version":[{"id":8286,"href":"https:\/\/lo6.szczecin.pl\/index.php\/wp-json\/wp\/v2\/posts\/8273\/revisions\/8286"}],"wp:featuredmedia":[{"embeddable":true,"href":"https:\/\/lo6.szczecin.pl\/index.php\/wp-json\/wp\/v2\/media\/8284"}],"wp:attachment":[{"href":"https:\/\/lo6.szczecin.pl\/index.php\/wp-json\/wp\/v2\/media?parent=8273"}],"wp:term":[{"taxonomy":"category","embeddable":true,"href":"https:\/\/lo6.szczecin.pl\/index.php\/wp-json\/wp\/v2\/categories?post=8273"},{"taxonomy":"post_tag","embeddable":true,"href":"https:\/\/lo6.szczecin.pl\/index.php\/wp-json\/wp\/v2\/tags?post=8273"}],"curies":[{"name":"wp","href":"https:\/\/api.w.org\/{rel}","templated":true}]}}