{"id":8242,"date":"2019-06-18T12:18:33","date_gmt":"2019-06-18T10:18:33","guid":{"rendered":"http:\/\/lo6.szczecin.pl\/?p=8242"},"modified":"2019-06-18T12:29:29","modified_gmt":"2019-06-18T10:29:29","slug":"list-zachodniopomorskiego-kuratora-oswiaty-z-okazji-zakonczenia-roku-szkolnego","status":"publish","type":"post","link":"https:\/\/lo6.szczecin.pl\/index.php\/2019\/06\/18\/list-zachodniopomorskiego-kuratora-oswiaty-z-okazji-zakonczenia-roku-szkolnego\/","title":{"rendered":"List Zachodniopomorskiego Kuratora O\u015bwiaty z okazji zako\u0144czenia roku szkolnego"},"content":{"rendered":"<div id=\"page\" class=\"hfeed site\">\n<div id=\"content\" class=\"site-content\">\n<div class=\"inner-padding group\">\n<p>&nbsp;<\/p>\n<div class=\"section-wrapper\">\n<article class=\"post-24317 post type-post status-publish format-standard has-post-thumbnail hentry category-aktualnosci\">\n<div class=\"post-hover group\">\n<div class=\"entry\">\n<div class=\"entry-inner\">\n<p style=\"padding-left: 40px;\"><em><strong>Szanowni Pa\u0144stwo<br \/>\nDyrektorzy, Nauczyciele<\/strong><\/em><br \/>\n<em><strong>i pracownicy szk\u00f3\u0142 i plac\u00f3wek o\u015bwiatowych wojew\u00f3dztwa zachodniopomorskiego,<\/strong><\/em><br \/>\n<em><strong>Drodzy Uczniowie!<\/strong><\/em><span id=\"more-24317\"><\/span><\/p>\n<p style=\"padding-left: 40px;\">Z okazji zako\u0144czenia roku szkolnego 2018\/2019\u00a0 pragn\u0119 serdecznie podzi\u0119kowa\u0107 Pa\u0144stwu Dyrektorom, Nauczycielom i innym pracownikom o\u015bwiaty za trud i zaanga\u017cowanie w realizacj\u0119 dzia\u0142a\u0144 edukacyjnych oraz wsparcie rozwoju dzieci i m\u0142odzie\u017cy. \u017bycz\u0119 Pa\u0144stwu, by nadchodz\u0105cy czas urlop\u00f3w by\u0142 czasem spokoju i odpoczynku.<\/p>\n<p style=\"padding-left: 40px;\">Dzi\u0119kuj\u0119 tak\u017ce rodzicom za dobr\u0105 wsp\u00f3\u0142prac\u0119 ze szko\u0142\u0105 i wsp\u00f3\u0142tworzenie jej modelu, kt\u00f3ry pozwala sprosta\u0107 wyzwaniom dzisiejszych czas\u00f3w. Jestem przekonana, \u017ce szkolne osi\u0105gni\u0119cia Pa\u0144stwa dzieci stanowi\u0107 b\u0119d\u0105 pow\u00f3d do dumy i zadowolenia, a trud wychowawczy zaowocuje ich pomy\u015bln\u0105 przysz\u0142o\u015bci\u0105.<\/p>\n<p style=\"padding-left: 40px;\">Uczniom gratuluj\u0119 wszystkich indywidualnych sukces\u00f3w. \u017bycz\u0119 Wam, by szko\u0142a nie kojarzy\u0142a si\u0119 jedynie z obowi\u0105zkami, ale by\u0142a r\u00f3wnie\u017c miejscem daj\u0105cym poczucie bezpiecze\u0144stwa, realizacji Waszych zainteresowa\u0144 i pasji, do kt\u00f3rego ch\u0119tnie wr\u00f3cicie po zas\u0142u\u017conych wakacjach. Niech czas wypoczynku b\u0119dzie dla Was okresem obfitym w pozytywne wra\u017cenia, nowe przyja\u017anie i przyniesie wiele pi\u0119knych wspomnie\u0144. Odpoczywaj\u0105c, b\u0105d\u017acie\u00a0 odpowiedzialno\u015bci i\u00a0zachowajcie ostro\u017cno\u015b\u0107. Zawsze pami\u0119tajcie o bezpiecze\u0144stwie swoim i innych.<\/p>\n<p style=\"padding-left: 40px;\">Wszystkim Pa\u0144stwu \u017cycz\u0119 s\u0142onecznych wakacji i wspania\u0142ego wypoczynku, aby\u015bmy we\u00a0wrze\u015bniu wr\u00f3cili \u00a0do szk\u00f3\u0142 pe\u0142ni nowej energii i si\u0142 do podj\u0119cia nowych wyzwa\u0144 edukacyjnych.<\/p>\n<p style=\"padding-left: 40px;\">Zach\u0119cam r\u00f3wnie\u017c do zapoznania si\u0119 z pakietem informacyjnym dotycz\u0105cym bezpiecznego wypoczynku, kt\u00f3ry dost\u0119pny jest na naszej stronie internetowej w zak\u0142adce <a href=\"http:\/\/www.kuratorium.szczecin.pl\/rodzice-i-uczniowie\/wypoczynek\/wypoczynek-letni-2019-pakiet-informacyjny\/\"><strong>Rodzice i uczniowie -&gt; Wypoczynek.<\/strong><\/a><\/p>\n<p style=\"padding-left: 40px;\"><em><strong>Z pozdrowieniami i wyrazami szacunku<br \/>\nZachodniopomorski Kurator O\u015bwiaty<\/strong><\/em><br \/>\n<em><strong>Magdalena Zar\u0119bska-Kulesza<\/strong><\/em><\/p>\n<\/div>\n<\/div>\n<\/div>\n<\/article>\n<\/div>\n<p>&nbsp;<\/p>\n<\/div>\n<\/div>\n<\/div>\n","protected":false},"excerpt":{"rendered":"<p>&nbsp; Szanowni Pa\u0144stwo Dyrektorzy, Nauczyciele i pracownicy szk\u00f3\u0142 i plac\u00f3wek o\u015bwiatowych wojew\u00f3dztwa zachodniopomorskiego, Drodzy Uczniowie! Z okazji zako\u0144czenia roku szkolnego 2018\/2019\u00a0 pragn\u0119 serdecznie podzi\u0119kowa\u0107 Pa\u0144stwu Dyrektorom, Nauczycielom i innym pracownikom o\u015bwiaty za trud i zaanga\u017cowanie w realizacj\u0119 dzia\u0142a\u0144 edukacyjnych oraz wsparcie rozwoju dzieci i m\u0142odzie\u017cy. \u017bycz\u0119 Pa\u0144stwu, by nadchodz\u0105cy czas urlop\u00f3w by\u0142 czasem spokoju i&#8230;<\/p>\n","protected":false},"author":3,"featured_media":8243,"comment_status":"closed","ping_status":"closed","sticky":false,"template":"","format":"gallery","meta":{"_acf_changed":false,"_s2mail":"","footnotes":""},"categories":[1],"tags":[],"class_list":["post-8242","post","type-post","status-publish","format-gallery","has-post-thumbnail","hentry","category-bez-kategorii","post_format-post-format-gallery"],"acf":[],"_links":{"self":[{"href":"https:\/\/lo6.szczecin.pl\/index.php\/wp-json\/wp\/v2\/posts\/8242","targetHints":{"allow":["GET"]}}],"collection":[{"href":"https:\/\/lo6.szczecin.pl\/index.php\/wp-json\/wp\/v2\/posts"}],"about":[{"href":"https:\/\/lo6.szczecin.pl\/index.php\/wp-json\/wp\/v2\/types\/post"}],"author":[{"embeddable":true,"href":"https:\/\/lo6.szczecin.pl\/index.php\/wp-json\/wp\/v2\/users\/3"}],"replies":[{"embeddable":true,"href":"https:\/\/lo6.szczecin.pl\/index.php\/wp-json\/wp\/v2\/comments?post=8242"}],"version-history":[{"count":3,"href":"https:\/\/lo6.szczecin.pl\/index.php\/wp-json\/wp\/v2\/posts\/8242\/revisions"}],"predecessor-version":[{"id":8247,"href":"https:\/\/lo6.szczecin.pl\/index.php\/wp-json\/wp\/v2\/posts\/8242\/revisions\/8247"}],"wp:featuredmedia":[{"embeddable":true,"href":"https:\/\/lo6.szczecin.pl\/index.php\/wp-json\/wp\/v2\/media\/8243"}],"wp:attachment":[{"href":"https:\/\/lo6.szczecin.pl\/index.php\/wp-json\/wp\/v2\/media?parent=8242"}],"wp:term":[{"taxonomy":"category","embeddable":true,"href":"https:\/\/lo6.szczecin.pl\/index.php\/wp-json\/wp\/v2\/categories?post=8242"},{"taxonomy":"post_tag","embeddable":true,"href":"https:\/\/lo6.szczecin.pl\/index.php\/wp-json\/wp\/v2\/tags?post=8242"}],"curies":[{"name":"wp","href":"https:\/\/api.w.org\/{rel}","templated":true}]}}