{"id":8128,"date":"2019-06-11T14:03:01","date_gmt":"2019-06-11T12:03:01","guid":{"rendered":"http:\/\/lo6.szczecin.pl\/?p=8128"},"modified":"2019-06-18T12:32:00","modified_gmt":"2019-06-18T10:32:00","slug":"absolwentka-vi-lo-nominowana-do-nagrody-kobieta-roku-2019","status":"publish","type":"post","link":"https:\/\/lo6.szczecin.pl\/index.php\/2019\/06\/11\/absolwentka-vi-lo-nominowana-do-nagrody-kobieta-roku-2019\/","title":{"rendered":"Absolwentka VI LO nominowana do nagrody Kobieta Roku 2019"},"content":{"rendered":"<p class=\"title\" style=\"padding-left: 40px;\">Sonia Pa\u0142\u0119ga , 26 lat<\/p>\n<p class=\"catchword\" style=\"padding-left: 40px;\"><em>Biznes i kreatywno\u015b\u0107 id\u0105 w parze. To one pozwalaj\u0105 mi spe\u0142nia\u0107 filmowe marzenia.<\/em><\/p>\n<div class=\"description\" style=\"padding-left: 40px;\">\n<p style=\"padding-left: 40px;\">Absolwentka \u0141\u00f3dzkiej Szko\u0142y Filmowej od pocz\u0105tku studi\u00f3w wykazuje talent nie tylko w dziedzinach re\u017cyserii i produkcji filmowej ? tym zawodowo z powodzeniem zajmuje si\u0119 od 4 lat. Opanowa\u0142a r\u00f3wnie\u017c sztuk\u0119 marketingu audiowizualnego, co ju\u017c podczas studi\u00f3w pozwala\u0142o jej samodzielnie si\u0119 utrzymywa\u0107 (w\u0142a\u015bnie zdobywa stopie\u0144 MBA). W portfolio ma m.in. stworzenie teledysk\u00f3w do utwor\u00f3w zespo\u0142u Xxanaxx. Jej film dyplomowy <em>C\u00f3ry wody<\/em> premier\u0119 mia\u0142 na Festiwalu Filmowym w Cannes (w sekcji Short Film Corner). Robi wszystko, by otworzy\u0107 w swojej bran\u017cy drzwi innym kobietom, udowodni\u0107, \u017ce kobieta mo\u017ce \u015bwietnie wyre\u017cyserowa\u0107 rockowy teledysk i reklam\u0119 samochodu, czy&#8230; trailer ksi\u0105\u017cki. Obecnie pracuje nad stworzeniem filmu dokumentalnego o kobietach ? Polkach, kt\u00f3re w historii naszego kraju zapisa\u0142y niejedn\u0105, istotn\u0105 kart\u0119. Jest cz\u0142onkiem zarz\u0105du firmy mediowej, w kt\u00f3rej stosunek p\u0142ci wynosi 50\/50. Pierwsza jest gotowa do dzia\u0142ania, gdy tylko pojawia si\u0119 wyzwanie.<\/p>\n<p style=\"padding-left: 40px;\">Trzymamy kciuki i g\u0142osujemy na Soni\u0119 pod linkiem: <a href=\"https:\/\/www.cosmopolitan.pl\/msk\/laureatki\/19?fbclid=IwAR2Ikjpsy0TF8827WGFqr1vGQVzp3oVPaXahaxM4TKcQ-wFATfxOtXc5YCQ#videoMSK\" target=\"_blank\" rel=\"noopener nofollow noreferrer\" data-ft=\"{&quot;tn&quot;:&quot;-U&quot;}\" data-lynx-mode=\"async\" data-lynx-uri=\"https:\/\/l.facebook.com\/l.php?u=https%3A%2F%2Fwww.cosmopolitan.pl%2Fmsk%2Flaureatki%2F19%3Ffbclid%3DIwAR2Ikjpsy0TF8827WGFqr1vGQVzp3oVPaXahaxM4TKcQ-wFATfxOtXc5YCQ%23videoMSK&amp;h=AT2N2KXkRDs9GF_CG-qDmtnnEAHv5-D_ONnIn2dZTMgsHNg-Tw7na0_g-guxHJ-io7cDI-CjnF12OuML74kxjYq4xx67rRygpUwwZCsO5Q6Ah58jXvQQLiPfokKmIq8miTo2PxLdWxFnVxW_RJP4fDF8azd8WAOGv0OoBR8yobiFKxrfDbd7e4qc3IVANrO3ZwqBQrqq7SGTu2fkESDQRts6yYH4SFVFGQzDPh5VVtUORM2hXFSe1e_D7-9Ey6GelcrCO5bNUpSTlajap_4CKs-924IP1Df-0tYZVvk0D0qCtoUbCXVe9GPe-6Mj6g-L4kE-IN3ydXL3GY73sHOf4g9mn6Wk0sFb7jV_j9-ySZ3S3sW_NMLUaXt3d5Dv-mLzf7L7csVLNFNJBc6civiTUWm64RPMfdxymSnIqUlnowImONpIuCogLRdpQcTrI29i1t2Rxqset1P9tHlndgiFOhTaByvP-32d-9kJ7Xd3YryQ0H6j8Klx_3hQQG-tIQ9RJLKR3mBNnE731qLQff-xhd5KQ-mw9GTm-N47jPhuKTHxrUahvXfj1t__Io4l3mfWKwescEXNEcT5o1XE_eS_itZEHlAKu_CiZocRyiWCUDdSl4_Gb2klUX2yWUpZgz5juE5x\">https:\/\/www.cosmopolitan.pl\/msk\/laureatki\/19#videoMSK<\/a><\/p>\n<\/div>\n","protected":false},"excerpt":{"rendered":"<p>Sonia Pa\u0142\u0119ga , 26 lat Biznes i kreatywno\u015b\u0107 id\u0105 w parze. To one pozwalaj\u0105 mi spe\u0142nia\u0107 filmowe marzenia. Absolwentka \u0141\u00f3dzkiej Szko\u0142y Filmowej od pocz\u0105tku studi\u00f3w wykazuje talent nie tylko w dziedzinach re\u017cyserii i produkcji filmowej ? tym zawodowo z powodzeniem zajmuje si\u0119 od 4 lat. Opanowa\u0142a r\u00f3wnie\u017c sztuk\u0119 marketingu audiowizualnego, co ju\u017c podczas studi\u00f3w pozwala\u0142o&#8230;<\/p>\n","protected":false},"author":3,"featured_media":8129,"comment_status":"closed","ping_status":"closed","sticky":false,"template":"","format":"gallery","meta":{"_acf_changed":false,"_s2mail":"","footnotes":""},"categories":[1],"tags":[],"class_list":["post-8128","post","type-post","status-publish","format-gallery","has-post-thumbnail","hentry","category-bez-kategorii","post_format-post-format-gallery"],"acf":[],"_links":{"self":[{"href":"https:\/\/lo6.szczecin.pl\/index.php\/wp-json\/wp\/v2\/posts\/8128","targetHints":{"allow":["GET"]}}],"collection":[{"href":"https:\/\/lo6.szczecin.pl\/index.php\/wp-json\/wp\/v2\/posts"}],"about":[{"href":"https:\/\/lo6.szczecin.pl\/index.php\/wp-json\/wp\/v2\/types\/post"}],"author":[{"embeddable":true,"href":"https:\/\/lo6.szczecin.pl\/index.php\/wp-json\/wp\/v2\/users\/3"}],"replies":[{"embeddable":true,"href":"https:\/\/lo6.szczecin.pl\/index.php\/wp-json\/wp\/v2\/comments?post=8128"}],"version-history":[{"count":4,"href":"https:\/\/lo6.szczecin.pl\/index.php\/wp-json\/wp\/v2\/posts\/8128\/revisions"}],"predecessor-version":[{"id":8249,"href":"https:\/\/lo6.szczecin.pl\/index.php\/wp-json\/wp\/v2\/posts\/8128\/revisions\/8249"}],"wp:featuredmedia":[{"embeddable":true,"href":"https:\/\/lo6.szczecin.pl\/index.php\/wp-json\/wp\/v2\/media\/8129"}],"wp:attachment":[{"href":"https:\/\/lo6.szczecin.pl\/index.php\/wp-json\/wp\/v2\/media?parent=8128"}],"wp:term":[{"taxonomy":"category","embeddable":true,"href":"https:\/\/lo6.szczecin.pl\/index.php\/wp-json\/wp\/v2\/categories?post=8128"},{"taxonomy":"post_tag","embeddable":true,"href":"https:\/\/lo6.szczecin.pl\/index.php\/wp-json\/wp\/v2\/tags?post=8128"}],"curies":[{"name":"wp","href":"https:\/\/api.w.org\/{rel}","templated":true}]}}