{"id":8062,"date":"2019-05-22T15:06:14","date_gmt":"2019-05-22T13:06:14","guid":{"rendered":"http:\/\/lo6.szczecin.pl\/?p=8062"},"modified":"2019-05-22T15:06:14","modified_gmt":"2019-05-22T13:06:14","slug":"kiermasz-podrecznikow-2","status":"publish","type":"post","link":"https:\/\/lo6.szczecin.pl\/index.php\/2019\/05\/22\/kiermasz-podrecznikow-2\/","title":{"rendered":"Kiermasz podr\u0119cznik\u00f3w"},"content":{"rendered":"<p>14 czerwca 2019 r. w godz. 8:00 &#8211; 10:00, odb\u0119dzie si\u0119 kiermasz podr\u0119cznik\u00f3w. Wszystkich uczni\u00f3w zapraszamy do udzia\u0142u w kiermaszu.<\/p>\n","protected":false},"excerpt":{"rendered":"<p>14 czerwca 2019 r. w godz. 8:00 &#8211; 10:00, odb\u0119dzie si\u0119 kiermasz podr\u0119cznik\u00f3w. Wszystkich uczni\u00f3w zapraszamy do udzia\u0142u w kiermaszu.<\/p>\n","protected":false},"author":3,"featured_media":8063,"comment_status":"closed","ping_status":"closed","sticky":false,"template":"","format":"gallery","meta":{"_acf_changed":false,"_s2mail":"","footnotes":""},"categories":[360,358,359],"tags":[],"class_list":["post-8062","post","type-post","status-publish","format-gallery","has-post-thumbnail","hentry","category-dla-kandydatow","category-dla-rodzicow","category-dla-uczniow","post_format-post-format-gallery"],"acf":[],"_links":{"self":[{"href":"https:\/\/lo6.szczecin.pl\/index.php\/wp-json\/wp\/v2\/posts\/8062","targetHints":{"allow":["GET"]}}],"collection":[{"href":"https:\/\/lo6.szczecin.pl\/index.php\/wp-json\/wp\/v2\/posts"}],"about":[{"href":"https:\/\/lo6.szczecin.pl\/index.php\/wp-json\/wp\/v2\/types\/post"}],"author":[{"embeddable":true,"href":"https:\/\/lo6.szczecin.pl\/index.php\/wp-json\/wp\/v2\/users\/3"}],"replies":[{"embeddable":true,"href":"https:\/\/lo6.szczecin.pl\/index.php\/wp-json\/wp\/v2\/comments?post=8062"}],"version-history":[{"count":2,"href":"https:\/\/lo6.szczecin.pl\/index.php\/wp-json\/wp\/v2\/posts\/8062\/revisions"}],"predecessor-version":[{"id":8065,"href":"https:\/\/lo6.szczecin.pl\/index.php\/wp-json\/wp\/v2\/posts\/8062\/revisions\/8065"}],"wp:featuredmedia":[{"embeddable":true,"href":"https:\/\/lo6.szczecin.pl\/index.php\/wp-json\/wp\/v2\/media\/8063"}],"wp:attachment":[{"href":"https:\/\/lo6.szczecin.pl\/index.php\/wp-json\/wp\/v2\/media?parent=8062"}],"wp:term":[{"taxonomy":"category","embeddable":true,"href":"https:\/\/lo6.szczecin.pl\/index.php\/wp-json\/wp\/v2\/categories?post=8062"},{"taxonomy":"post_tag","embeddable":true,"href":"https:\/\/lo6.szczecin.pl\/index.php\/wp-json\/wp\/v2\/tags?post=8062"}],"curies":[{"name":"wp","href":"https:\/\/api.w.org\/{rel}","templated":true}]}}