{"id":8051,"date":"2019-04-23T13:37:53","date_gmt":"2019-04-23T11:37:53","guid":{"rendered":"http:\/\/lo6.szczecin.pl\/?p=8051"},"modified":"2019-05-15T13:43:02","modified_gmt":"2019-05-15T11:43:02","slug":"polsko-niemiecka-wymiana-mlodziezy-4","status":"publish","type":"post","link":"https:\/\/lo6.szczecin.pl\/index.php\/2019\/04\/23\/polsko-niemiecka-wymiana-mlodziezy-4\/","title":{"rendered":"Polsko-niemiecka wymiana m\u0142odzie\u017cy"},"content":{"rendered":"<p>W marcu po raz kolejny go\u015bcili\u015bmy w szkole partnerskiej <em>Widukind-Gymnasium Enger <\/em>w \u00a0Nadrenii P\u00f3\u0142nocnej-Westfalii.<\/p>\n<p>Gospodarze starali si\u0119 zapewni\u0107 nam atrakcyjny program pobytu. Udzia\u0142 w zaj\u0119ciach lekcyjnych da\u0142 nam mo\u017cliwo\u015b\u0107 por\u00f3wnania organizacji \u017cycia szkolnego w obu krajach. Wsp\u00f3lnie z niemieckimi kolegami pracowali\u015bmy nad projektem <em>Enger und seine Umgebung<\/em>.<\/p>\n<p>Odwiedzilili\u015bmy dwa miasta: Bremen oraz Bielefeld, gdzie byli\u015bmy z wizyt\u0105 w\u00a0 fabryce firmy <em>Dr. Oetker<\/em>.<\/p>\n<p>Artyku\u0142y na temat naszego projektu zosta\u0142y opublikowane w gazetach <em>Neue Westf\u00e4lische<\/em> i <em>Westfalen-Blatt.<\/em><\/p>\n<p>Cieszymy si\u0119 na rewizyt\u0119 go\u015bci z Niemiec, kt\u00f3r\u0105 zaplanowali\u015bmy na wrzesie\u0144 2019 r.<\/p>\n<p>Nasz pobyt w Enger w przewa\u017caj\u0105cej cz\u0119\u015bci zosta\u0142 sfinansowany przez <em>Stowarzyszenie Gmin<\/em> <em>Polskich Euroregionu Pomerania<\/em> ze \u015brodk\u00f3w <em>Polsko-Niemieckiej Wsp\u00f3\u0142pracy M\u0142odzie\u017cy<\/em>.<\/p>\n","protected":false},"excerpt":{"rendered":"<p>W marcu po raz kolejny go\u015bcili\u015bmy w szkole partnerskiej Widukind-Gymnasium Enger w \u00a0Nadrenii P\u00f3\u0142nocnej-Westfalii. Gospodarze starali si\u0119 zapewni\u0107 nam atrakcyjny program pobytu. Udzia\u0142 w zaj\u0119ciach lekcyjnych da\u0142 nam mo\u017cliwo\u015b\u0107 por\u00f3wnania organizacji \u017cycia szkolnego w obu krajach. Wsp\u00f3lnie z niemieckimi kolegami pracowali\u015bmy nad projektem Enger und seine Umgebung. Odwiedzilili\u015bmy dwa miasta: Bremen oraz Bielefeld, gdzie byli\u015bmy&#8230;<\/p>\n","protected":false},"author":3,"featured_media":8052,"comment_status":"closed","ping_status":"closed","sticky":false,"template":"","format":"gallery","meta":{"_acf_changed":false,"_s2mail":"","footnotes":""},"categories":[360,358,359,365],"tags":[],"class_list":["post-8051","post","type-post","status-publish","format-gallery","has-post-thumbnail","hentry","category-dla-kandydatow","category-dla-rodzicow","category-dla-uczniow","category-galeria","post_format-post-format-gallery"],"acf":[],"_links":{"self":[{"href":"https:\/\/lo6.szczecin.pl\/index.php\/wp-json\/wp\/v2\/posts\/8051","targetHints":{"allow":["GET"]}}],"collection":[{"href":"https:\/\/lo6.szczecin.pl\/index.php\/wp-json\/wp\/v2\/posts"}],"about":[{"href":"https:\/\/lo6.szczecin.pl\/index.php\/wp-json\/wp\/v2\/types\/post"}],"author":[{"embeddable":true,"href":"https:\/\/lo6.szczecin.pl\/index.php\/wp-json\/wp\/v2\/users\/3"}],"replies":[{"embeddable":true,"href":"https:\/\/lo6.szczecin.pl\/index.php\/wp-json\/wp\/v2\/comments?post=8051"}],"version-history":[{"count":2,"href":"https:\/\/lo6.szczecin.pl\/index.php\/wp-json\/wp\/v2\/posts\/8051\/revisions"}],"predecessor-version":[{"id":8060,"href":"https:\/\/lo6.szczecin.pl\/index.php\/wp-json\/wp\/v2\/posts\/8051\/revisions\/8060"}],"wp:featuredmedia":[{"embeddable":true,"href":"https:\/\/lo6.szczecin.pl\/index.php\/wp-json\/wp\/v2\/media\/8052"}],"wp:attachment":[{"href":"https:\/\/lo6.szczecin.pl\/index.php\/wp-json\/wp\/v2\/media?parent=8051"}],"wp:term":[{"taxonomy":"category","embeddable":true,"href":"https:\/\/lo6.szczecin.pl\/index.php\/wp-json\/wp\/v2\/categories?post=8051"},{"taxonomy":"post_tag","embeddable":true,"href":"https:\/\/lo6.szczecin.pl\/index.php\/wp-json\/wp\/v2\/tags?post=8051"}],"curies":[{"name":"wp","href":"https:\/\/api.w.org\/{rel}","templated":true}]}}