{"id":8035,"date":"2019-05-14T11:45:58","date_gmt":"2019-05-14T09:45:58","guid":{"rendered":"http:\/\/lo6.szczecin.pl\/?p=8035"},"modified":"2019-05-14T11:57:59","modified_gmt":"2019-05-14T09:57:59","slug":"rekrutacja-209-2020","status":"publish","type":"post","link":"https:\/\/lo6.szczecin.pl\/index.php\/2019\/05\/14\/rekrutacja-209-2020\/","title":{"rendered":"Rekrutacja 2019\/2020"},"content":{"rendered":"<div class=\"entry-meta\" style=\"padding-left: 40px;\"><strong>Szanowni Rodzice, Drodzy Uczniowie Szk\u00f3\u0142 Podstawowych i Gimnazjalnych<\/strong><\/div>\n<div style=\"padding-left: 40px;\"><\/div>\n<div class=\"entry-meta\" style=\"padding-left: 40px;\"><span class=\"posted-on\"><time class=\"entry-date published\" datetime=\"2019-05-09T23:17:20+02:00\">9 maja 2019<\/time><time class=\"updated\" datetime=\"2019-05-09T23:17:21+02:00\"> ruszy\u0142a rekrutacja do klas I publicznych szk\u00f3\u0142 ponadpodstawowych.<\/time><\/span><\/div>\n<p style=\"padding-left: 40px;\"><!-- .entry-meta --> <!-- .entry-header --><\/p>\n<div class=\"entry-content\" style=\"padding-left: 40px;\">\n<p style=\"padding-left: 40px;\">Rekrutacja przeprowadzona zostanie odr\u0119bnie dla:<br \/>\n&#8211; absolwent\u00f3w 8-letnich szk\u00f3\u0142 podstawowych oraz<br \/>\n&#8211; absolwent\u00f3w 3-letnich gimnazj\u00f3w.<\/p>\n<p style=\"padding-left: 40px;\">Ka\u017cdy ucze\u0144 b\u0119dzie mia\u0142 prawo wyboru nie wi\u0119cej ni\u017c 3 szk\u00f3\u0142 oraz dowolnej liczby oddzia\u0142\u00f3w w obr\u0119bie tych szk\u00f3\u0142!<\/p>\n<p style=\"padding-left: 40px;\"><strong>Zach\u0119camy wszystkich kandydat\u00f3w do szk\u00f3\u0142 ponadpodstawowych do zapoznania si\u0119 z ofert\u0105 szk\u00f3\u0142 dost\u0119pn\u0105 w wersji elektronicznej na stronie <\/strong><a href=\"https:\/\/nabor.pcss.pl\/?fbclid=IwAR3-spV1uTpmLYg1vSwtgZ4N4NfS1kX0mytDLebN3DnMPXpZF4Jf-ypXe9s\" target=\"_blank\" rel=\"noreferrer noopener\"><strong>https:\/\/nabor.pcss.pl\/<\/strong><\/a><\/p>\n<p style=\"padding-left: 40px;\">Na tej stronie internetowej, opr\u00f3cz oferty szk\u00f3\u0142, zamieszczane b\u0119d\u0105 aktualne informacje na temat rekrutacji.<\/p>\n<p style=\"padding-left: 40px;\"><strong>Przy pomocy serwisu internetowego mo\u017cna:<\/strong><br \/>\n&#8211; wype\u0142ni\u0107 wniosek o przyj\u0119cie do szko\u0142y,<br \/>\n&#8211; zapozna\u0107 si\u0119 z kryteriami i zasadami punktacji,<br \/>\n&#8211; mie\u0107 sta\u0142y dost\u0119p do poradnik\u00f3w,<br \/>\n&#8211; monitorowa\u0107 zainteresowanie innych kandydat\u00f3w poszczeg\u00f3lnymi oddzia\u0142ami.<\/p>\n<p style=\"padding-left: 40px;\">W przypadku w\u0105tpliwo\u015bci dotycz\u0105cych rekrutacji dodatkowe informacje mo\u017cna uzyska\u0107 w szko\u0142ach ponadpodstawowych \/ponadgimnazjalnych oraz w Wydziale O\u015bwiaty Urz\u0119du Miasta Szczecin, tel., 91 424 54 36, 91 424 51 69, e-mail wos@um.szczecin.pl.<\/p>\n<\/div>\n","protected":false},"excerpt":{"rendered":"<p>Szanowni Rodzice, Drodzy Uczniowie Szk\u00f3\u0142 Podstawowych i Gimnazjalnych 9 maja 2019 ruszy\u0142a rekrutacja do klas I publicznych szk\u00f3\u0142 ponadpodstawowych. Rekrutacja przeprowadzona zostanie odr\u0119bnie dla: &#8211; absolwent\u00f3w 8-letnich szk\u00f3\u0142 podstawowych oraz &#8211; absolwent\u00f3w 3-letnich gimnazj\u00f3w. Ka\u017cdy ucze\u0144 b\u0119dzie mia\u0142 prawo wyboru nie wi\u0119cej ni\u017c 3 szk\u00f3\u0142 oraz dowolnej liczby oddzia\u0142\u00f3w w obr\u0119bie tych szk\u00f3\u0142! Zach\u0119camy wszystkich&#8230;<\/p>\n","protected":false},"author":3,"featured_media":8045,"comment_status":"closed","ping_status":"closed","sticky":false,"template":"","format":"standard","meta":{"_acf_changed":false,"_s2mail":"","footnotes":""},"categories":[1],"tags":[],"class_list":["post-8035","post","type-post","status-publish","format-standard","has-post-thumbnail","hentry","category-bez-kategorii"],"acf":[],"_links":{"self":[{"href":"https:\/\/lo6.szczecin.pl\/index.php\/wp-json\/wp\/v2\/posts\/8035","targetHints":{"allow":["GET"]}}],"collection":[{"href":"https:\/\/lo6.szczecin.pl\/index.php\/wp-json\/wp\/v2\/posts"}],"about":[{"href":"https:\/\/lo6.szczecin.pl\/index.php\/wp-json\/wp\/v2\/types\/post"}],"author":[{"embeddable":true,"href":"https:\/\/lo6.szczecin.pl\/index.php\/wp-json\/wp\/v2\/users\/3"}],"replies":[{"embeddable":true,"href":"https:\/\/lo6.szczecin.pl\/index.php\/wp-json\/wp\/v2\/comments?post=8035"}],"version-history":[{"count":6,"href":"https:\/\/lo6.szczecin.pl\/index.php\/wp-json\/wp\/v2\/posts\/8035\/revisions"}],"predecessor-version":[{"id":8046,"href":"https:\/\/lo6.szczecin.pl\/index.php\/wp-json\/wp\/v2\/posts\/8035\/revisions\/8046"}],"wp:featuredmedia":[{"embeddable":true,"href":"https:\/\/lo6.szczecin.pl\/index.php\/wp-json\/wp\/v2\/media\/8045"}],"wp:attachment":[{"href":"https:\/\/lo6.szczecin.pl\/index.php\/wp-json\/wp\/v2\/media?parent=8035"}],"wp:term":[{"taxonomy":"category","embeddable":true,"href":"https:\/\/lo6.szczecin.pl\/index.php\/wp-json\/wp\/v2\/categories?post=8035"},{"taxonomy":"post_tag","embeddable":true,"href":"https:\/\/lo6.szczecin.pl\/index.php\/wp-json\/wp\/v2\/tags?post=8035"}],"curies":[{"name":"wp","href":"https:\/\/api.w.org\/{rel}","templated":true}]}}