{"id":7979,"date":"2019-05-08T11:30:04","date_gmt":"2019-05-08T09:30:04","guid":{"rendered":"http:\/\/lo6.szczecin.pl\/?p=7979"},"modified":"2019-05-08T11:44:05","modified_gmt":"2019-05-08T09:44:05","slug":"7979","status":"publish","type":"post","link":"https:\/\/lo6.szczecin.pl\/index.php\/2019\/05\/08\/7979\/","title":{"rendered":"Matura 2019 J\u0119z. angielski"},"content":{"rendered":"<p style=\"padding-left: 40px;\">To ju\u017c trzeci dzie\u0144 matur. W \u015brod\u0119 o godzinie 9 rozpocz\u0105\u0142 si\u0119 egzamin z j\u0119zyka angielskiego na poziomie podstawowym. Egzamin pisemny na poziomie podstawowym z wybranego j\u0119zyka obcego nowo\u017cytnego jest jednym z obowi\u0105zkowych na maturze. Od lat j\u0119zyk angielski jest najcz\u0119\u015bciej wybieranym j\u0119zykiem obcym. Po po\u0142udniu cz\u0119\u015b\u0107 abiturient\u00f3w przyst\u0105pi tak\u017ce do pisemnego egzaminu z tego j\u0119zyka na poziomie rozszerzonym. Trzymamy kciuki!<\/p>\n","protected":false},"excerpt":{"rendered":"<p>To ju\u017c trzeci dzie\u0144 matur. W \u015brod\u0119 o godzinie 9 rozpocz\u0105\u0142 si\u0119 egzamin z j\u0119zyka angielskiego na poziomie podstawowym. Egzamin pisemny na poziomie podstawowym z wybranego j\u0119zyka obcego nowo\u017cytnego jest jednym z obowi\u0105zkowych na maturze. Od lat j\u0119zyk angielski jest najcz\u0119\u015bciej wybieranym j\u0119zykiem obcym. Po po\u0142udniu cz\u0119\u015b\u0107 abiturient\u00f3w przyst\u0105pi tak\u017ce do pisemnego egzaminu z tego&#8230;<\/p>\n","protected":false},"author":3,"featured_media":7983,"comment_status":"closed","ping_status":"closed","sticky":false,"template":"","format":"gallery","meta":{"_acf_changed":false,"_s2mail":"","footnotes":""},"categories":[360,358,359,365],"tags":[],"class_list":["post-7979","post","type-post","status-publish","format-gallery","has-post-thumbnail","hentry","category-dla-kandydatow","category-dla-rodzicow","category-dla-uczniow","category-galeria","post_format-post-format-gallery"],"acf":[],"_links":{"self":[{"href":"https:\/\/lo6.szczecin.pl\/index.php\/wp-json\/wp\/v2\/posts\/7979","targetHints":{"allow":["GET"]}}],"collection":[{"href":"https:\/\/lo6.szczecin.pl\/index.php\/wp-json\/wp\/v2\/posts"}],"about":[{"href":"https:\/\/lo6.szczecin.pl\/index.php\/wp-json\/wp\/v2\/types\/post"}],"author":[{"embeddable":true,"href":"https:\/\/lo6.szczecin.pl\/index.php\/wp-json\/wp\/v2\/users\/3"}],"replies":[{"embeddable":true,"href":"https:\/\/lo6.szczecin.pl\/index.php\/wp-json\/wp\/v2\/comments?post=7979"}],"version-history":[{"count":4,"href":"https:\/\/lo6.szczecin.pl\/index.php\/wp-json\/wp\/v2\/posts\/7979\/revisions"}],"predecessor-version":[{"id":7998,"href":"https:\/\/lo6.szczecin.pl\/index.php\/wp-json\/wp\/v2\/posts\/7979\/revisions\/7998"}],"wp:featuredmedia":[{"embeddable":true,"href":"https:\/\/lo6.szczecin.pl\/index.php\/wp-json\/wp\/v2\/media\/7983"}],"wp:attachment":[{"href":"https:\/\/lo6.szczecin.pl\/index.php\/wp-json\/wp\/v2\/media?parent=7979"}],"wp:term":[{"taxonomy":"category","embeddable":true,"href":"https:\/\/lo6.szczecin.pl\/index.php\/wp-json\/wp\/v2\/categories?post=7979"},{"taxonomy":"post_tag","embeddable":true,"href":"https:\/\/lo6.szczecin.pl\/index.php\/wp-json\/wp\/v2\/tags?post=7979"}],"curies":[{"name":"wp","href":"https:\/\/api.w.org\/{rel}","templated":true}]}}