{"id":7958,"date":"2019-05-07T10:04:05","date_gmt":"2019-05-07T08:04:05","guid":{"rendered":"http:\/\/lo6.szczecin.pl\/?p=7958"},"modified":"2019-05-08T11:31:31","modified_gmt":"2019-05-08T09:31:31","slug":"matura-2019-matematyka-pp","status":"publish","type":"post","link":"https:\/\/lo6.szczecin.pl\/index.php\/2019\/05\/07\/matura-2019-matematyka-pp\/","title":{"rendered":"Matura 2019 Matematyka PP"},"content":{"rendered":"<div style=\"padding-left: 40px;\">\u00a0W dniu dzisiejszym 7 maja br o godzinie 9 abiturienci VI LO przyst\u0105pili do obowi\u0105zkowego dla wszystkich maturzyst\u00f3w pisemnego egzaminu z matematyki na poziomie podstawowym. To drugi dzie\u0144 egzamin\u00f3w dojrza\u0142o\u015bci. \u017byczymy powodzenia.<\/div>\n","protected":false},"excerpt":{"rendered":"<p>\u00a0W dniu dzisiejszym 7 maja br o godzinie 9 abiturienci VI LO przyst\u0105pili do obowi\u0105zkowego dla wszystkich maturzyst\u00f3w pisemnego egzaminu z matematyki na poziomie podstawowym. To drugi dzie\u0144 egzamin\u00f3w dojrza\u0142o\u015bci. \u017byczymy powodzenia.<\/p>\n","protected":false},"author":3,"featured_media":7963,"comment_status":"closed","ping_status":"closed","sticky":false,"template":"","format":"gallery","meta":{"_acf_changed":false,"_s2mail":"","footnotes":""},"categories":[360,358,359,365],"tags":[],"class_list":["post-7958","post","type-post","status-publish","format-gallery","has-post-thumbnail","hentry","category-dla-kandydatow","category-dla-rodzicow","category-dla-uczniow","category-galeria","post_format-post-format-gallery"],"acf":[],"_links":{"self":[{"href":"https:\/\/lo6.szczecin.pl\/index.php\/wp-json\/wp\/v2\/posts\/7958","targetHints":{"allow":["GET"]}}],"collection":[{"href":"https:\/\/lo6.szczecin.pl\/index.php\/wp-json\/wp\/v2\/posts"}],"about":[{"href":"https:\/\/lo6.szczecin.pl\/index.php\/wp-json\/wp\/v2\/types\/post"}],"author":[{"embeddable":true,"href":"https:\/\/lo6.szczecin.pl\/index.php\/wp-json\/wp\/v2\/users\/3"}],"replies":[{"embeddable":true,"href":"https:\/\/lo6.szczecin.pl\/index.php\/wp-json\/wp\/v2\/comments?post=7958"}],"version-history":[{"count":4,"href":"https:\/\/lo6.szczecin.pl\/index.php\/wp-json\/wp\/v2\/posts\/7958\/revisions"}],"predecessor-version":[{"id":7981,"href":"https:\/\/lo6.szczecin.pl\/index.php\/wp-json\/wp\/v2\/posts\/7958\/revisions\/7981"}],"wp:featuredmedia":[{"embeddable":true,"href":"https:\/\/lo6.szczecin.pl\/index.php\/wp-json\/wp\/v2\/media\/7963"}],"wp:attachment":[{"href":"https:\/\/lo6.szczecin.pl\/index.php\/wp-json\/wp\/v2\/media?parent=7958"}],"wp:term":[{"taxonomy":"category","embeddable":true,"href":"https:\/\/lo6.szczecin.pl\/index.php\/wp-json\/wp\/v2\/categories?post=7958"},{"taxonomy":"post_tag","embeddable":true,"href":"https:\/\/lo6.szczecin.pl\/index.php\/wp-json\/wp\/v2\/tags?post=7958"}],"curies":[{"name":"wp","href":"https:\/\/api.w.org\/{rel}","templated":true}]}}